{"id":3541,"date":"2024-06-01T09:43:47","date_gmt":"2024-06-01T14:43:47","guid":{"rendered":"https:\/\/devcofi.wpenginepowered.com\/?p=3541"},"modified":"2025-05-22T13:39:58","modified_gmt":"2025-05-22T18:39:58","slug":"moms-put-children-and-family-first-in-springfield-and-win-big-with-a-statewide-child-tax-credit","status":"publish","type":"post","link":"https:\/\/cofionline.org\/es\/moms-put-children-and-family-first-in-springfield-and-win-big-with-a-statewide-child-tax-credit\/","title":{"rendered":"Las mam\u00e1s dan prioridad a los ni\u00f1os y la familia en Springfield y ganan un cr\u00e9dito tributario por hijos a nivel estatal."},"content":{"rendered":"[et_pb_section fb_built=&#8221;1&#8243; admin_label=&#8221;section&#8221; _builder_version=&#8221;4.16&#8243; global_colors_info=&#8221;{}&#8221;][et_pb_row admin_label=&#8221;row&#8221; _builder_version=&#8221;4.16&#8243; background_size=&#8221;initial&#8221; background_position=&#8221;top_left&#8221; background_repeat=&#8221;repeat&#8221; global_colors_info=&#8221;{}&#8221;][et_pb_column type=&#8221;4_4&#8243; _builder_version=&#8221;4.16&#8243; custom_padding=&#8221;|||&#8221; global_colors_info=&#8221;{}&#8221; custom_padding__hover=&#8221;|||&#8221;][et_pb_text admin_label=&#8221;Text&#8221; _builder_version=&#8221;4.27.4&#8243; background_size=&#8221;initial&#8221; background_position=&#8221;top_left&#8221; background_repeat=&#8221;repeat&#8221; global_colors_info=&#8221;{}&#8221;]<p>COFI and POWER-PAC IL\u2019s annual lobby day, Moms on a Mission, was energizing, productive, and bigger than ever! Nearly 300 moms and their family members traveled to Springfield to advocate for legislation prioritizing children and family rights.<\/p>\n<p><\/p>\n<p>Their hard work paid off! At the end of May, the Illinois Senate and House <a href=\"https:\/\/www.chicagotribune.com\/2024\/05\/29\/in-early-morning-vote-illinois-house-approves-53-1-billion-state-budget-bolstered-by-750-million-in-tax-hikes\/\">passed<\/a> a $53 billion budget. It included many of POWER-PAC IL\u2019s legislative priorities!<\/p>\n<p>&nbsp;<\/p>\n<p><\/p>\n<p><\/p>\n<h2 class=\"wp-block-heading has-medium-font-size\"><strong>A Statewide Child Tax Credit<\/strong><\/h2>\n<p><\/p>\n<p>One of the biggest wins for families was the <a href=\"https:\/\/www.nbcchicago.com\/news\/local\/chicago-politics\/illinois-house-passes-53-1b-with-tax-changes-migrant-funding-and-more\/3449241\/\">creation<\/a> of a statewide child tax credit! Illinois families with the earned income tax credit (EITC) and with a child aged 0-12 could receive up to a $300 credit. This credit includes undocumented families who are ITIN (Individual Taxpayer Identification Number) filers!<\/p>\n<p><\/p>\n<p>This is a massive accomplishment for COFI, POWER-PAC IL, and our Illinois Cost-of-Living Refund Coalition partners! We have worked around the clock for the last three years to get a child tax credit in Illinois. <a href=\"https:\/\/economicsecurity.us\/news\/victory-illinois-legislature\/\">Read more<\/a> about this incredible victory from the Economic Security Project Action.<\/p>\n<p>&nbsp;<\/p>\n<p><\/p>\n<p><\/p>\n<h2 class=\"wp-block-heading has-medium-font-size\"><strong>Early Learning and Intervention<\/strong><\/h2>\n<p><\/p>\n<p>Last year, we fought for the Governor\u2019s Smart Start initiative, which helped expand funding for childcare, Early Intervention services, preschool, home visiting, and other early childhood priorities. This year, we went to Springfield to continue to fight for increases to fully fund these programs, and the Illinois General Assembly\u2019s budget is continuing to fund the Smart Start program!<\/p>\n<p><\/p>\n<p>The day after Moms on a Mission, the House also <a href=\"https:\/\/news.wttw.com\/2024\/05\/09\/bill-creating-new-state-agency-focused-early-childhood-programs-headed-pritzker-s-desk\">passed<\/a> Senate Bill 1! It created a single early childhood department to help make access to early childhood programs easier for families. This was a key priority for parents and coalition partners who went to Springfield for Early Childhood Advocacy Day on April 16.<\/p>\n<p><\/p>\n<p>Additionally, parent leaders were hoping for a $40 million increase in Early Intervention services that would have improved the delivery of services for families on waitlists. COFI and POWER-PAC IL were disappointed that funding was far below what is needed to help the state\u2019s youngest children.<\/p>\n<p>&nbsp;<\/p>\n<p><\/p>\n<p><\/p>\n<h2 class=\"wp-block-heading has-medium-font-size\"><strong>Work Permits for All!<\/strong><\/h2>\n<p><\/p>\n<p>HJR69 was another priority for parent leaders. It called on President Biden to expand work permit eligibility to long-term undocumented immigrants. <a href=\"https:\/\/www.canva.com\/design\/DAGFhCwG_H0\/oTHuG226qlVKjYbE4eGXTQ\/watch?utm_content=DAGFhCwG_H0&amp;utm_campaign=designshare&amp;utm_medium=link&amp;utm_source=editor\">Here is a testimony from Nelly Paredes<\/a> (Aurora Branch), who spoke at a rally supporting work permits for all. Lawmakers passed the resolution, signaling their support to our immigrant families!<\/p>\n<p>&nbsp;<\/p>\n<p><\/p>\n<p><\/p>\n<h2 class=\"wp-block-heading has-medium-font-size\"><strong>Health Coverage<\/strong><\/h2>\n<p><\/p>\n<p>Nearly 68,000 Illinoisans who don\u2019t qualify for federal Medicaid because of their immigration status will continue to have access to healthcare! The Illinois General Assembly approved $629 million for the Health Benefit for Immigrant Adults &amp; Immigrant Seniors program (HBIA\/HBIS). POWER-PAC IL went to Springfield to fight for this much-needed coverage for immigrants who don&#8217;t qualify for federal Medicaid due to their status. This is a significant achievement for families! Next up, parents want the Governor&#8217;s Office and Department of Human and Family Services to remove copays and reopen applications.<\/p>\n<p><\/p>\n<p><\/p>\n<h2 class=\"wp-block-heading has-medium-font-size\"><strong>Police in Schools<\/strong><\/h2>\n<p><\/p>\n<p>We\u2019re excited about one thing that didn\u2019t pass. <a href=\"https:\/\/www.chalkbeat.org\/chicago\/2024\/06\/07\/illinois-lawmakers-spring-education-bills\/\">HB 5008<\/a> would have allowed Chicago Local School Councils to independently contract with the Chicago Police Department to hire school police officers. If passed, it would have undermined parents\u2019 and community-led efforts to advance a Whole School Safety Framework. This approach focuses on the physical, emotional, and relationship safety of everyone in a school building.<\/p>\n<p>&nbsp;<\/p>\n<p><\/p>\n<p><\/p>\n<h2 class=\"wp-block-heading has-medium-font-size\"><strong>School Funding<\/strong><\/h2>\n<p><\/p>\n<p>Additionally, parents wanted <em>more<\/em> funding for K-12 schools through the State\u2019s Evidence-Based Formula. Lawmakers met the legal funding requirement, but school districts are still severely underfunded.<\/p>\n<p><\/p>\n<p>That\u2019s why we can\u2019t stop! We must ensure that Illinois\u2019 children and family programs continue receiving investments and funding to support families. Parent leaders will continue to fight to ensure all Illinois families have resources and access to programs that help their children and families thrive!<\/p>\n<p>&nbsp;<\/p>\n<p><\/p>\n<p><strong>Please enjoy some of our favorite photos from Moms on a Mission!<\/strong><\/p>\n<p><\/p>\n<p><\/p>\n<figure class=\"wp-block-gallery has-nested-images columns-default is-cropped wp-block-gallery-1 is-layout-flex wp-block-gallery-is-layout-flex\"><\/p>\n<figure class=\"wp-block-image size-large\"><img loading=\"lazy\" decoding=\"async\" width=\"800\" height=\"533\" data-id=\"3543\" class=\"wp-image-3543\" src=\"https:\/\/cofionline.org\/wp-content\/uploads\/Lynn-Marisol-Liliana-Chanelle.jpg\" alt=\"Four women stand and smile for a group photo\" srcset=\"https:\/\/cofionline.org\/wp-content\/uploads\/Lynn-Marisol-Liliana-Chanelle.jpg 800w, https:\/\/cofionline.org\/wp-content\/uploads\/Lynn-Marisol-Liliana-Chanelle-600x400.jpg 600w, https:\/\/cofionline.org\/wp-content\/uploads\/Lynn-Marisol-Liliana-Chanelle-18x12.jpg 18w\" sizes=\"(max-width: 800px) 100vw, 800px\" \/><\/figure>\n<p><\/p>\n<p><\/p>\n<figure class=\"wp-block-image size-large\"><img loading=\"lazy\" decoding=\"async\" width=\"900\" height=\"589\" data-id=\"3548\" class=\"wp-image-3548\" src=\"https:\/\/cofionline.org\/wp-content\/uploads\/East-St.-Louis-pic.jpg\" alt=\"A group of about 5 adults and 5 children stand and pose for a group photo\" srcset=\"https:\/\/cofionline.org\/wp-content\/uploads\/East-St.-Louis-pic.jpg 900w, https:\/\/cofionline.org\/wp-content\/uploads\/East-St.-Louis-pic-600x393.jpg 600w, https:\/\/cofionline.org\/wp-content\/uploads\/East-St.-Louis-pic-800x524.jpg 800w, https:\/\/cofionline.org\/wp-content\/uploads\/East-St.-Louis-pic-18x12.jpg 18w\" sizes=\"(max-width: 900px) 100vw, 900px\" \/><\/figure>\n<p><\/p>\n<p><\/p>\n<figure class=\"wp-block-image size-large\"><img loading=\"lazy\" decoding=\"async\" width=\"900\" height=\"675\" data-id=\"3550\" class=\"wp-image-3550\" src=\"https:\/\/cofionline.org\/wp-content\/uploads\/Dede-Lili-Donna-and-Marisol-meet-with-Senate-President.jpg\" alt=\"Four women stand for a picture with Illinois Senate President Don Harmon\" srcset=\"https:\/\/cofionline.org\/wp-content\/uploads\/Dede-Lili-Donna-and-Marisol-meet-with-Senate-President.jpg 900w, https:\/\/cofionline.org\/wp-content\/uploads\/Dede-Lili-Donna-and-Marisol-meet-with-Senate-President-600x450.jpg 600w, https:\/\/cofionline.org\/wp-content\/uploads\/Dede-Lili-Donna-and-Marisol-meet-with-Senate-President-800x600.jpg 800w, https:\/\/cofionline.org\/wp-content\/uploads\/Dede-Lili-Donna-and-Marisol-meet-with-Senate-President-16x12.jpg 16w\" sizes=\"(max-width: 900px) 100vw, 900px\" \/><\/figure>\n<p><\/p>\n<p><\/p>\n<figure class=\"wp-block-image size-large\"><img loading=\"lazy\" decoding=\"async\" width=\"800\" height=\"452\" data-id=\"3545\" class=\"wp-image-3545\" src=\"https:\/\/cofionline.org\/wp-content\/uploads\/IMG_1738.jpg\" alt=\"Three parent leaders lobby and talk to a legislator\" srcset=\"https:\/\/cofionline.org\/wp-content\/uploads\/IMG_1738.jpg 800w, https:\/\/cofionline.org\/wp-content\/uploads\/IMG_1738-600x339.jpg 600w, https:\/\/cofionline.org\/wp-content\/uploads\/IMG_1738-18x10.jpg 18w\" sizes=\"(max-width: 800px) 100vw, 800px\" \/><\/figure>\n<p><\/p>\n<p><\/p>\n<p><\/p>\n<figure class=\"wp-block-image size-large\"><img loading=\"lazy\" decoding=\"async\" width=\"800\" height=\"612\" data-id=\"3547\" class=\"wp-image-3547\" src=\"https:\/\/cofionline.org\/wp-content\/uploads\/IMG_6240.jpg\" alt=\"Four adults pose for a picture with five kids \" srcset=\"https:\/\/cofionline.org\/wp-content\/uploads\/IMG_6240.jpg 800w, https:\/\/cofionline.org\/wp-content\/uploads\/IMG_6240-600x459.jpg 600w, https:\/\/cofionline.org\/wp-content\/uploads\/IMG_6240-16x12.jpg 16w\" sizes=\"(max-width: 800px) 100vw, 800px\" \/><\/figure>\n<p><\/p>\n<p><\/p>\n<figure class=\"wp-block-image size-large\"><img loading=\"lazy\" decoding=\"async\" width=\"800\" height=\"461\" data-id=\"3542\" class=\"wp-image-3542\" src=\"https:\/\/cofionline.org\/wp-content\/uploads\/POWER-PAC-IL-with-Sen.-Javier-Cervantes.jpg\" alt=\"A large group photo of about 17 parent leaders and about 9 children with Javier Cervantes\" srcset=\"https:\/\/cofionline.org\/wp-content\/uploads\/POWER-PAC-IL-with-Sen.-Javier-Cervantes.jpg 800w, https:\/\/cofionline.org\/wp-content\/uploads\/POWER-PAC-IL-with-Sen.-Javier-Cervantes-600x346.jpg 600w, https:\/\/cofionline.org\/wp-content\/uploads\/POWER-PAC-IL-with-Sen.-Javier-Cervantes-18x10.jpg 18w\" sizes=\"(max-width: 800px) 100vw, 800px\" \/><\/figure>\n<p><\/p>\n<p><\/p>\n<figure class=\"wp-block-image size-full\"><img loading=\"lazy\" decoding=\"async\" width=\"900\" height=\"600\" data-id=\"3552\" class=\"wp-image-3552\" src=\"https:\/\/cofionline.org\/wp-content\/uploads\/Ms-Floyd-Group.jpg\" alt=\"A group photo of six adults and three kids\" srcset=\"https:\/\/cofionline.org\/wp-content\/uploads\/Ms-Floyd-Group.jpg 900w, https:\/\/cofionline.org\/wp-content\/uploads\/Ms-Floyd-Group-600x400.jpg 600w, https:\/\/cofionline.org\/wp-content\/uploads\/Ms-Floyd-Group-800x533.jpg 800w, https:\/\/cofionline.org\/wp-content\/uploads\/Ms-Floyd-Group-18x12.jpg 18w\" sizes=\"(max-width: 900px) 100vw, 900px\" \/><\/figure>\n<p><\/p>\n<p><\/p>\n<figure class=\"wp-block-image size-full\"><img loading=\"lazy\" decoding=\"async\" width=\"800\" height=\"533\" data-id=\"3553\" class=\"wp-image-3553\" src=\"https:\/\/cofionline.org\/wp-content\/uploads\/Elgin-Group.jpg\" alt=\"Four adults pose for a group photo\" srcset=\"https:\/\/cofionline.org\/wp-content\/uploads\/Elgin-Group.jpg 800w, https:\/\/cofionline.org\/wp-content\/uploads\/Elgin-Group-600x400.jpg 600w, https:\/\/cofionline.org\/wp-content\/uploads\/Elgin-Group-18x12.jpg 18w\" sizes=\"(max-width: 800px) 100vw, 800px\" \/><\/figure>\n<p><\/p>\n<\/figure>\n<p><\/p>[\/et_pb_text][\/et_pb_column][\/et_pb_row][\/et_pb_section]","protected":false},"excerpt":{"rendered":"<p>COFI and POWER-PAC IL\u2019s annual lobby day, Moms on a Mission, was energizing, productive, and bigger than ever! Nearly 300 moms and their family members traveled to Springfield to advocate for legislation prioritizing children and family rights. Their hard work paid off! At the end of May, the Illinois Senate and House passed a $53 [&hellip;]<\/p>\n","protected":false},"author":17,"featured_media":3565,"comment_status":"closed","ping_status":"closed","sticky":false,"template":"","format":"standard","meta":{"_acf_changed":false,"_et_pb_use_builder":"on","_et_pb_old_content":"<!-- wp:paragraph -->\r\n<p>COFI and POWER-PAC IL\u2019s annual lobby day, Moms on a Mission, was energizing, productive, and bigger than ever! Nearly 300 moms and their family members traveled to Springfield to advocate for legislation prioritizing children and family rights.\u00a0<\/p>\r\n<!-- \/wp:paragraph -->\r\n\r\n<!-- wp:paragraph -->\r\n<p>Their hard work paid off! At the end of May, the Illinois Senate and House <a href=\"https:\/\/www.chicagotribune.com\/2024\/05\/29\/in-early-morning-vote-illinois-house-approves-53-1-billion-state-budget-bolstered-by-750-million-in-tax-hikes\/\">passed<\/a> a $53 billion budget. It included many of POWER-PAC IL\u2019s legislative priorities!<\/p>\r\n<!-- \/wp:paragraph -->\r\n\r\n<!-- wp:heading {\"fontSize\":\"medium\"} -->\r\n<h2 class=\"wp-block-heading has-medium-font-size\"><strong>A Statewide Child Tax Credit<\/strong><\/h2>\r\n<!-- \/wp:heading -->\r\n\r\n<!-- wp:paragraph -->\r\n<p>One of the biggest wins for families was the <a href=\"https:\/\/www.nbcchicago.com\/news\/local\/chicago-politics\/illinois-house-passes-53-1b-with-tax-changes-migrant-funding-and-more\/3449241\/\">creation<\/a> of a statewide child tax credit! Illinois families with the earned income tax credit (EITC) and with a child aged 0-12 could receive up to a $300 credit. This credit includes undocumented families who are ITIN (Individual Taxpayer Identification Number) filers!<\/p>\r\n<!-- \/wp:paragraph -->\r\n\r\n<!-- wp:paragraph -->\r\n<p>This is a massive accomplishment for COFI, POWER-PAC IL, and our Illinois Cost-of-Living Refund Coalition partners! We have worked around the clock for the last three years to get a child tax credit in Illinois. <a href=\"https:\/\/economicsecurity.us\/news\/victory-illinois-legislature\/\">Read more<\/a> about this incredible victory from the Economic Security Project Action.\u00a0<\/p>\r\n<!-- \/wp:paragraph -->\r\n\r\n<!-- wp:heading {\"fontSize\":\"medium\"} -->\r\n<h2 class=\"wp-block-heading has-medium-font-size\"><strong>Early Learning and Intervention<\/strong><\/h2>\r\n<!-- \/wp:heading -->\r\n\r\n<!-- wp:paragraph -->\r\n<p>Last year, we fought for the Governor\u2019s Smart Start initiative, which helped expand funding for childcare, Early Intervention services, preschool, home visiting, and other early childhood priorities. This year, we went to Springfield to continue to fight for increases to fully fund these programs, and the Illinois General Assembly\u2019s budget is continuing to fund the Smart Start program!\u00a0<\/p>\r\n<!-- \/wp:paragraph -->\r\n\r\n<!-- wp:paragraph -->\r\n<p>The day after Moms on a Mission, the House also <a href=\"https:\/\/news.wttw.com\/2024\/05\/09\/bill-creating-new-state-agency-focused-early-childhood-programs-headed-pritzker-s-desk\">passed<\/a> Senate Bill 1! It created a single early childhood department to help make access to early childhood programs easier for families. This was a key priority for parents and coalition partners who went to Springfield for Early Childhood Advocacy Day on April 16.\u00a0<\/p>\r\n<!-- \/wp:paragraph -->\r\n\r\n<!-- wp:paragraph -->\r\n<p>Additionally, parent leaders were hoping for a $40 million increase in Early Intervention services that would have improved the delivery of services for families on waitlists. COFI and POWER-PAC IL were disappointed that funding was far below what is needed to help the state\u2019s youngest children.\u00a0<\/p>\r\n<!-- \/wp:paragraph -->\r\n\r\n<!-- wp:heading {\"fontSize\":\"medium\"} -->\r\n<h2 class=\"wp-block-heading has-medium-font-size\"><strong>Work Permits for All!<\/strong><\/h2>\r\n<!-- \/wp:heading -->\r\n\r\n<!-- wp:paragraph -->\r\n<p>HJR69 was another priority for parent leaders. It called on President Biden to expand work permit eligibility to long-term undocumented immigrants. <a href=\"https:\/\/www.canva.com\/design\/DAGFhCwG_H0\/oTHuG226qlVKjYbE4eGXTQ\/watch?utm_content=DAGFhCwG_H0&utm_campaign=designshare&utm_medium=link&utm_source=editor\">Here is a testimony from Nelly Paredes<\/a> (Aurora Branch), who spoke at a rally supporting work permits for all. Lawmakers passed the resolution, signaling their support to our immigrant families!<\/p>\r\n<!-- \/wp:paragraph -->\r\n\r\n<!-- wp:heading {\"fontSize\":\"medium\"} -->\r\n<h2 class=\"wp-block-heading has-medium-font-size\"><strong>Health Coverage<\/strong><\/h2>\r\n<!-- \/wp:heading -->\r\n\r\n<!-- wp:paragraph -->\r\n<p>Nearly 68,000 Illinoisans who don\u2019t qualify for federal Medicaid because of their immigration status will continue to have access to healthcare! The Illinois General Assembly approved $629 million for the Health Benefit for Immigrant Adults & Immigrant Seniors program (HBIA\/HBIS). POWER-PAC IL went to Springfield to fight for this much-needed coverage for immigrants who don't qualify for federal Medicaid due to their status. This is a significant achievement for families! Next up, parents want the Governor's Office and Department of Human and Family Services to remove copays and reopen applications.<\/p>\r\n<!-- \/wp:paragraph -->\r\n\r\n<!-- wp:heading {\"fontSize\":\"medium\"} -->\r\n<h2 class=\"wp-block-heading has-medium-font-size\"><strong>Police in Schools<\/strong><\/h2>\r\n<!-- \/wp:heading -->\r\n\r\n<!-- wp:paragraph -->\r\n<p>We\u2019re excited about one thing that didn\u2019t pass. <a href=\"https:\/\/www.chalkbeat.org\/chicago\/2024\/06\/07\/illinois-lawmakers-spring-education-bills\/\">HB 5008<\/a> would have allowed Chicago Local School Councils to independently contract with the Chicago Police Department to hire school police officers. If passed, it would have undermined parents\u2019 and community-led efforts to advance a Whole School Safety Framework. This approach focuses on the physical, emotional, and relationship safety of everyone in a school building.<\/p>\r\n<!-- \/wp:paragraph -->\r\n\r\n<!-- wp:heading {\"fontSize\":\"medium\"} -->\r\n<h2 class=\"wp-block-heading has-medium-font-size\"><strong>School Funding<\/strong><\/h2>\r\n<!-- \/wp:heading -->\r\n\r\n<!-- wp:paragraph -->\r\n<p>Additionally, parents wanted <em>more<\/em> funding for K-12 schools through the State\u2019s Evidence-Based Formula. Lawmakers met the legal funding requirement, but school districts are still severely underfunded.<\/p>\r\n<!-- \/wp:paragraph -->\r\n\r\n<!-- wp:paragraph -->\r\n<p>That\u2019s why we can\u2019t stop! We must ensure that Illinois\u2019 children and family programs continue receiving investments and funding to support families. Parent leaders will continue to fight to ensure all Illinois families have resources and access to programs that help their children and families thrive!\u00a0<\/p>\r\n<!-- \/wp:paragraph -->\r\n\r\n<!-- wp:genesis-blocks\/gb-cta {\"buttonText\":\"Donate\",\"buttonBackgroundColor\":\"#990f50\",\"buttonSize\":\"gb-button-size-small\",\"titleFontSize\":28,\"ctaTextColor\":\"#313233\"} -->\r\n<div class=\"wp-block-genesis-blocks-gb-cta gb-block-cta\" style=\"text-align: center;\">\r\n<div class=\"gb-cta-content\">\r\n<h2 class=\"gb-cta-title gb-font-size-28\" style=\"color: #313233;\">Are you interested in fighting for economic, racial, and social justice for Illinois families?<\/h2>\r\n<div class=\"gb-cta-text gb-font-size-32\" style=\"color: #313233;\">\r\n<p>Invest in parents who are winning critical victories for families!<\/p>\r\n<\/div>\r\n<\/div>\r\n<div class=\"gb-cta-button\"><a class=\"gb-button gb-button-shape-rounded gb-button-size-small\" style=\"color: #ffffff; background-color: #990f50;\" href=\"https:\/\/cofionline.org\/what-you-can-do\/donate\/\" target=\"_self\" rel=\"noopener noreferrer\">Donate<\/a><\/div>\r\n<\/div>\r\n<!-- \/wp:genesis-blocks\/gb-cta -->\r\n\r\n<!-- wp:paragraph -->\r\n<p><strong>Please enjoy some of our favorite photos from Moms on a Mission!<\/strong><\/p>\r\n<!-- \/wp:paragraph -->\r\n\r\n<!-- wp:gallery {\"linkTo\":\"none\"} -->\r\n<figure class=\"wp-block-gallery has-nested-images columns-default is-cropped\"><!-- wp:image {\"id\":3543,\"sizeSlug\":\"large\",\"linkDestination\":\"none\"} -->\r\n<figure class=\"wp-block-image size-large\"><img class=\"wp-image-3543\" src=\"https:\/\/cofionline.org\/wp-content\/uploads\/Lynn-Marisol-Liliana-Chanelle.jpg\" alt=\"Four women stand and smile for a group photo\" \/><\/figure>\r\n<!-- \/wp:image -->\r\n\r\n<!-- wp:image {\"id\":3548,\"sizeSlug\":\"large\",\"linkDestination\":\"none\"} -->\r\n<figure class=\"wp-block-image size-large\"><img class=\"wp-image-3548\" src=\"https:\/\/cofionline.org\/wp-content\/uploads\/East-St.-Louis-pic.jpg\" alt=\"A group of about 5 adults and 5 children stand and pose for a group photo\" \/><\/figure>\r\n<!-- \/wp:image -->\r\n\r\n<!-- wp:image {\"id\":3550,\"sizeSlug\":\"large\",\"linkDestination\":\"none\"} -->\r\n<figure class=\"wp-block-image size-large\"><img class=\"wp-image-3550\" src=\"https:\/\/cofionline.org\/wp-content\/uploads\/Dede-Lili-Donna-and-Marisol-meet-with-Senate-President.jpg\" alt=\"Four women stand for a picture with Illinois Senate President Don Harmon\" \/><\/figure>\r\n<!-- \/wp:image -->\r\n\r\n<!-- wp:image {\"id\":3545,\"sizeSlug\":\"large\",\"linkDestination\":\"none\"} -->\r\n<figure class=\"wp-block-image size-large\"><img class=\"wp-image-3545\" src=\"https:\/\/cofionline.org\/wp-content\/uploads\/IMG_1738.jpg\" alt=\"Three parent leaders lobby and talk to a legislator\" \/><\/figure>\r\n<!-- \/wp:image -->\r\n\r\n<!-- wp:image {\"id\":3544,\"sizeSlug\":\"large\",\"linkDestination\":\"none\"} --><!-- \/wp:image -->\r\n\r\n<!-- wp:image {\"id\":3547,\"sizeSlug\":\"large\",\"linkDestination\":\"none\"} -->\r\n<figure class=\"wp-block-image size-large\"><img class=\"wp-image-3547\" src=\"https:\/\/cofionline.org\/wp-content\/uploads\/IMG_6240.jpg\" alt=\"Four adults pose for a picture with five kids \" \/><\/figure>\r\n<!-- \/wp:image -->\r\n\r\n<!-- wp:image {\"id\":3542,\"sizeSlug\":\"large\",\"linkDestination\":\"none\"} -->\r\n<figure class=\"wp-block-image size-large\"><img class=\"wp-image-3542\" src=\"https:\/\/cofionline.org\/wp-content\/uploads\/POWER-PAC-IL-with-Sen.-Javier-Cervantes.jpg\" alt=\"A large group photo of about 17 parent leaders and about 9 children with Javier Cervantes\" \/><\/figure>\r\n<!-- \/wp:image -->\r\n\r\n<!-- wp:image {\"id\":3552,\"sizeSlug\":\"full\",\"linkDestination\":\"none\"} -->\r\n<figure class=\"wp-block-image size-full\"><img class=\"wp-image-3552\" src=\"https:\/\/cofionline.org\/wp-content\/uploads\/Ms-Floyd-Group.jpg\" alt=\"A group photo of six adults and three kids\" \/><\/figure>\r\n<!-- \/wp:image -->\r\n\r\n<!-- wp:image {\"id\":3553,\"sizeSlug\":\"full\",\"linkDestination\":\"none\"} -->\r\n<figure class=\"wp-block-image size-full\"><img class=\"wp-image-3553\" src=\"https:\/\/cofionline.org\/wp-content\/uploads\/Elgin-Group.jpg\" alt=\"Four adults pose for a group photo\" \/><\/figure>\r\n<!-- \/wp:image --><\/figure>\r\n<!-- \/wp:gallery -->","_et_gb_content_width":"","footnotes":""},"categories":[24,27],"tags":[],"class_list":["post-3541","post","type-post","status-publish","format-standard","has-post-thumbnail","hentry","category-moms-on-a-mission","category-power-pac-il"],"acf":[],"yoast_head":"<!-- This site is optimized with the Yoast SEO plugin v27.5 - https:\/\/yoast.com\/product\/yoast-seo-wordpress\/ -->\n<title>Moms Put Children and Family First in Springfield \u2013 And Win a Statewide Child Tax Credit! | COFI<\/title>\n<meta name=\"description\" content=\"This year\u2019s Moms on a Mission (MOMs) brought nearly 300 moms and their family members to Springfield for COFI POWER-PAC IL&#039;s annual lobby day.\" \/>\n<meta name=\"robots\" content=\"index, follow, max-snippet:-1, max-image-preview:large, max-video-preview:-1\" \/>\n<link rel=\"canonical\" href=\"https:\/\/cofionline.org\/es\/moms-put-children-and-family-first-in-springfield-and-win-big-with-a-statewide-child-tax-credit\/\" \/>\n<meta property=\"og:locale\" content=\"es_MX\" \/>\n<meta property=\"og:type\" content=\"article\" \/>\n<meta property=\"og:title\" content=\"Moms Put Children and Family First in Springfield \u2013 And Win a Statewide Child Tax Credit! | COFI\" \/>\n<meta property=\"og:description\" content=\"This year\u2019s Moms on a Mission (MOMs) brought nearly 300 moms and their family members to Springfield for COFI POWER-PAC IL&#039;s annual lobby day.\" \/>\n<meta property=\"og:url\" content=\"https:\/\/cofionline.org\/es\/moms-put-children-and-family-first-in-springfield-and-win-big-with-a-statewide-child-tax-credit\/\" \/>\n<meta property=\"og:site_name\" content=\"COFI\" \/>\n<meta property=\"article:published_time\" content=\"2024-06-01T14:43:47+00:00\" \/>\n<meta property=\"article:modified_time\" content=\"2025-05-22T18:39:58+00:00\" \/>\n<meta property=\"og:image\" content=\"https:\/\/cofionline.org\/wp-content\/uploads\/big-group-3-scaled.jpg\" \/>\n\t<meta property=\"og:image:width\" content=\"2560\" \/>\n\t<meta property=\"og:image:height\" content=\"717\" \/>\n\t<meta property=\"og:image:type\" content=\"image\/jpeg\" \/>\n<meta name=\"author\" content=\"Jacqui Guillen\" \/>\n<meta name=\"twitter:card\" content=\"summary_large_image\" \/>\n<meta name=\"twitter:label1\" content=\"Escrito por\" \/>\n\t<meta name=\"twitter:data1\" content=\"Jacqui Guillen\" \/>\n\t<meta name=\"twitter:label2\" content=\"Tiempo de lectura\" \/>\n\t<meta name=\"twitter:data2\" content=\"5 minutos\" \/>\n<script type=\"application\/ld+json\" class=\"yoast-schema-graph\">{\"@context\":\"https:\\\/\\\/schema.org\",\"@graph\":[{\"@type\":\"Article\",\"@id\":\"https:\\\/\\\/cofionline.org\\\/moms-put-children-and-family-first-in-springfield-and-win-big-with-a-statewide-child-tax-credit\\\/#article\",\"isPartOf\":{\"@id\":\"https:\\\/\\\/cofionline.org\\\/moms-put-children-and-family-first-in-springfield-and-win-big-with-a-statewide-child-tax-credit\\\/\"},\"author\":{\"name\":\"Jacqui Guillen\",\"@id\":\"https:\\\/\\\/cofionline.org\\\/#\\\/schema\\\/person\\\/8489c18c2d8535c80f441301fe2333ca\"},\"headline\":\"Moms Put Children and Family First in Springfield \u2013 And Win a Statewide Child Tax Credit!\",\"datePublished\":\"2024-06-01T14:43:47+00:00\",\"dateModified\":\"2025-05-22T18:39:58+00:00\",\"mainEntityOfPage\":{\"@id\":\"https:\\\/\\\/cofionline.org\\\/moms-put-children-and-family-first-in-springfield-and-win-big-with-a-statewide-child-tax-credit\\\/\"},\"wordCount\":736,\"publisher\":{\"@id\":\"https:\\\/\\\/cofionline.org\\\/#organization\"},\"image\":{\"@id\":\"https:\\\/\\\/cofionline.org\\\/moms-put-children-and-family-first-in-springfield-and-win-big-with-a-statewide-child-tax-credit\\\/#primaryimage\"},\"thumbnailUrl\":\"https:\\\/\\\/cofionline.org\\\/wp-content\\\/uploads\\\/big-group-3-scaled.jpg\",\"articleSection\":[\"Moms on a Mission\",\"POWER-PAC IL\"],\"inLanguage\":\"es\"},{\"@type\":\"WebPage\",\"@id\":\"https:\\\/\\\/cofionline.org\\\/moms-put-children-and-family-first-in-springfield-and-win-big-with-a-statewide-child-tax-credit\\\/\",\"url\":\"https:\\\/\\\/cofionline.org\\\/moms-put-children-and-family-first-in-springfield-and-win-big-with-a-statewide-child-tax-credit\\\/\",\"name\":\"Moms Put Children and Family First in Springfield \u2013 And Win a Statewide Child Tax Credit! | COFI\",\"isPartOf\":{\"@id\":\"https:\\\/\\\/cofionline.org\\\/#website\"},\"primaryImageOfPage\":{\"@id\":\"https:\\\/\\\/cofionline.org\\\/moms-put-children-and-family-first-in-springfield-and-win-big-with-a-statewide-child-tax-credit\\\/#primaryimage\"},\"image\":{\"@id\":\"https:\\\/\\\/cofionline.org\\\/moms-put-children-and-family-first-in-springfield-and-win-big-with-a-statewide-child-tax-credit\\\/#primaryimage\"},\"thumbnailUrl\":\"https:\\\/\\\/cofionline.org\\\/wp-content\\\/uploads\\\/big-group-3-scaled.jpg\",\"datePublished\":\"2024-06-01T14:43:47+00:00\",\"dateModified\":\"2025-05-22T18:39:58+00:00\",\"description\":\"This year\u2019s Moms on a Mission (MOMs) brought nearly 300 moms and their family members to Springfield for COFI POWER-PAC IL's annual lobby day.\",\"breadcrumb\":{\"@id\":\"https:\\\/\\\/cofionline.org\\\/moms-put-children-and-family-first-in-springfield-and-win-big-with-a-statewide-child-tax-credit\\\/#breadcrumb\"},\"inLanguage\":\"es\",\"potentialAction\":[{\"@type\":\"ReadAction\",\"target\":[\"https:\\\/\\\/cofionline.org\\\/moms-put-children-and-family-first-in-springfield-and-win-big-with-a-statewide-child-tax-credit\\\/\"]}]},{\"@type\":\"ImageObject\",\"inLanguage\":\"es\",\"@id\":\"https:\\\/\\\/cofionline.org\\\/moms-put-children-and-family-first-in-springfield-and-win-big-with-a-statewide-child-tax-credit\\\/#primaryimage\",\"url\":\"https:\\\/\\\/cofionline.org\\\/wp-content\\\/uploads\\\/big-group-3-scaled.jpg\",\"contentUrl\":\"https:\\\/\\\/cofionline.org\\\/wp-content\\\/uploads\\\/big-group-3-scaled.jpg\",\"width\":2560,\"height\":717,\"caption\":\"A large group photo of parent leaders and children\"},{\"@type\":\"BreadcrumbList\",\"@id\":\"https:\\\/\\\/cofionline.org\\\/moms-put-children-and-family-first-in-springfield-and-win-big-with-a-statewide-child-tax-credit\\\/#breadcrumb\",\"itemListElement\":[{\"@type\":\"ListItem\",\"position\":1,\"name\":\"Home\",\"item\":\"https:\\\/\\\/cofionline.org\\\/\"},{\"@type\":\"ListItem\",\"position\":2,\"name\":\"Moms Put Children and Family First in Springfield \u2013 And Win a Statewide Child Tax Credit!\"}]},{\"@type\":\"WebSite\",\"@id\":\"https:\\\/\\\/cofionline.org\\\/#website\",\"url\":\"https:\\\/\\\/cofionline.org\\\/\",\"name\":\"COFI | Community Organizing and Family Issues\",\"description\":\"Community Organizing and Family Issues\",\"publisher\":{\"@id\":\"https:\\\/\\\/cofionline.org\\\/#organization\"},\"potentialAction\":[{\"@type\":\"SearchAction\",\"target\":{\"@type\":\"EntryPoint\",\"urlTemplate\":\"https:\\\/\\\/cofionline.org\\\/?s={search_term_string}\"},\"query-input\":{\"@type\":\"PropertyValueSpecification\",\"valueRequired\":true,\"valueName\":\"search_term_string\"}}],\"inLanguage\":\"es\"},{\"@type\":\"Organization\",\"@id\":\"https:\\\/\\\/cofionline.org\\\/#organization\",\"name\":\"COFI | Community Organizing and Family Issues\",\"url\":\"https:\\\/\\\/cofionline.org\\\/\",\"logo\":{\"@type\":\"ImageObject\",\"inLanguage\":\"es\",\"@id\":\"https:\\\/\\\/cofionline.org\\\/#\\\/schema\\\/logo\\\/image\\\/\",\"url\":\"https:\\\/\\\/cofionline.org\\\/wp-content\\\/uploads\\\/2022\\\/12\\\/logo-cofi.png\",\"contentUrl\":\"https:\\\/\\\/cofionline.org\\\/wp-content\\\/uploads\\\/2022\\\/12\\\/logo-cofi.png\",\"width\":518,\"height\":180,\"caption\":\"COFI | Community Organizing and Family Issues\"},\"image\":{\"@id\":\"https:\\\/\\\/cofionline.org\\\/#\\\/schema\\\/logo\\\/image\\\/\"}},{\"@type\":\"Person\",\"@id\":\"https:\\\/\\\/cofionline.org\\\/#\\\/schema\\\/person\\\/8489c18c2d8535c80f441301fe2333ca\",\"name\":\"Jacqui Guillen\",\"image\":{\"@type\":\"ImageObject\",\"inLanguage\":\"es\",\"@id\":\"https:\\\/\\\/secure.gravatar.com\\\/avatar\\\/348fe4dbdc9c61b018997e2ab98c8fbd81039afaab75ea9dc2a9099981d7606e?s=96&d=mm&r=g\",\"url\":\"https:\\\/\\\/secure.gravatar.com\\\/avatar\\\/348fe4dbdc9c61b018997e2ab98c8fbd81039afaab75ea9dc2a9099981d7606e?s=96&d=mm&r=g\",\"contentUrl\":\"https:\\\/\\\/secure.gravatar.com\\\/avatar\\\/348fe4dbdc9c61b018997e2ab98c8fbd81039afaab75ea9dc2a9099981d7606e?s=96&d=mm&r=g\",\"caption\":\"Jacqui Guillen\"}}]}<\/script>\n<!-- \/ Yoast SEO plugin. -->","yoast_head_json":{"title":"Las mam\u00e1s dan prioridad a los ni\u00f1os y a las familias en Springfield, \u00a1y ganan un cr\u00e9dito tributario por hijos a nivel estatal! | COFI","description":"Las Mam\u00e1s en una Misi\u00f3n (MOM) de este a\u00f1o trajeron a casi 300 mam\u00e1s y sus familiares a Springfield para el d\u00eda de lobby anual de COFI POWER-PAC IL.","robots":{"index":"index","follow":"follow","max-snippet":"max-snippet:-1","max-image-preview":"max-image-preview:large","max-video-preview":"max-video-preview:-1"},"canonical":"https:\/\/cofionline.org\/es\/moms-put-children-and-family-first-in-springfield-and-win-big-with-a-statewide-child-tax-credit\/","og_locale":"es_MX","og_type":"article","og_title":"Moms Put Children and Family First in Springfield \u2013 And Win a Statewide Child Tax Credit! | COFI","og_description":"This year\u2019s Moms on a Mission (MOMs) brought nearly 300 moms and their family members to Springfield for COFI POWER-PAC IL's annual lobby day.","og_url":"https:\/\/cofionline.org\/es\/moms-put-children-and-family-first-in-springfield-and-win-big-with-a-statewide-child-tax-credit\/","og_site_name":"COFI","article_published_time":"2024-06-01T14:43:47+00:00","article_modified_time":"2025-05-22T18:39:58+00:00","og_image":[{"width":2560,"height":717,"url":"https:\/\/cofionline.org\/wp-content\/uploads\/big-group-3-scaled.jpg","type":"image\/jpeg"}],"author":"Jacqui Guillen","twitter_card":"summary_large_image","twitter_misc":{"Escrito por":"Jacqui Guillen","Tiempo de lectura":"5 minutos"},"schema":{"@context":"https:\/\/schema.org","@graph":[{"@type":"Article","@id":"https:\/\/cofionline.org\/moms-put-children-and-family-first-in-springfield-and-win-big-with-a-statewide-child-tax-credit\/#article","isPartOf":{"@id":"https:\/\/cofionline.org\/moms-put-children-and-family-first-in-springfield-and-win-big-with-a-statewide-child-tax-credit\/"},"author":{"name":"Jacqui Guillen","@id":"https:\/\/cofionline.org\/#\/schema\/person\/8489c18c2d8535c80f441301fe2333ca"},"headline":"Moms Put Children and Family First in Springfield \u2013 And Win a Statewide Child Tax Credit!","datePublished":"2024-06-01T14:43:47+00:00","dateModified":"2025-05-22T18:39:58+00:00","mainEntityOfPage":{"@id":"https:\/\/cofionline.org\/moms-put-children-and-family-first-in-springfield-and-win-big-with-a-statewide-child-tax-credit\/"},"wordCount":736,"publisher":{"@id":"https:\/\/cofionline.org\/#organization"},"image":{"@id":"https:\/\/cofionline.org\/moms-put-children-and-family-first-in-springfield-and-win-big-with-a-statewide-child-tax-credit\/#primaryimage"},"thumbnailUrl":"https:\/\/cofionline.org\/wp-content\/uploads\/big-group-3-scaled.jpg","articleSection":["Moms on a Mission","POWER-PAC IL"],"inLanguage":"es"},{"@type":"WebPage","@id":"https:\/\/cofionline.org\/moms-put-children-and-family-first-in-springfield-and-win-big-with-a-statewide-child-tax-credit\/","url":"https:\/\/cofionline.org\/moms-put-children-and-family-first-in-springfield-and-win-big-with-a-statewide-child-tax-credit\/","name":"Las mam\u00e1s dan prioridad a los ni\u00f1os y a las familias en Springfield, \u00a1y ganan un cr\u00e9dito tributario por hijos a nivel estatal! | COFI","isPartOf":{"@id":"https:\/\/cofionline.org\/#website"},"primaryImageOfPage":{"@id":"https:\/\/cofionline.org\/moms-put-children-and-family-first-in-springfield-and-win-big-with-a-statewide-child-tax-credit\/#primaryimage"},"image":{"@id":"https:\/\/cofionline.org\/moms-put-children-and-family-first-in-springfield-and-win-big-with-a-statewide-child-tax-credit\/#primaryimage"},"thumbnailUrl":"https:\/\/cofionline.org\/wp-content\/uploads\/big-group-3-scaled.jpg","datePublished":"2024-06-01T14:43:47+00:00","dateModified":"2025-05-22T18:39:58+00:00","description":"Las Mam\u00e1s en una Misi\u00f3n (MOM) de este a\u00f1o trajeron a casi 300 mam\u00e1s y sus familiares a Springfield para el d\u00eda de lobby anual de COFI POWER-PAC IL.","breadcrumb":{"@id":"https:\/\/cofionline.org\/moms-put-children-and-family-first-in-springfield-and-win-big-with-a-statewide-child-tax-credit\/#breadcrumb"},"inLanguage":"es","potentialAction":[{"@type":"ReadAction","target":["https:\/\/cofionline.org\/moms-put-children-and-family-first-in-springfield-and-win-big-with-a-statewide-child-tax-credit\/"]}]},{"@type":"ImageObject","inLanguage":"es","@id":"https:\/\/cofionline.org\/moms-put-children-and-family-first-in-springfield-and-win-big-with-a-statewide-child-tax-credit\/#primaryimage","url":"https:\/\/cofionline.org\/wp-content\/uploads\/big-group-3-scaled.jpg","contentUrl":"https:\/\/cofionline.org\/wp-content\/uploads\/big-group-3-scaled.jpg","width":2560,"height":717,"caption":"A large group photo of parent leaders and children"},{"@type":"BreadcrumbList","@id":"https:\/\/cofionline.org\/moms-put-children-and-family-first-in-springfield-and-win-big-with-a-statewide-child-tax-credit\/#breadcrumb","itemListElement":[{"@type":"ListItem","position":1,"name":"Home","item":"https:\/\/cofionline.org\/"},{"@type":"ListItem","position":2,"name":"Moms Put Children and Family First in Springfield \u2013 And Win a Statewide Child Tax Credit!"}]},{"@type":"WebSite","@id":"https:\/\/cofionline.org\/#website","url":"https:\/\/cofionline.org\/","name":"COFI | Organizaci\u00f3n comunitaria y asuntos familiares","description":"Organizaci\u00f3n comunitaria y asuntos familiares","publisher":{"@id":"https:\/\/cofionline.org\/#organization"},"potentialAction":[{"@type":"SearchAction","target":{"@type":"EntryPoint","urlTemplate":"https:\/\/cofionline.org\/?s={search_term_string}"},"query-input":{"@type":"PropertyValueSpecification","valueRequired":true,"valueName":"search_term_string"}}],"inLanguage":"es"},{"@type":"Organization","@id":"https:\/\/cofionline.org\/#organization","name":"COFI | Organizaci\u00f3n comunitaria y asuntos familiares","url":"https:\/\/cofionline.org\/","logo":{"@type":"ImageObject","inLanguage":"es","@id":"https:\/\/cofionline.org\/#\/schema\/logo\/image\/","url":"https:\/\/cofionline.org\/wp-content\/uploads\/2022\/12\/logo-cofi.png","contentUrl":"https:\/\/cofionline.org\/wp-content\/uploads\/2022\/12\/logo-cofi.png","width":518,"height":180,"caption":"COFI | Community Organizing and Family Issues"},"image":{"@id":"https:\/\/cofionline.org\/#\/schema\/logo\/image\/"}},{"@type":"Person","@id":"https:\/\/cofionline.org\/#\/schema\/person\/8489c18c2d8535c80f441301fe2333ca","name":"Jacqui Guillen","image":{"@type":"ImageObject","inLanguage":"es","@id":"https:\/\/secure.gravatar.com\/avatar\/348fe4dbdc9c61b018997e2ab98c8fbd81039afaab75ea9dc2a9099981d7606e?s=96&d=mm&r=g","url":"https:\/\/secure.gravatar.com\/avatar\/348fe4dbdc9c61b018997e2ab98c8fbd81039afaab75ea9dc2a9099981d7606e?s=96&d=mm&r=g","contentUrl":"https:\/\/secure.gravatar.com\/avatar\/348fe4dbdc9c61b018997e2ab98c8fbd81039afaab75ea9dc2a9099981d7606e?s=96&d=mm&r=g","caption":"Jacqui Guillen"}}]}},"_links":{"self":[{"href":"https:\/\/cofionline.org\/es\/wp-json\/wp\/v2\/posts\/3541","targetHints":{"allow":["GET"]}}],"collection":[{"href":"https:\/\/cofionline.org\/es\/wp-json\/wp\/v2\/posts"}],"about":[{"href":"https:\/\/cofionline.org\/es\/wp-json\/wp\/v2\/types\/post"}],"author":[{"embeddable":true,"href":"https:\/\/cofionline.org\/es\/wp-json\/wp\/v2\/users\/17"}],"replies":[{"embeddable":true,"href":"https:\/\/cofionline.org\/es\/wp-json\/wp\/v2\/comments?post=3541"}],"version-history":[{"count":0,"href":"https:\/\/cofionline.org\/es\/wp-json\/wp\/v2\/posts\/3541\/revisions"}],"wp:featuredmedia":[{"embeddable":true,"href":"https:\/\/cofionline.org\/es\/wp-json\/wp\/v2\/media\/3565"}],"wp:attachment":[{"href":"https:\/\/cofionline.org\/es\/wp-json\/wp\/v2\/media?parent=3541"}],"wp:term":[{"taxonomy":"category","embeddable":true,"href":"https:\/\/cofionline.org\/es\/wp-json\/wp\/v2\/categories?post=3541"},{"taxonomy":"post_tag","embeddable":true,"href":"https:\/\/cofionline.org\/es\/wp-json\/wp\/v2\/tags?post=3541"}],"curies":[{"name":"wp","href":"https:\/\/api.w.org\/{rel}","templated":true}]}}