{"id":3408,"date":"2024-02-22T14:47:00","date_gmt":"2024-02-22T20:47:00","guid":{"rendered":"https:\/\/devcofi.wpenginepowered.com\/?p=3408"},"modified":"2024-03-13T14:35:42","modified_gmt":"2024-03-13T19:35:42","slug":"parent-leaders-demand-a-state-child-tax-credit-to-help-illinois-families","status":"publish","type":"post","link":"https:\/\/cofionline.org\/es\/parent-leaders-demand-a-state-child-tax-credit-to-help-illinois-families\/","title":{"rendered":"Los padres l\u00edderes exigen un cr\u00e9dito fiscal estatal por hijos para ayudar a las familias de Illinois y el gobernador expresa su apoyo a la CTC en su discurso sobre el presupuesto"},"content":{"rendered":"<p>Los padres l\u00edderes de COFI y POWER-PAC IL se levantaron muy temprano el 7 de febrero para viajar a Springfield, Illinois, para pedir a los funcionarios electos que crearan un Cr\u00e9dito Tributario por Hijos (CTC) estatal para las familias de Illinois.<\/p>\n\n\n\n<p>Se unieron al Proyecto de Seguridad Econ\u00f3mica, el Representante Estatal Marcus C. Evans, Jr. (Distrito 33), el Senador Estatal Omar Aquino (Distrito 2), la Representante Mary Beth Canty (Distrito 54), la Representante Theresa Mah (Distrito 24), la Senadora Michael Halpin (Distrito 36) y otros organizadores en el Capitolio del Estado para presentar legislaci\u00f3n (Proyecto de Ley del Senado 3329 \/ Proyecto de Ley de la C\u00e1mara de Representantes 4917) para un CTC a nivel estatal que beneficiar\u00eda a 1,4 millones de ni\u00f1os.<\/p>\n\n\n\n<p><strong>Liliana Olayo<\/strong>, miembro de Aurora POWER-PAC IL y copresidente del <em>Campa\u00f1a Salud, Alimentaci\u00f3n y Recreo<\/em>, <a href=\"https:\/\/www.wandtv.com\/news\/illinois-democratic-lawmakers-advocates-push-for-300-child-tax-credit\/article_5258d0f6-c622-11ee-9c6c-7f85f82889ef.html\">habl\u00f3<\/a> en una conferencia de prensa y explic\u00f3 c\u00f3mo un Cr\u00e9dito Tributario por Hijos estatal la ayudar\u00eda a ella y a su familia.<\/p>\n\n\n\n<p>\u201cEste alivio adicional del Cr\u00e9dito Tributario por Hijos puede no parecer mucho, pero marcar\u00eda una gran diferencia para mi familia\u201d, dijo. \u201cY a diferencia del proyecto de ley federal actual, como declarantes de ITIN, mi familia y tantas familias inmigrantes en todo el estado podr\u00edan calificar para recibir ayuda bajo este proyecto de ley. Espero que la legislatura y el Gobernador comprendan cu\u00e1n impactante e importante ser\u00eda esto; Ser\u00eda una verdadera bendici\u00f3n\u201d.<\/p>\n\n\n\n<p>SB 3329 \/ HB 4917 propone otorgar a los padres y familias de bajos ingresos un muy necesario $300 adicional por ni\u00f1o en cr\u00e9ditos fiscales. Con el aumento de los costos y la inflaci\u00f3n, un Cr\u00e9dito Tributario por Hijos brindar\u00eda a los padres y cuidadores un alivio inmediato para cubrir alimentos, alquiler, facturas de servicios p\u00fablicos y m\u00e1s.<\/p>\n\n\n\n<p><strong>Leer m\u00e1s sobre por qu\u00e9 <a href=\"https:\/\/economicsecurity.us\/resource\/illinois-families-deserve-a-child-tax-credit-2\/\">Las familias de Illinois merecen un cr\u00e9dito tributario por hijos<\/a> del Proyecto de Seguridad Econ\u00f3mica.<\/strong><\/p>\n\n\n\n<p>Unas semanas despu\u00e9s de la conferencia de prensa, el Gobernador JB Pritzker incluy\u00f3 un mensaje de apoyo a un Cr\u00e9dito Tributario por Hijos estatal en su discurso sobre el presupuesto del 21 de febrero.<\/p>\n\n\n\n<p>Gobernador Pritzker <a href=\"https:\/\/www.nbcchicago.com\/news\/local\/read-gov-pritzkers-full-2024-state-of-the-state-address-for-illinois\/3362205\/\">dicho<\/a>, \u201cMi presupuesto tambi\u00e9n propone invertir $12 millones para crear un Cr\u00e9dito Tributario por Hijos para las familias que cr\u00edan a nuestros hijos m\u00e1s peque\u00f1os. Al dirigir esta inversi\u00f3n a familias de ingresos bajos y medios con ni\u00f1os menores de 3 a\u00f1os, podemos devolver dinero a los bolsillos de nuestros nuevos padres que m\u00e1s lo necesitan y hacer que esos primeros a\u00f1os sean un poco m\u00e1s f\u00e1ciles\u201d.<\/p>\n\n\n\n<p>Aplaudimos la propuesta del Gobernador como un primer paso y continuaremos trabajando con los legisladores y nuestros socios defensores para dar forma a la propuesta estatal de cr\u00e9dito tributario por hijos. Es una de las principales prioridades legislativas de COFI y POWER-PAC IL este a\u00f1o. <strong><span style=\"text-decoration: underline;\">Instamos a los padres, cuidadores y nuestros aliados de Illinois a que se comuniquen con sus legisladores de Illinois y expresen su apoyo a un Cr\u00e9dito Tributario por Hijos inclusivo y accesible en todo el estado y a que apoyen la SB 3329\/HB 4917.<\/span><\/strong><\/p>","protected":false},"excerpt":{"rendered":"<p>COFI and POWER-PAC IL parent leaders were up bright and early on Feb. 7 to travel to Springfield, Illinois, to call on elected officials to create a state Child Tax Credit (CTC) for Illinois families. They joined the Economic Security Project, State Representative Marcus C. Evans, Jr. (33rd District), State Senator Omar Aquino (2nd District), [&hellip;]<\/p>\n","protected":false},"author":17,"featured_media":3412,"comment_status":"closed","ping_status":"closed","sticky":false,"template":"","format":"standard","meta":{"_acf_changed":false,"_et_pb_use_builder":"","_et_pb_old_content":"","_et_gb_content_width":"","footnotes":""},"categories":[27,19],"tags":[47,48,43,44,45,46],"class_list":["post-3408","post","type-post","status-publish","format-standard","has-post-thumbnail","hentry","category-power-pac-il","category-stepping-out-of-poverty","tag-child-tax-credit","tag-cofi","tag-ctc","tag-power-pac","tag-power-pac-2","tag-state-child-tax-credit"],"acf":[],"yoast_head":"<!-- This site is optimized with the Yoast SEO plugin v27.5 - https:\/\/yoast.com\/product\/yoast-seo-wordpress\/ -->\n<title>Parent Leaders Demand a State Child Tax Credit to Help Illinois Families and Governor Voices Support for CTC in Budget Address | COFI<\/title>\n<meta name=\"description\" content=\"COFI and POWER-PAC IL parent leaders are calling on elected officials to create a state Child Tax Credit (CTC) for Illinois families.\" \/>\n<meta name=\"robots\" content=\"index, follow, max-snippet:-1, max-image-preview:large, max-video-preview:-1\" \/>\n<link rel=\"canonical\" href=\"https:\/\/cofionline.org\/es\/parent-leaders-demand-a-state-child-tax-credit-to-help-illinois-families\/\" \/>\n<meta property=\"og:locale\" content=\"es_MX\" \/>\n<meta property=\"og:type\" content=\"article\" \/>\n<meta property=\"og:title\" content=\"Parent Leaders Demand a State Child Tax Credit to Help Illinois Families and Governor Voices Support for CTC in Budget Address\" \/>\n<meta property=\"og:description\" content=\"COFI and its Aurora Branch of POWER-PAC IL hosted the opening of the Aurora Parent Power Center on Saturday, January 20.\" \/>\n<meta property=\"og:url\" content=\"https:\/\/cofionline.org\/es\/parent-leaders-demand-a-state-child-tax-credit-to-help-illinois-families\/\" \/>\n<meta property=\"og:site_name\" content=\"COFI\" \/>\n<meta property=\"article:published_time\" content=\"2024-02-22T20:47:00+00:00\" \/>\n<meta property=\"article:modified_time\" content=\"2024-03-13T19:35:42+00:00\" \/>\n<meta property=\"og:image\" content=\"https:\/\/cofionline.org\/wp-content\/uploads\/2024\/02\/IMG_4677.jpg\" \/>\n\t<meta property=\"og:image:width\" content=\"1000\" \/>\n\t<meta property=\"og:image:height\" content=\"586\" \/>\n\t<meta property=\"og:image:type\" content=\"image\/jpeg\" \/>\n<meta name=\"author\" content=\"Jacqui Guillen\" \/>\n<meta name=\"twitter:card\" content=\"summary_large_image\" \/>\n<meta name=\"twitter:title\" content=\"Parent Leaders Demand a State Child Tax Credit to Help Illinois Families and Governor Voices Support for CTC in Budget Address\" \/>\n<meta name=\"twitter:description\" content=\"COFI and POWER-PAC IL parent leaders are calling on elected officials to create a state Child Tax Credit (CTC) for Illinois families.\" \/>\n<meta name=\"twitter:image\" content=\"https:\/\/cofionline.org\/wp-content\/uploads\/2024\/02\/IMG_4677.jpg\" \/>\n<meta name=\"twitter:label1\" content=\"Escrito por\" \/>\n\t<meta name=\"twitter:data1\" content=\"Jacqui Guillen\" \/>\n\t<meta name=\"twitter:label2\" content=\"Tiempo de lectura\" \/>\n\t<meta name=\"twitter:data2\" content=\"3 minutos\" \/>\n<script type=\"application\/ld+json\" class=\"yoast-schema-graph\">{\"@context\":\"https:\\\/\\\/schema.org\",\"@graph\":[{\"@type\":\"Article\",\"@id\":\"https:\\\/\\\/cofionline.org\\\/parent-leaders-demand-a-state-child-tax-credit-to-help-illinois-families\\\/#article\",\"isPartOf\":{\"@id\":\"https:\\\/\\\/cofionline.org\\\/parent-leaders-demand-a-state-child-tax-credit-to-help-illinois-families\\\/\"},\"author\":{\"name\":\"Jacqui Guillen\",\"@id\":\"https:\\\/\\\/cofionline.org\\\/#\\\/schema\\\/person\\\/8489c18c2d8535c80f441301fe2333ca\"},\"headline\":\"Parent Leaders Demand a State Child Tax Credit to Help Illinois Families and Governor Voices Support for CTC in Budget Address\",\"datePublished\":\"2024-02-22T20:47:00+00:00\",\"dateModified\":\"2024-03-13T19:35:42+00:00\",\"mainEntityOfPage\":{\"@id\":\"https:\\\/\\\/cofionline.org\\\/parent-leaders-demand-a-state-child-tax-credit-to-help-illinois-families\\\/\"},\"wordCount\":445,\"publisher\":{\"@id\":\"https:\\\/\\\/cofionline.org\\\/#organization\"},\"image\":{\"@id\":\"https:\\\/\\\/cofionline.org\\\/parent-leaders-demand-a-state-child-tax-credit-to-help-illinois-families\\\/#primaryimage\"},\"thumbnailUrl\":\"https:\\\/\\\/cofionline.org\\\/wp-content\\\/uploads\\\/2024\\\/02\\\/IMG_4677.jpg\",\"keywords\":[\"child tax credit\",\"COFI\",\"CTC\",\"POWER PAC\",\"POWER-PAC\",\"state child tax credit\"],\"articleSection\":[\"POWER-PAC IL\",\"Stepping Out of Poverty\"],\"inLanguage\":\"es\"},{\"@type\":\"WebPage\",\"@id\":\"https:\\\/\\\/cofionline.org\\\/parent-leaders-demand-a-state-child-tax-credit-to-help-illinois-families\\\/\",\"url\":\"https:\\\/\\\/cofionline.org\\\/parent-leaders-demand-a-state-child-tax-credit-to-help-illinois-families\\\/\",\"name\":\"Parent Leaders Demand a State Child Tax Credit to Help Illinois Families and Governor Voices Support for CTC in Budget Address | COFI\",\"isPartOf\":{\"@id\":\"https:\\\/\\\/cofionline.org\\\/#website\"},\"primaryImageOfPage\":{\"@id\":\"https:\\\/\\\/cofionline.org\\\/parent-leaders-demand-a-state-child-tax-credit-to-help-illinois-families\\\/#primaryimage\"},\"image\":{\"@id\":\"https:\\\/\\\/cofionline.org\\\/parent-leaders-demand-a-state-child-tax-credit-to-help-illinois-families\\\/#primaryimage\"},\"thumbnailUrl\":\"https:\\\/\\\/cofionline.org\\\/wp-content\\\/uploads\\\/2024\\\/02\\\/IMG_4677.jpg\",\"datePublished\":\"2024-02-22T20:47:00+00:00\",\"dateModified\":\"2024-03-13T19:35:42+00:00\",\"description\":\"COFI and POWER-PAC IL parent leaders are calling on elected officials to create a state Child Tax Credit (CTC) for Illinois families.\",\"breadcrumb\":{\"@id\":\"https:\\\/\\\/cofionline.org\\\/parent-leaders-demand-a-state-child-tax-credit-to-help-illinois-families\\\/#breadcrumb\"},\"inLanguage\":\"es\",\"potentialAction\":[{\"@type\":\"ReadAction\",\"target\":[\"https:\\\/\\\/cofionline.org\\\/parent-leaders-demand-a-state-child-tax-credit-to-help-illinois-families\\\/\"]}]},{\"@type\":\"ImageObject\",\"inLanguage\":\"es\",\"@id\":\"https:\\\/\\\/cofionline.org\\\/parent-leaders-demand-a-state-child-tax-credit-to-help-illinois-families\\\/#primaryimage\",\"url\":\"https:\\\/\\\/cofionline.org\\\/wp-content\\\/uploads\\\/2024\\\/02\\\/IMG_4677.jpg\",\"contentUrl\":\"https:\\\/\\\/cofionline.org\\\/wp-content\\\/uploads\\\/2024\\\/02\\\/IMG_4677.jpg\",\"width\":1000,\"height\":586,\"caption\":\"A group of about 7 Black and Latinx parents pose for a group picture with Illinois elected officials supporting a state child tax credit. The elected officials include State Representative Marcus C. Evans, Jr. (33rd District), State Senator Omar Aquino (2nd District), Rep. Mary Beth Canty (54th District), and Rep. Theresa Mah (24th District). The picture also include three children of parent leaders.\"},{\"@type\":\"BreadcrumbList\",\"@id\":\"https:\\\/\\\/cofionline.org\\\/parent-leaders-demand-a-state-child-tax-credit-to-help-illinois-families\\\/#breadcrumb\",\"itemListElement\":[{\"@type\":\"ListItem\",\"position\":1,\"name\":\"Home\",\"item\":\"https:\\\/\\\/cofionline.org\\\/\"},{\"@type\":\"ListItem\",\"position\":2,\"name\":\"Parent Leaders Demand a State Child Tax Credit to Help Illinois Families and Governor Voices Support for CTC in Budget Address\"}]},{\"@type\":\"WebSite\",\"@id\":\"https:\\\/\\\/cofionline.org\\\/#website\",\"url\":\"https:\\\/\\\/cofionline.org\\\/\",\"name\":\"COFI | Community Organizing and Family Issues\",\"description\":\"Community Organizing and Family Issues\",\"publisher\":{\"@id\":\"https:\\\/\\\/cofionline.org\\\/#organization\"},\"potentialAction\":[{\"@type\":\"SearchAction\",\"target\":{\"@type\":\"EntryPoint\",\"urlTemplate\":\"https:\\\/\\\/cofionline.org\\\/?s={search_term_string}\"},\"query-input\":{\"@type\":\"PropertyValueSpecification\",\"valueRequired\":true,\"valueName\":\"search_term_string\"}}],\"inLanguage\":\"es\"},{\"@type\":\"Organization\",\"@id\":\"https:\\\/\\\/cofionline.org\\\/#organization\",\"name\":\"COFI | Community Organizing and Family Issues\",\"url\":\"https:\\\/\\\/cofionline.org\\\/\",\"logo\":{\"@type\":\"ImageObject\",\"inLanguage\":\"es\",\"@id\":\"https:\\\/\\\/cofionline.org\\\/#\\\/schema\\\/logo\\\/image\\\/\",\"url\":\"https:\\\/\\\/cofionline.org\\\/wp-content\\\/uploads\\\/2022\\\/12\\\/logo-cofi.png\",\"contentUrl\":\"https:\\\/\\\/cofionline.org\\\/wp-content\\\/uploads\\\/2022\\\/12\\\/logo-cofi.png\",\"width\":518,\"height\":180,\"caption\":\"COFI | Community Organizing and Family Issues\"},\"image\":{\"@id\":\"https:\\\/\\\/cofionline.org\\\/#\\\/schema\\\/logo\\\/image\\\/\"}},{\"@type\":\"Person\",\"@id\":\"https:\\\/\\\/cofionline.org\\\/#\\\/schema\\\/person\\\/8489c18c2d8535c80f441301fe2333ca\",\"name\":\"Jacqui Guillen\",\"image\":{\"@type\":\"ImageObject\",\"inLanguage\":\"es\",\"@id\":\"https:\\\/\\\/secure.gravatar.com\\\/avatar\\\/348fe4dbdc9c61b018997e2ab98c8fbd81039afaab75ea9dc2a9099981d7606e?s=96&d=mm&r=g\",\"url\":\"https:\\\/\\\/secure.gravatar.com\\\/avatar\\\/348fe4dbdc9c61b018997e2ab98c8fbd81039afaab75ea9dc2a9099981d7606e?s=96&d=mm&r=g\",\"contentUrl\":\"https:\\\/\\\/secure.gravatar.com\\\/avatar\\\/348fe4dbdc9c61b018997e2ab98c8fbd81039afaab75ea9dc2a9099981d7606e?s=96&d=mm&r=g\",\"caption\":\"Jacqui Guillen\"}}]}<\/script>\n<!-- \/ Yoast SEO plugin. -->","yoast_head_json":{"title":"Parent Leaders Demand a State Child Tax Credit to Help Illinois Families and Governor Voices Support for CTC in Budget Address | COFI","description":"COFI and POWER-PAC IL parent leaders are calling on elected officials to create a state Child Tax Credit (CTC) for Illinois families.","robots":{"index":"index","follow":"follow","max-snippet":"max-snippet:-1","max-image-preview":"max-image-preview:large","max-video-preview":"max-video-preview:-1"},"canonical":"https:\/\/cofionline.org\/es\/parent-leaders-demand-a-state-child-tax-credit-to-help-illinois-families\/","og_locale":"es_MX","og_type":"article","og_title":"Parent Leaders Demand a State Child Tax Credit to Help Illinois Families and Governor Voices Support for CTC in Budget Address","og_description":"COFI and its Aurora Branch of POWER-PAC IL hosted the opening of the Aurora Parent Power Center on Saturday, January 20.","og_url":"https:\/\/cofionline.org\/es\/parent-leaders-demand-a-state-child-tax-credit-to-help-illinois-families\/","og_site_name":"COFI","article_published_time":"2024-02-22T20:47:00+00:00","article_modified_time":"2024-03-13T19:35:42+00:00","og_image":[{"width":1000,"height":586,"url":"https:\/\/cofionline.org\/wp-content\/uploads\/2024\/02\/IMG_4677.jpg","type":"image\/jpeg"}],"author":"Jacqui Guillen","twitter_card":"summary_large_image","twitter_title":"Parent Leaders Demand a State Child Tax Credit to Help Illinois Families and Governor Voices Support for CTC in Budget Address","twitter_description":"COFI and POWER-PAC IL parent leaders are calling on elected officials to create a state Child Tax Credit (CTC) for Illinois families.","twitter_image":"https:\/\/cofionline.org\/wp-content\/uploads\/2024\/02\/IMG_4677.jpg","twitter_misc":{"Escrito por":"Jacqui Guillen","Tiempo de lectura":"3 minutos"},"schema":{"@context":"https:\/\/schema.org","@graph":[{"@type":"Article","@id":"https:\/\/cofionline.org\/parent-leaders-demand-a-state-child-tax-credit-to-help-illinois-families\/#article","isPartOf":{"@id":"https:\/\/cofionline.org\/parent-leaders-demand-a-state-child-tax-credit-to-help-illinois-families\/"},"author":{"name":"Jacqui Guillen","@id":"https:\/\/cofionline.org\/#\/schema\/person\/8489c18c2d8535c80f441301fe2333ca"},"headline":"Parent Leaders Demand a State Child Tax Credit to Help Illinois Families and Governor Voices Support for CTC in Budget Address","datePublished":"2024-02-22T20:47:00+00:00","dateModified":"2024-03-13T19:35:42+00:00","mainEntityOfPage":{"@id":"https:\/\/cofionline.org\/parent-leaders-demand-a-state-child-tax-credit-to-help-illinois-families\/"},"wordCount":445,"publisher":{"@id":"https:\/\/cofionline.org\/#organization"},"image":{"@id":"https:\/\/cofionline.org\/parent-leaders-demand-a-state-child-tax-credit-to-help-illinois-families\/#primaryimage"},"thumbnailUrl":"https:\/\/cofionline.org\/wp-content\/uploads\/2024\/02\/IMG_4677.jpg","keywords":["child tax credit","COFI","CTC","POWER PAC","POWER-PAC","state child tax credit"],"articleSection":["POWER-PAC IL","Stepping Out of Poverty"],"inLanguage":"es"},{"@type":"WebPage","@id":"https:\/\/cofionline.org\/parent-leaders-demand-a-state-child-tax-credit-to-help-illinois-families\/","url":"https:\/\/cofionline.org\/parent-leaders-demand-a-state-child-tax-credit-to-help-illinois-families\/","name":"Parent Leaders Demand a State Child Tax Credit to Help Illinois Families and Governor Voices Support for CTC in Budget Address | COFI","isPartOf":{"@id":"https:\/\/cofionline.org\/#website"},"primaryImageOfPage":{"@id":"https:\/\/cofionline.org\/parent-leaders-demand-a-state-child-tax-credit-to-help-illinois-families\/#primaryimage"},"image":{"@id":"https:\/\/cofionline.org\/parent-leaders-demand-a-state-child-tax-credit-to-help-illinois-families\/#primaryimage"},"thumbnailUrl":"https:\/\/cofionline.org\/wp-content\/uploads\/2024\/02\/IMG_4677.jpg","datePublished":"2024-02-22T20:47:00+00:00","dateModified":"2024-03-13T19:35:42+00:00","description":"COFI and POWER-PAC IL parent leaders are calling on elected officials to create a state Child Tax Credit (CTC) for Illinois families.","breadcrumb":{"@id":"https:\/\/cofionline.org\/parent-leaders-demand-a-state-child-tax-credit-to-help-illinois-families\/#breadcrumb"},"inLanguage":"es","potentialAction":[{"@type":"ReadAction","target":["https:\/\/cofionline.org\/parent-leaders-demand-a-state-child-tax-credit-to-help-illinois-families\/"]}]},{"@type":"ImageObject","inLanguage":"es","@id":"https:\/\/cofionline.org\/parent-leaders-demand-a-state-child-tax-credit-to-help-illinois-families\/#primaryimage","url":"https:\/\/cofionline.org\/wp-content\/uploads\/2024\/02\/IMG_4677.jpg","contentUrl":"https:\/\/cofionline.org\/wp-content\/uploads\/2024\/02\/IMG_4677.jpg","width":1000,"height":586,"caption":"A group of about 7 Black and Latinx parents pose for a group picture with Illinois elected officials supporting a state child tax credit. The elected officials include State Representative Marcus C. Evans, Jr. (33rd District), State Senator Omar Aquino (2nd District), Rep. Mary Beth Canty (54th District), and Rep. Theresa Mah (24th District). The picture also include three children of parent leaders."},{"@type":"BreadcrumbList","@id":"https:\/\/cofionline.org\/parent-leaders-demand-a-state-child-tax-credit-to-help-illinois-families\/#breadcrumb","itemListElement":[{"@type":"ListItem","position":1,"name":"Home","item":"https:\/\/cofionline.org\/"},{"@type":"ListItem","position":2,"name":"Parent Leaders Demand a State Child Tax Credit to Help Illinois Families and Governor Voices Support for CTC in Budget Address"}]},{"@type":"WebSite","@id":"https:\/\/cofionline.org\/#website","url":"https:\/\/cofionline.org\/","name":"COFI | Organizaci\u00f3n comunitaria y asuntos familiares","description":"Organizaci\u00f3n comunitaria y asuntos familiares","publisher":{"@id":"https:\/\/cofionline.org\/#organization"},"potentialAction":[{"@type":"SearchAction","target":{"@type":"EntryPoint","urlTemplate":"https:\/\/cofionline.org\/?s={search_term_string}"},"query-input":{"@type":"PropertyValueSpecification","valueRequired":true,"valueName":"search_term_string"}}],"inLanguage":"es"},{"@type":"Organization","@id":"https:\/\/cofionline.org\/#organization","name":"COFI | Organizaci\u00f3n comunitaria y asuntos familiares","url":"https:\/\/cofionline.org\/","logo":{"@type":"ImageObject","inLanguage":"es","@id":"https:\/\/cofionline.org\/#\/schema\/logo\/image\/","url":"https:\/\/cofionline.org\/wp-content\/uploads\/2022\/12\/logo-cofi.png","contentUrl":"https:\/\/cofionline.org\/wp-content\/uploads\/2022\/12\/logo-cofi.png","width":518,"height":180,"caption":"COFI | Community Organizing and Family Issues"},"image":{"@id":"https:\/\/cofionline.org\/#\/schema\/logo\/image\/"}},{"@type":"Person","@id":"https:\/\/cofionline.org\/#\/schema\/person\/8489c18c2d8535c80f441301fe2333ca","name":"Jacqui Guillen","image":{"@type":"ImageObject","inLanguage":"es","@id":"https:\/\/secure.gravatar.com\/avatar\/348fe4dbdc9c61b018997e2ab98c8fbd81039afaab75ea9dc2a9099981d7606e?s=96&d=mm&r=g","url":"https:\/\/secure.gravatar.com\/avatar\/348fe4dbdc9c61b018997e2ab98c8fbd81039afaab75ea9dc2a9099981d7606e?s=96&d=mm&r=g","contentUrl":"https:\/\/secure.gravatar.com\/avatar\/348fe4dbdc9c61b018997e2ab98c8fbd81039afaab75ea9dc2a9099981d7606e?s=96&d=mm&r=g","caption":"Jacqui Guillen"}}]}},"_links":{"self":[{"href":"https:\/\/cofionline.org\/es\/wp-json\/wp\/v2\/posts\/3408","targetHints":{"allow":["GET"]}}],"collection":[{"href":"https:\/\/cofionline.org\/es\/wp-json\/wp\/v2\/posts"}],"about":[{"href":"https:\/\/cofionline.org\/es\/wp-json\/wp\/v2\/types\/post"}],"author":[{"embeddable":true,"href":"https:\/\/cofionline.org\/es\/wp-json\/wp\/v2\/users\/17"}],"replies":[{"embeddable":true,"href":"https:\/\/cofionline.org\/es\/wp-json\/wp\/v2\/comments?post=3408"}],"version-history":[{"count":0,"href":"https:\/\/cofionline.org\/es\/wp-json\/wp\/v2\/posts\/3408\/revisions"}],"wp:featuredmedia":[{"embeddable":true,"href":"https:\/\/cofionline.org\/es\/wp-json\/wp\/v2\/media\/3412"}],"wp:attachment":[{"href":"https:\/\/cofionline.org\/es\/wp-json\/wp\/v2\/media?parent=3408"}],"wp:term":[{"taxonomy":"category","embeddable":true,"href":"https:\/\/cofionline.org\/es\/wp-json\/wp\/v2\/categories?post=3408"},{"taxonomy":"post_tag","embeddable":true,"href":"https:\/\/cofionline.org\/es\/wp-json\/wp\/v2\/tags?post=3408"}],"curies":[{"name":"wp","href":"https:\/\/api.w.org\/{rel}","templated":true}]}}