{"id":3376,"date":"2024-01-23T09:34:32","date_gmt":"2024-01-23T15:34:32","guid":{"rendered":"https:\/\/devcofi.wpenginepowered.com\/?p=3376"},"modified":"2024-10-04T09:21:54","modified_gmt":"2024-10-04T14:21:54","slug":"press-release-cofi-parent-leaders-celebrate-opening-of-aurora-parent-power-center","status":"publish","type":"post","link":"https:\/\/cofionline.org\/es\/press-release-cofi-parent-leaders-celebrate-opening-of-aurora-parent-power-center\/","title":{"rendered":"Comunicado de prensa: L\u00edderes de padres de COFI, la senadora del estado de Illinois Karina Villa y la representante de Illinois B\u00e1rbara Hern\u00e1ndez celebran la inauguraci\u00f3n del Aurora Parent Power Center"},"content":{"rendered":"<p><strong>AURORA-<\/strong>Community Organizing and Family Issues (COFI) y su sucursal Aurora de POWER-PAC IL (Padres Organizados para Ganar, Educar y Renovar) organizaron la inauguraci\u00f3n del Aurora Parent Power Center el s\u00e1bado 20 de enero. El Centro funcionar\u00e1 de seis a nueve Proyecto de demostraci\u00f3n de un mes de duraci\u00f3n para mostrar c\u00f3mo los programas gratuitos de salud mental entre pares y programas similares pueden apoyar el bienestar de los padres y las familias.<\/p>\r\n\r\n\r\n\r\n<p><strong>\u201cEl Parent Power Center es un viejo sue\u00f1o de la sucursal de Aurora\u201d, dijo Nelly Paredes, l\u00edder de padres de COFI y coordinadora del Parent Power Center. \u201cMuchos de nosotros tenemos la experiencia de ser padres primerizos o residentes en Aurora y sabemos lo importante que es tener un espacio abierto y acogedor para grupos de apoyo, c\u00edrculos de paz y clases de educaci\u00f3n. Estamos entusiasmados de que nuestro sue\u00f1o finalmente sea una realidad y podamos ayudar a m\u00e1s padres y familias\u201d.<\/strong><\/p>\r\n\r\n\r\n\r\n<p>El proyecto dirigido por padres comenz\u00f3 hace tres a\u00f1os. Los padres de COFI en Aurora comenzaron a realizar encuestas durante la pandemia para investigar qu\u00e9 necesidades y apoyo necesitaba la comunidad. Despu\u00e9s de recibir 460 respuestas de padres y miembros de la comunidad en todo el condado de Kane, los padres identificaron la salud mental como la necesidad m\u00e1s importante de la comunidad.<\/p>\r\n\r\n\r\n\r\n<p>Durante este tiempo, los padres l\u00edderes tambi\u00e9n comenzaron a reunirse y a compartir su visi\u00f3n con la Senadora de Illinois Karina Villa (Distrito D-25) y la Representante del Estado de Illinois B\u00e1rbara Hern\u00e1ndez (Distrito D-50). A finales de 2023, anunciaron que el Centro recibir\u00eda un complemento legislativo de $250.000 de la oficina del senador Villa.<\/p>\r\n\r\n\r\n\r\n<p><strong>\u201cCOFI es un movimiento creado por las poderosas voces de los padres dentro de nuestra comunidad, que se esfuerzan por mejorar nuestras escuelas, brindar apoyo comunitario y brindarles a los padres las herramientas para convertirse en l\u00edderes. La apertura del Parent Power Center ser\u00e1 esencial para apoyar a quienes tienen necesidades de salud mental y estoy muy emocionado de ver el incre\u00edble trabajo que har\u00e1n para las familias en el Distrito 25\u201d, dijo el Senador Villa.<\/strong><\/p>\r\n\r\n\r\n\r\n<p><strong>\u201cEl Parent Power Center es una incorporaci\u00f3n importante a la comunidad de Aurora. Necesitamos m\u00e1s espacios como este para garantizar que los padres y las familias tengan un espacio dedicado a su bienestar emocional. Gracias a los padres l\u00edderes de COFI y POWER-PAC IL por traer esta idea a Aurora y probarla piloto este a\u00f1o\u201d, dijo el Representante Hern\u00e1ndez.<\/strong><\/p>\r\n\r\n\r\n\r\n<p>Muchos padres l\u00edderes de COFI que dirigir\u00e1n la programaci\u00f3n piloto en el Centro est\u00e1n capacitados y certificados en diferentes modelos de igual a igual, como NAMI (Alianza Nacional sobre Enfermedades Mentales), Peer-to-Peer y Parent Caf\u00e9s. Adem\u00e1s, con la sucursal de Elgin de POWER-PAC IL y el Departamento de Salud del Condado de Kane, los padres l\u00edderes en Aurora ya han estado facilitando grupos emocionalmente seguros para padres y miembros de la comunidad y <a href=\"https:\/\/cofionline.org\/es\/cofi-power-pac-il-parents-win-partner-of-the-year-award\/\">obtuvo un premio<\/a> en diciembre.<\/p>\r\n\r\n\r\n\r\n<p>Los padres l\u00edderes tambi\u00e9n actuar\u00e1n como embajadores de la Cuenta de Ahorros para Ni\u00f1os (CSA) para alentar a los padres a inscribirse en el programa Primeros Pasos del estado de Illinois ofreciendo una peque\u00f1a contribuci\u00f3n. Illinois First Steps es un programa que los padres de COFI organizaron y establecieron en 2023, con la oficina del Tesorero del Estado, que proporciona a los padres de Illinois un dep\u00f3sito \u00fanico de $50 en una cuenta de ahorros universitarios 529 para su hijo reci\u00e9n nacido.<\/p>\r\n\r\n\r\n\r\n<p>El Centro estar\u00e1 abierto a la comunidad los lunes y mi\u00e9rcoles de 9 a 11 am, as\u00ed como los martes y jueves por la noche, durante la primavera. Una lista de la pr\u00f3xima programaci\u00f3n estar\u00e1 disponible. <a href=\"https:\/\/www.facebook.com\/profile.php?id=100086035651557\">aqu\u00ed<\/a>. Para preguntas sobre la programaci\u00f3n del Centro, env\u00ede un correo electr\u00f3nico <a href=\"mailto:parentpowercenter@cofionline.org\">parentpowercenter@cofionline.org<\/a>.<\/p>\r\n\r\n\r\n\r\n<p class=\"has-text-align-center\"><strong>###<\/strong><\/p>","protected":false},"excerpt":{"rendered":"<p>AURORA\u2014Community Organizing and Family Issues (COFI) and its Aurora Branch of POWER-PAC IL (Parents Organized to Win, Educate and Renew) hosted the opening of the Aurora Parent Power Center on Saturday, January 20. The Center will be a six to nine-month demonstration project to show how free, peer-based, parent-to-parent mental health programming and similar programs [&hellip;]<\/p>\n","protected":false},"author":17,"featured_media":3378,"comment_status":"closed","ping_status":"closed","sticky":false,"template":"","format":"standard","meta":{"_acf_changed":false,"_et_pb_use_builder":"","_et_pb_old_content":"","_et_gb_content_width":"","footnotes":""},"categories":[42,27],"tags":[],"class_list":["post-3376","post","type-post","status-publish","format-standard","has-post-thumbnail","hentry","category-kane-county","category-power-pac-il"],"acf":[],"yoast_head":"<!-- This site is optimized with the Yoast SEO plugin v27.4 - https:\/\/yoast.com\/product\/yoast-seo-wordpress\/ -->\n<title>Press Release: COFI Parent Leaders, Illinois State Senator Karina Villa and Illinois Representative Barbara Hernandez Celebrate Opening of Aurora Parent Power Center | COFI<\/title>\n<meta name=\"description\" content=\"COFI and its Aurora Branch of POWER-PAC IL hosted the opening of the Aurora Parent Power Center on Saturday, January 20.\" \/>\n<meta name=\"robots\" content=\"index, follow, max-snippet:-1, max-image-preview:large, max-video-preview:-1\" \/>\n<link rel=\"canonical\" href=\"https:\/\/cofionline.org\/es\/press-release-cofi-parent-leaders-celebrate-opening-of-aurora-parent-power-center\/\" \/>\n<meta property=\"og:locale\" content=\"es_MX\" \/>\n<meta property=\"og:type\" content=\"article\" \/>\n<meta property=\"og:title\" content=\"Press Release: COFI Parent Leaders, Illinois State Senator Karina Villa and Illinois Representative Barbara Hernandez Celebrate Opening of Aurora Parent Power Center\" \/>\n<meta property=\"og:description\" content=\"COFI and its Aurora Branch of POWER-PAC IL hosted the opening of the Aurora Parent Power Center on Saturday, January 20.\" \/>\n<meta property=\"og:url\" content=\"https:\/\/cofionline.org\/es\/press-release-cofi-parent-leaders-celebrate-opening-of-aurora-parent-power-center\/\" \/>\n<meta property=\"og:site_name\" content=\"COFI\" \/>\n<meta property=\"article:published_time\" content=\"2024-01-23T15:34:32+00:00\" \/>\n<meta property=\"article:modified_time\" content=\"2024-10-04T14:21:54+00:00\" \/>\n<meta property=\"og:image\" content=\"https:\/\/cofionline.org\/wp-content\/uploads\/2024\/01\/IMG_4356-web.jpg\" \/>\n\t<meta property=\"og:image:width\" content=\"2000\" \/>\n\t<meta property=\"og:image:height\" content=\"1335\" \/>\n\t<meta property=\"og:image:type\" content=\"image\/jpeg\" \/>\n<meta name=\"author\" content=\"Jacqui Guillen\" \/>\n<meta name=\"twitter:card\" content=\"summary_large_image\" \/>\n<meta name=\"twitter:title\" content=\"Press Release: COFI Parent Leaders, Illinois State Senator Karina Villa and Illinois Representative Barbara Hernandez Celebrate Opening of Aurora Parent Power Center\" \/>\n<meta name=\"twitter:description\" content=\"COFI and its Aurora Branch of POWER-PAC IL hosted the opening of the Aurora Parent Power Center on Saturday, January 20.\" \/>\n<meta name=\"twitter:image\" content=\"https:\/\/cofionline.org\/wp-content\/uploads\/2024\/01\/IMG_4356-web.jpg\" \/>\n<meta name=\"twitter:label1\" content=\"Escrito por\" \/>\n\t<meta name=\"twitter:data1\" content=\"Jacqui Guillen\" \/>\n\t<meta name=\"twitter:label2\" content=\"Tiempo de lectura\" \/>\n\t<meta name=\"twitter:data2\" content=\"3 minutos\" \/>\n<script type=\"application\/ld+json\" class=\"yoast-schema-graph\">{\"@context\":\"https:\\\/\\\/schema.org\",\"@graph\":[{\"@type\":\"Article\",\"@id\":\"https:\\\/\\\/cofionline.org\\\/press-release-cofi-parent-leaders-celebrate-opening-of-aurora-parent-power-center\\\/#article\",\"isPartOf\":{\"@id\":\"https:\\\/\\\/cofionline.org\\\/press-release-cofi-parent-leaders-celebrate-opening-of-aurora-parent-power-center\\\/\"},\"author\":{\"name\":\"Jacqui Guillen\",\"@id\":\"https:\\\/\\\/cofionline.org\\\/#\\\/schema\\\/person\\\/8489c18c2d8535c80f441301fe2333ca\"},\"headline\":\"Press Release: COFI Parent Leaders, Illinois State Senator Karina Villa and Illinois Representative Barbara Hernandez Celebrate Opening of Aurora Parent Power Center\",\"datePublished\":\"2024-01-23T15:34:32+00:00\",\"dateModified\":\"2024-10-04T14:21:54+00:00\",\"mainEntityOfPage\":{\"@id\":\"https:\\\/\\\/cofionline.org\\\/press-release-cofi-parent-leaders-celebrate-opening-of-aurora-parent-power-center\\\/\"},\"wordCount\":563,\"publisher\":{\"@id\":\"https:\\\/\\\/cofionline.org\\\/#organization\"},\"image\":{\"@id\":\"https:\\\/\\\/cofionline.org\\\/press-release-cofi-parent-leaders-celebrate-opening-of-aurora-parent-power-center\\\/#primaryimage\"},\"thumbnailUrl\":\"https:\\\/\\\/cofionline.org\\\/wp-content\\\/uploads\\\/2024\\\/01\\\/IMG_4356-web.jpg\",\"articleSection\":[\"Kane County\",\"POWER-PAC IL\"],\"inLanguage\":\"es\"},{\"@type\":\"WebPage\",\"@id\":\"https:\\\/\\\/cofionline.org\\\/press-release-cofi-parent-leaders-celebrate-opening-of-aurora-parent-power-center\\\/\",\"url\":\"https:\\\/\\\/cofionline.org\\\/press-release-cofi-parent-leaders-celebrate-opening-of-aurora-parent-power-center\\\/\",\"name\":\"Press Release: COFI Parent Leaders, Illinois State Senator Karina Villa and Illinois Representative Barbara Hernandez Celebrate Opening of Aurora Parent Power Center | COFI\",\"isPartOf\":{\"@id\":\"https:\\\/\\\/cofionline.org\\\/#website\"},\"primaryImageOfPage\":{\"@id\":\"https:\\\/\\\/cofionline.org\\\/press-release-cofi-parent-leaders-celebrate-opening-of-aurora-parent-power-center\\\/#primaryimage\"},\"image\":{\"@id\":\"https:\\\/\\\/cofionline.org\\\/press-release-cofi-parent-leaders-celebrate-opening-of-aurora-parent-power-center\\\/#primaryimage\"},\"thumbnailUrl\":\"https:\\\/\\\/cofionline.org\\\/wp-content\\\/uploads\\\/2024\\\/01\\\/IMG_4356-web.jpg\",\"datePublished\":\"2024-01-23T15:34:32+00:00\",\"dateModified\":\"2024-10-04T14:21:54+00:00\",\"description\":\"COFI and its Aurora Branch of POWER-PAC IL hosted the opening of the Aurora Parent Power Center on Saturday, January 20.\",\"breadcrumb\":{\"@id\":\"https:\\\/\\\/cofionline.org\\\/press-release-cofi-parent-leaders-celebrate-opening-of-aurora-parent-power-center\\\/#breadcrumb\"},\"inLanguage\":\"es\",\"potentialAction\":[{\"@type\":\"ReadAction\",\"target\":[\"https:\\\/\\\/cofionline.org\\\/press-release-cofi-parent-leaders-celebrate-opening-of-aurora-parent-power-center\\\/\"]}]},{\"@type\":\"ImageObject\",\"inLanguage\":\"es\",\"@id\":\"https:\\\/\\\/cofionline.org\\\/press-release-cofi-parent-leaders-celebrate-opening-of-aurora-parent-power-center\\\/#primaryimage\",\"url\":\"https:\\\/\\\/cofionline.org\\\/wp-content\\\/uploads\\\/2024\\\/01\\\/IMG_4356-web.jpg\",\"contentUrl\":\"https:\\\/\\\/cofionline.org\\\/wp-content\\\/uploads\\\/2024\\\/01\\\/IMG_4356-web.jpg\",\"width\":2000,\"height\":1335,\"caption\":\"Illinois State Senator Karina Villa and Illinois State Representative Barbara Hernandez join COFI parents Nelly and Liliana for a ribbon cutting. The women are holding a blue ribbon and scissors.\"},{\"@type\":\"BreadcrumbList\",\"@id\":\"https:\\\/\\\/cofionline.org\\\/press-release-cofi-parent-leaders-celebrate-opening-of-aurora-parent-power-center\\\/#breadcrumb\",\"itemListElement\":[{\"@type\":\"ListItem\",\"position\":1,\"name\":\"Home\",\"item\":\"https:\\\/\\\/cofionline.org\\\/\"},{\"@type\":\"ListItem\",\"position\":2,\"name\":\"Press Release: COFI Parent Leaders, Illinois State Senator Karina Villa and Illinois Representative Barbara Hernandez Celebrate Opening of Aurora Parent Power Center\"}]},{\"@type\":\"WebSite\",\"@id\":\"https:\\\/\\\/cofionline.org\\\/#website\",\"url\":\"https:\\\/\\\/cofionline.org\\\/\",\"name\":\"COFI | Community Organizing and Family Issues\",\"description\":\"Community Organizing and Family Issues\",\"publisher\":{\"@id\":\"https:\\\/\\\/cofionline.org\\\/#organization\"},\"potentialAction\":[{\"@type\":\"SearchAction\",\"target\":{\"@type\":\"EntryPoint\",\"urlTemplate\":\"https:\\\/\\\/cofionline.org\\\/?s={search_term_string}\"},\"query-input\":{\"@type\":\"PropertyValueSpecification\",\"valueRequired\":true,\"valueName\":\"search_term_string\"}}],\"inLanguage\":\"es\"},{\"@type\":\"Organization\",\"@id\":\"https:\\\/\\\/cofionline.org\\\/#organization\",\"name\":\"COFI | Community Organizing and Family Issues\",\"url\":\"https:\\\/\\\/cofionline.org\\\/\",\"logo\":{\"@type\":\"ImageObject\",\"inLanguage\":\"es\",\"@id\":\"https:\\\/\\\/cofionline.org\\\/#\\\/schema\\\/logo\\\/image\\\/\",\"url\":\"https:\\\/\\\/cofionline.org\\\/wp-content\\\/uploads\\\/2022\\\/12\\\/logo-cofi.png\",\"contentUrl\":\"https:\\\/\\\/cofionline.org\\\/wp-content\\\/uploads\\\/2022\\\/12\\\/logo-cofi.png\",\"width\":518,\"height\":180,\"caption\":\"COFI | Community Organizing and Family Issues\"},\"image\":{\"@id\":\"https:\\\/\\\/cofionline.org\\\/#\\\/schema\\\/logo\\\/image\\\/\"}},{\"@type\":\"Person\",\"@id\":\"https:\\\/\\\/cofionline.org\\\/#\\\/schema\\\/person\\\/8489c18c2d8535c80f441301fe2333ca\",\"name\":\"Jacqui Guillen\",\"image\":{\"@type\":\"ImageObject\",\"inLanguage\":\"es\",\"@id\":\"https:\\\/\\\/secure.gravatar.com\\\/avatar\\\/348fe4dbdc9c61b018997e2ab98c8fbd81039afaab75ea9dc2a9099981d7606e?s=96&d=mm&r=g\",\"url\":\"https:\\\/\\\/secure.gravatar.com\\\/avatar\\\/348fe4dbdc9c61b018997e2ab98c8fbd81039afaab75ea9dc2a9099981d7606e?s=96&d=mm&r=g\",\"contentUrl\":\"https:\\\/\\\/secure.gravatar.com\\\/avatar\\\/348fe4dbdc9c61b018997e2ab98c8fbd81039afaab75ea9dc2a9099981d7606e?s=96&d=mm&r=g\",\"caption\":\"Jacqui Guillen\"}}]}<\/script>\n<!-- \/ Yoast SEO plugin. -->","yoast_head_json":{"title":"Comunicado de prensa: L\u00edderes de padres de COFI, la senadora del estado de Illinois Karina Villa y la representante de Illinois B\u00e1rbara Hern\u00e1ndez celebran la inauguraci\u00f3n del Aurora Parent Power Center | COFI","description":"COFI y su sucursal Aurora de POWER-PAC IL organizaron la inauguraci\u00f3n del Aurora Parent Power Center el s\u00e1bado 20 de enero.","robots":{"index":"index","follow":"follow","max-snippet":"max-snippet:-1","max-image-preview":"max-image-preview:large","max-video-preview":"max-video-preview:-1"},"canonical":"https:\/\/cofionline.org\/es\/press-release-cofi-parent-leaders-celebrate-opening-of-aurora-parent-power-center\/","og_locale":"es_MX","og_type":"article","og_title":"Press Release: COFI Parent Leaders, Illinois State Senator Karina Villa and Illinois Representative Barbara Hernandez Celebrate Opening of Aurora Parent Power Center","og_description":"COFI and its Aurora Branch of POWER-PAC IL hosted the opening of the Aurora Parent Power Center on Saturday, January 20.","og_url":"https:\/\/cofionline.org\/es\/press-release-cofi-parent-leaders-celebrate-opening-of-aurora-parent-power-center\/","og_site_name":"COFI","article_published_time":"2024-01-23T15:34:32+00:00","article_modified_time":"2024-10-04T14:21:54+00:00","og_image":[{"width":2000,"height":1335,"url":"https:\/\/cofionline.org\/wp-content\/uploads\/2024\/01\/IMG_4356-web.jpg","type":"image\/jpeg"}],"author":"Jacqui Guillen","twitter_card":"summary_large_image","twitter_title":"Press Release: COFI Parent Leaders, Illinois State Senator Karina Villa and Illinois Representative Barbara Hernandez Celebrate Opening of Aurora Parent Power Center","twitter_description":"COFI and its Aurora Branch of POWER-PAC IL hosted the opening of the Aurora Parent Power Center on Saturday, January 20.","twitter_image":"https:\/\/cofionline.org\/wp-content\/uploads\/2024\/01\/IMG_4356-web.jpg","twitter_misc":{"Escrito por":"Jacqui Guillen","Tiempo de lectura":"3 minutos"},"schema":{"@context":"https:\/\/schema.org","@graph":[{"@type":"Article","@id":"https:\/\/cofionline.org\/press-release-cofi-parent-leaders-celebrate-opening-of-aurora-parent-power-center\/#article","isPartOf":{"@id":"https:\/\/cofionline.org\/press-release-cofi-parent-leaders-celebrate-opening-of-aurora-parent-power-center\/"},"author":{"name":"Jacqui Guillen","@id":"https:\/\/cofionline.org\/#\/schema\/person\/8489c18c2d8535c80f441301fe2333ca"},"headline":"Press Release: COFI Parent Leaders, Illinois State Senator Karina Villa and Illinois Representative Barbara Hernandez Celebrate Opening of Aurora Parent Power Center","datePublished":"2024-01-23T15:34:32+00:00","dateModified":"2024-10-04T14:21:54+00:00","mainEntityOfPage":{"@id":"https:\/\/cofionline.org\/press-release-cofi-parent-leaders-celebrate-opening-of-aurora-parent-power-center\/"},"wordCount":563,"publisher":{"@id":"https:\/\/cofionline.org\/#organization"},"image":{"@id":"https:\/\/cofionline.org\/press-release-cofi-parent-leaders-celebrate-opening-of-aurora-parent-power-center\/#primaryimage"},"thumbnailUrl":"https:\/\/cofionline.org\/wp-content\/uploads\/2024\/01\/IMG_4356-web.jpg","articleSection":["Kane County","POWER-PAC IL"],"inLanguage":"es"},{"@type":"WebPage","@id":"https:\/\/cofionline.org\/press-release-cofi-parent-leaders-celebrate-opening-of-aurora-parent-power-center\/","url":"https:\/\/cofionline.org\/press-release-cofi-parent-leaders-celebrate-opening-of-aurora-parent-power-center\/","name":"Comunicado de prensa: L\u00edderes de padres de COFI, la senadora del estado de Illinois Karina Villa y la representante de Illinois B\u00e1rbara Hern\u00e1ndez celebran la inauguraci\u00f3n del Aurora Parent Power Center | COFI","isPartOf":{"@id":"https:\/\/cofionline.org\/#website"},"primaryImageOfPage":{"@id":"https:\/\/cofionline.org\/press-release-cofi-parent-leaders-celebrate-opening-of-aurora-parent-power-center\/#primaryimage"},"image":{"@id":"https:\/\/cofionline.org\/press-release-cofi-parent-leaders-celebrate-opening-of-aurora-parent-power-center\/#primaryimage"},"thumbnailUrl":"https:\/\/cofionline.org\/wp-content\/uploads\/2024\/01\/IMG_4356-web.jpg","datePublished":"2024-01-23T15:34:32+00:00","dateModified":"2024-10-04T14:21:54+00:00","description":"COFI y su sucursal Aurora de POWER-PAC IL organizaron la inauguraci\u00f3n del Aurora Parent Power Center el s\u00e1bado 20 de enero.","breadcrumb":{"@id":"https:\/\/cofionline.org\/press-release-cofi-parent-leaders-celebrate-opening-of-aurora-parent-power-center\/#breadcrumb"},"inLanguage":"es","potentialAction":[{"@type":"ReadAction","target":["https:\/\/cofionline.org\/press-release-cofi-parent-leaders-celebrate-opening-of-aurora-parent-power-center\/"]}]},{"@type":"ImageObject","inLanguage":"es","@id":"https:\/\/cofionline.org\/press-release-cofi-parent-leaders-celebrate-opening-of-aurora-parent-power-center\/#primaryimage","url":"https:\/\/cofionline.org\/wp-content\/uploads\/2024\/01\/IMG_4356-web.jpg","contentUrl":"https:\/\/cofionline.org\/wp-content\/uploads\/2024\/01\/IMG_4356-web.jpg","width":2000,"height":1335,"caption":"Illinois State Senator Karina Villa and Illinois State Representative Barbara Hernandez join COFI parents Nelly and Liliana for a ribbon cutting. The women are holding a blue ribbon and scissors."},{"@type":"BreadcrumbList","@id":"https:\/\/cofionline.org\/press-release-cofi-parent-leaders-celebrate-opening-of-aurora-parent-power-center\/#breadcrumb","itemListElement":[{"@type":"ListItem","position":1,"name":"Home","item":"https:\/\/cofionline.org\/"},{"@type":"ListItem","position":2,"name":"Press Release: COFI Parent Leaders, Illinois State Senator Karina Villa and Illinois Representative Barbara Hernandez Celebrate Opening of Aurora Parent Power Center"}]},{"@type":"WebSite","@id":"https:\/\/cofionline.org\/#website","url":"https:\/\/cofionline.org\/","name":"COFI | Organizaci\u00f3n comunitaria y asuntos familiares","description":"Organizaci\u00f3n comunitaria y asuntos familiares","publisher":{"@id":"https:\/\/cofionline.org\/#organization"},"potentialAction":[{"@type":"SearchAction","target":{"@type":"EntryPoint","urlTemplate":"https:\/\/cofionline.org\/?s={search_term_string}"},"query-input":{"@type":"PropertyValueSpecification","valueRequired":true,"valueName":"search_term_string"}}],"inLanguage":"es"},{"@type":"Organization","@id":"https:\/\/cofionline.org\/#organization","name":"COFI | Organizaci\u00f3n comunitaria y asuntos familiares","url":"https:\/\/cofionline.org\/","logo":{"@type":"ImageObject","inLanguage":"es","@id":"https:\/\/cofionline.org\/#\/schema\/logo\/image\/","url":"https:\/\/cofionline.org\/wp-content\/uploads\/2022\/12\/logo-cofi.png","contentUrl":"https:\/\/cofionline.org\/wp-content\/uploads\/2022\/12\/logo-cofi.png","width":518,"height":180,"caption":"COFI | Community Organizing and Family Issues"},"image":{"@id":"https:\/\/cofionline.org\/#\/schema\/logo\/image\/"}},{"@type":"Person","@id":"https:\/\/cofionline.org\/#\/schema\/person\/8489c18c2d8535c80f441301fe2333ca","name":"Jacqui Guillen","image":{"@type":"ImageObject","inLanguage":"es","@id":"https:\/\/secure.gravatar.com\/avatar\/348fe4dbdc9c61b018997e2ab98c8fbd81039afaab75ea9dc2a9099981d7606e?s=96&d=mm&r=g","url":"https:\/\/secure.gravatar.com\/avatar\/348fe4dbdc9c61b018997e2ab98c8fbd81039afaab75ea9dc2a9099981d7606e?s=96&d=mm&r=g","contentUrl":"https:\/\/secure.gravatar.com\/avatar\/348fe4dbdc9c61b018997e2ab98c8fbd81039afaab75ea9dc2a9099981d7606e?s=96&d=mm&r=g","caption":"Jacqui Guillen"}}]}},"_links":{"self":[{"href":"https:\/\/cofionline.org\/es\/wp-json\/wp\/v2\/posts\/3376","targetHints":{"allow":["GET"]}}],"collection":[{"href":"https:\/\/cofionline.org\/es\/wp-json\/wp\/v2\/posts"}],"about":[{"href":"https:\/\/cofionline.org\/es\/wp-json\/wp\/v2\/types\/post"}],"author":[{"embeddable":true,"href":"https:\/\/cofionline.org\/es\/wp-json\/wp\/v2\/users\/17"}],"replies":[{"embeddable":true,"href":"https:\/\/cofionline.org\/es\/wp-json\/wp\/v2\/comments?post=3376"}],"version-history":[{"count":0,"href":"https:\/\/cofionline.org\/es\/wp-json\/wp\/v2\/posts\/3376\/revisions"}],"wp:featuredmedia":[{"embeddable":true,"href":"https:\/\/cofionline.org\/es\/wp-json\/wp\/v2\/media\/3378"}],"wp:attachment":[{"href":"https:\/\/cofionline.org\/es\/wp-json\/wp\/v2\/media?parent=3376"}],"wp:term":[{"taxonomy":"category","embeddable":true,"href":"https:\/\/cofionline.org\/es\/wp-json\/wp\/v2\/categories?post=3376"},{"taxonomy":"post_tag","embeddable":true,"href":"https:\/\/cofionline.org\/es\/wp-json\/wp\/v2\/tags?post=3376"}],"curies":[{"name":"wp","href":"https:\/\/api.w.org\/{rel}","templated":true}]}}