{"id":3336,"date":"2023-11-30T11:07:53","date_gmt":"2023-11-30T17:07:53","guid":{"rendered":"https:\/\/devcofi.wpenginepowered.com\/?p=3336"},"modified":"2023-12-20T10:29:25","modified_gmt":"2023-12-20T16:29:25","slug":"cofi-and-power-pac-il-win-major-utility-victory-for-families","status":"publish","type":"post","link":"https:\/\/cofionline.org\/es\/cofi-and-power-pac-il-win-major-utility-victory-for-families\/","title":{"rendered":"COFI y POWER-PAC IL obtienen una importante victoria en servicios p\u00fablicos para las familias"},"content":{"rendered":"<p>\u00a1Muchas felicidades a la campa\u00f1a &quot;Saliendo de la pobreza&quot; de POWER-PAC IL por organizar y denunciar las escandalosas propuestas de aumento de tarifas de Peoples Gas, Ameren y Nicor durante casi un a\u00f1o! El 16 de noviembre, la Comisi\u00f3n de Comercio de Illinois (ICC) redujo significativamente las propuestas de las tres compa\u00f1\u00edas de servicios p\u00fablicos; la propuesta de Ameren fue <a href=\"https:\/\/ltgov.illinois.gov\/news\/press-release.27313.html\">reducido<\/a> por 50.8%, Nicor&#039;s fue <a href=\"https:\/\/news.wttw.com\/2023\/11\/17\/advocates-hail-regulatory-earthquake-state-slashes-requested-gas-rate-increases\">disminuido<\/a> a las 30.3%, y Peoples Gas fue <a href=\"https:\/\/ltgov.illinois.gov\/news\/press-release.27314.html#:~:text=State%20Recreation%20Area-,ICC%20Issues%20Decision%20on%20Peoples%20Gas%20and,Gas'%20General%20Rate%20Increase%20Requests&amp;text=Chicago%2C%20IL%20%2D%20Today%2C%20the,gas%20delivery%20services%20in%20Illinois.\">cortado<\/a> por 25%.<\/p>\n\n\n\n<p>Adem\u00e1s, la CPI aprob\u00f3 las recomendaciones de COFI\/POWER-PAC IL, el Centro Nacional de Derecho del Consumidor y Legal Aid Chicago para implementar programas para personas de bajos ingresos. <strong>tasas de descuento<\/strong> para los clientes de Peoples Gas, Nicor y Ameren, y tarifas fijas m\u00e1s bajas para cada una de las compa\u00f1\u00edas de servicios p\u00fablicos.<\/p>\n\n\n\n<p>\u201cCada mes, familias de todo Illinois reciben facturas de servicios p\u00fablicos inasequibles que nos obligan a tomar decisiones dif\u00edciles para evitar la desconexi\u00f3n\u201d, dijo <strong>Donna Carpenter, copresidenta de la campa\u00f1a &quot;Saliendo de la pobreza&quot; de COFI y copresidenta de POWER-PAC Illinois de COFI.<\/strong>. \u201cAgradecemos a los comisionados de la ICC por escucharnos atentamente, a nosotros, los clientes de servicios p\u00fablicos con dificultades econ\u00f3micas, y por reconocer que los continuos aumentos de tarifas son simplemente inasequibles para muchos de nosotros en todo el estado. \u00a1Este es un gran paso en la direcci\u00f3n correcta!\u201d<\/p>\n\n\n\n<figure class=\"wp-block-image aligncenter size-large is-resized\"><img loading=\"lazy\" decoding=\"async\" width=\"1200\" height=\"900\" src=\"https:\/\/cofionline.org\/wp-content\/uploads\/2023\/12\/IMG_2598-1200x900.jpg\" alt=\"Six POWER-PAC IL parent leaders and COFI staff stand outside Chicago's City Hall with signs about lowering heating bills. Prior to this, they attended the 10.19.2023 ICC Meeting to urge the Commission to reject the rate hikes and make utilities more affordable. \" class=\"wp-image-3337\" style=\"aspect-ratio:1.3333333333333333;width:435px;height:auto\"\/><figcaption class=\"wp-element-caption\"><em>Los l\u00edderes de padres de POWER-PAC IL y el personal de COFI se unieron a la Coalici\u00f3n de Empleos Limpios de Illinois el 16 de octubre para pedir a los funcionarios de la ciudad de Chicago que apoyen la Ordenanza de Edificios Limpios y Asequibles. COFI\/POWER-PAC IL tambi\u00e9n se uni\u00f3 a la coalici\u00f3n en la reuni\u00f3n de la ICC y les inst\u00f3 a rechazar los aumentos de tarifas propuestos. <\/em><\/figcaption><\/figure>\n\n\n\n<p><strong>Tasa de descuento para personas de bajos ingresos y cargos fijos m\u00e1s bajos<\/strong><\/p>\n\n\n\n<p>El de cinco niveles <strong>tasa de descuento<\/strong> Se aplicar\u00e1 a la factura total del cliente, en lugar de a los costos fijos, que generalmente representan una peque\u00f1a parte de la factura del consumidor. Esta decisi\u00f3n indica que, por primera vez, una resoluci\u00f3n de la Comisi\u00f3n ha abordado espec\u00edficamente la asequibilidad para los clientes con dificultades econ\u00f3micas.<\/p>\n\n\n\n<p>La reducci\u00f3n del cargo al cliente implica que las compa\u00f1\u00edas de servicios p\u00fablicos deber\u00e1n disminuir el cargo fijo en las facturas. Por ejemplo, a los clientes de Peoples Gas se les cobraba alrededor de $60 durante los meses de verano, cuando las familias y los particulares a menudo no utilizan la calefacci\u00f3n.<\/p>\n\n\n\n<p>Todav\u00eda queda mucho trabajo por hacer, ya que las familias deben lidiar con los planes de pago de servicios p\u00fablicos y corren el riesgo de que les corten el servicio por infracciones menores. Pero estas recomendaciones son un gran paso para ayudar a las familias de Illinois a prosperar y poner fin a los ciclos de pobreza y deuda que perjudican desproporcionadamente a las comunidades de bajos ingresos. Mant\u00e9ngase informado sobre las actualizaciones de los servicios p\u00fablicos y <a href=\"https:\/\/cofionline.org\/es\/what-you-can-do\/stay-informed\/\">Suscr\u00edbete a nuestro bolet\u00edn informativo<\/a>.<\/p>\n\n\n\n<p><strong><a href=\"https:\/\/www.nclc.org\/illinois-commerce-commission-approves-robust-discounted-utility-rates\/\">Lea m\u00e1s sobre esta victoria en el comunicado de prensa del Centro Nacional de Derecho del Consumidor.<\/a>.<\/strong><\/p>","protected":false},"excerpt":{"rendered":"<p>A huge congratulations to POWER-PAC IL\u2019s Stepping Out of Poverty Campaign for organizing and calling out the outlandish rate hike proposals from Peoples Gas, Ameren, and Nicor for nearly a year! On Nov. 16, the Illinois Commerce Commission (ICC) significantly reduced the proposals for all three utility companies \u2013 Ameren\u2019s proposal was reduced by 50.8%, [&hellip;]<\/p>\n","protected":false},"author":17,"featured_media":3069,"comment_status":"closed","ping_status":"closed","sticky":false,"template":"","format":"standard","meta":{"_acf_changed":false,"_et_pb_use_builder":"","_et_pb_old_content":"","_et_gb_content_width":"","footnotes":""},"categories":[27,19,20],"tags":[],"class_list":["post-3336","post","type-post","status-publish","format-standard","has-post-thumbnail","hentry","category-power-pac-il","category-stepping-out-of-poverty","category-utilities"],"acf":[],"yoast_head":"<!-- This site is optimized with the Yoast SEO plugin v27.5 - https:\/\/yoast.com\/product\/yoast-seo-wordpress\/ -->\n<title>COFI and POWER-PAC IL Win Major Utility Victory for Families | COFI<\/title>\n<meta name=\"description\" content=\"Congrats to COFI and POWER-PAC IL parent leaders for helping lower the proposed utility rate hikes and winning a major victory for families!\" \/>\n<meta name=\"robots\" content=\"index, follow, max-snippet:-1, max-image-preview:large, max-video-preview:-1\" \/>\n<link rel=\"canonical\" href=\"https:\/\/cofionline.org\/es\/cofi-and-power-pac-il-win-major-utility-victory-for-families\/\" \/>\n<meta property=\"og:locale\" content=\"es_MX\" \/>\n<meta property=\"og:type\" content=\"article\" \/>\n<meta property=\"og:title\" content=\"COFI and POWER-PAC IL Win Major Utility Victory for Families\" \/>\n<meta property=\"og:description\" content=\"A huge congratulations to POWER-PAC IL\u2019s Stepping Out of Poverty Campaign for organizing and calling out the outlandish rate hike proposals from Peoples Gas, Ameren, and Nicor for nearly a year!\" \/>\n<meta property=\"og:url\" content=\"https:\/\/cofionline.org\/es\/cofi-and-power-pac-il-win-major-utility-victory-for-families\/\" \/>\n<meta property=\"og:site_name\" content=\"COFI\" \/>\n<meta property=\"article:published_time\" content=\"2023-11-30T17:07:53+00:00\" \/>\n<meta property=\"article:modified_time\" content=\"2023-12-20T16:29:25+00:00\" \/>\n<meta property=\"og:image\" content=\"https:\/\/cofionline.org\/wp-content\/uploads\/2023\/04\/IMG_2549-scaled.jpg\" \/>\n\t<meta property=\"og:image:width\" content=\"2560\" \/>\n\t<meta property=\"og:image:height\" content=\"1707\" \/>\n\t<meta property=\"og:image:type\" content=\"image\/jpeg\" \/>\n<meta name=\"author\" content=\"Jacqui Guillen\" \/>\n<meta name=\"twitter:card\" content=\"summary_large_image\" \/>\n<meta name=\"twitter:title\" content=\"COFI and POWER-PAC IL Win Major Utility Victory for Families\" \/>\n<meta name=\"twitter:description\" content=\"A huge congratulations to POWER-PAC IL\u2019s Stepping Out of Poverty Campaign for organizing and calling out the outlandish rate hike proposals from Peoples Gas, Ameren, and Nicor for nearly a year!\" \/>\n<meta name=\"twitter:image\" content=\"https:\/\/cofionline.org\/wp-content\/uploads\/2023\/04\/IMG_2549-scaled.jpg\" \/>\n<meta name=\"twitter:label1\" content=\"Escrito por\" \/>\n\t<meta name=\"twitter:data1\" content=\"Jacqui Guillen\" \/>\n\t<meta name=\"twitter:label2\" content=\"Tiempo de lectura\" \/>\n\t<meta name=\"twitter:data2\" content=\"3 minutos\" \/>\n<script type=\"application\/ld+json\" class=\"yoast-schema-graph\">{\"@context\":\"https:\\\/\\\/schema.org\",\"@graph\":[{\"@type\":\"Article\",\"@id\":\"https:\\\/\\\/cofionline.org\\\/cofi-and-power-pac-il-win-major-utility-victory-for-families\\\/#article\",\"isPartOf\":{\"@id\":\"https:\\\/\\\/cofionline.org\\\/cofi-and-power-pac-il-win-major-utility-victory-for-families\\\/\"},\"author\":{\"name\":\"Jacqui Guillen\",\"@id\":\"https:\\\/\\\/cofionline.org\\\/#\\\/schema\\\/person\\\/8489c18c2d8535c80f441301fe2333ca\"},\"headline\":\"COFI and POWER-PAC IL Win Major Utility Victory for Families\",\"datePublished\":\"2023-11-30T17:07:53+00:00\",\"dateModified\":\"2023-12-20T16:29:25+00:00\",\"mainEntityOfPage\":{\"@id\":\"https:\\\/\\\/cofionline.org\\\/cofi-and-power-pac-il-win-major-utility-victory-for-families\\\/\"},\"wordCount\":414,\"publisher\":{\"@id\":\"https:\\\/\\\/cofionline.org\\\/#organization\"},\"image\":{\"@id\":\"https:\\\/\\\/cofionline.org\\\/cofi-and-power-pac-il-win-major-utility-victory-for-families\\\/#primaryimage\"},\"thumbnailUrl\":\"https:\\\/\\\/cofionline.org\\\/wp-content\\\/uploads\\\/2023\\\/04\\\/IMG_2549-scaled.jpg\",\"articleSection\":[\"POWER-PAC IL\",\"Stepping Out of Poverty\",\"Utilities\"],\"inLanguage\":\"es\"},{\"@type\":\"WebPage\",\"@id\":\"https:\\\/\\\/cofionline.org\\\/cofi-and-power-pac-il-win-major-utility-victory-for-families\\\/\",\"url\":\"https:\\\/\\\/cofionline.org\\\/cofi-and-power-pac-il-win-major-utility-victory-for-families\\\/\",\"name\":\"COFI and POWER-PAC IL Win Major Utility Victory for Families | COFI\",\"isPartOf\":{\"@id\":\"https:\\\/\\\/cofionline.org\\\/#website\"},\"primaryImageOfPage\":{\"@id\":\"https:\\\/\\\/cofionline.org\\\/cofi-and-power-pac-il-win-major-utility-victory-for-families\\\/#primaryimage\"},\"image\":{\"@id\":\"https:\\\/\\\/cofionline.org\\\/cofi-and-power-pac-il-win-major-utility-victory-for-families\\\/#primaryimage\"},\"thumbnailUrl\":\"https:\\\/\\\/cofionline.org\\\/wp-content\\\/uploads\\\/2023\\\/04\\\/IMG_2549-scaled.jpg\",\"datePublished\":\"2023-11-30T17:07:53+00:00\",\"dateModified\":\"2023-12-20T16:29:25+00:00\",\"description\":\"Congrats to COFI and POWER-PAC IL parent leaders for helping lower the proposed utility rate hikes and winning a major victory for families!\",\"breadcrumb\":{\"@id\":\"https:\\\/\\\/cofionline.org\\\/cofi-and-power-pac-il-win-major-utility-victory-for-families\\\/#breadcrumb\"},\"inLanguage\":\"es\",\"potentialAction\":[{\"@type\":\"ReadAction\",\"target\":[\"https:\\\/\\\/cofionline.org\\\/cofi-and-power-pac-il-win-major-utility-victory-for-families\\\/\"]}]},{\"@type\":\"ImageObject\",\"inLanguage\":\"es\",\"@id\":\"https:\\\/\\\/cofionline.org\\\/cofi-and-power-pac-il-win-major-utility-victory-for-families\\\/#primaryimage\",\"url\":\"https:\\\/\\\/cofionline.org\\\/wp-content\\\/uploads\\\/2023\\\/04\\\/IMG_2549-scaled.jpg\",\"contentUrl\":\"https:\\\/\\\/cofionline.org\\\/wp-content\\\/uploads\\\/2023\\\/04\\\/IMG_2549-scaled.jpg\",\"width\":2560,\"height\":1707,\"caption\":\"People protesting in front of Peoples Gas headquarters\"},{\"@type\":\"BreadcrumbList\",\"@id\":\"https:\\\/\\\/cofionline.org\\\/cofi-and-power-pac-il-win-major-utility-victory-for-families\\\/#breadcrumb\",\"itemListElement\":[{\"@type\":\"ListItem\",\"position\":1,\"name\":\"Home\",\"item\":\"https:\\\/\\\/cofionline.org\\\/\"},{\"@type\":\"ListItem\",\"position\":2,\"name\":\"COFI and POWER-PAC IL Win Major Utility Victory for Families\"}]},{\"@type\":\"WebSite\",\"@id\":\"https:\\\/\\\/cofionline.org\\\/#website\",\"url\":\"https:\\\/\\\/cofionline.org\\\/\",\"name\":\"COFI | Community Organizing and Family Issues\",\"description\":\"Community Organizing and Family Issues\",\"publisher\":{\"@id\":\"https:\\\/\\\/cofionline.org\\\/#organization\"},\"potentialAction\":[{\"@type\":\"SearchAction\",\"target\":{\"@type\":\"EntryPoint\",\"urlTemplate\":\"https:\\\/\\\/cofionline.org\\\/?s={search_term_string}\"},\"query-input\":{\"@type\":\"PropertyValueSpecification\",\"valueRequired\":true,\"valueName\":\"search_term_string\"}}],\"inLanguage\":\"es\"},{\"@type\":\"Organization\",\"@id\":\"https:\\\/\\\/cofionline.org\\\/#organization\",\"name\":\"COFI | Community Organizing and Family Issues\",\"url\":\"https:\\\/\\\/cofionline.org\\\/\",\"logo\":{\"@type\":\"ImageObject\",\"inLanguage\":\"es\",\"@id\":\"https:\\\/\\\/cofionline.org\\\/#\\\/schema\\\/logo\\\/image\\\/\",\"url\":\"https:\\\/\\\/cofionline.org\\\/wp-content\\\/uploads\\\/2022\\\/12\\\/logo-cofi.png\",\"contentUrl\":\"https:\\\/\\\/cofionline.org\\\/wp-content\\\/uploads\\\/2022\\\/12\\\/logo-cofi.png\",\"width\":518,\"height\":180,\"caption\":\"COFI | Community Organizing and Family Issues\"},\"image\":{\"@id\":\"https:\\\/\\\/cofionline.org\\\/#\\\/schema\\\/logo\\\/image\\\/\"}},{\"@type\":\"Person\",\"@id\":\"https:\\\/\\\/cofionline.org\\\/#\\\/schema\\\/person\\\/8489c18c2d8535c80f441301fe2333ca\",\"name\":\"Jacqui Guillen\",\"image\":{\"@type\":\"ImageObject\",\"inLanguage\":\"es\",\"@id\":\"https:\\\/\\\/secure.gravatar.com\\\/avatar\\\/348fe4dbdc9c61b018997e2ab98c8fbd81039afaab75ea9dc2a9099981d7606e?s=96&d=mm&r=g\",\"url\":\"https:\\\/\\\/secure.gravatar.com\\\/avatar\\\/348fe4dbdc9c61b018997e2ab98c8fbd81039afaab75ea9dc2a9099981d7606e?s=96&d=mm&r=g\",\"contentUrl\":\"https:\\\/\\\/secure.gravatar.com\\\/avatar\\\/348fe4dbdc9c61b018997e2ab98c8fbd81039afaab75ea9dc2a9099981d7606e?s=96&d=mm&r=g\",\"caption\":\"Jacqui Guillen\"}}]}<\/script>\n<!-- \/ Yoast SEO plugin. -->","yoast_head_json":{"title":"COFI and POWER-PAC IL Win Major Utility Victory for Families | COFI","description":"Congrats to COFI and POWER-PAC IL parent leaders for helping lower the proposed utility rate hikes and winning a major victory for families!","robots":{"index":"index","follow":"follow","max-snippet":"max-snippet:-1","max-image-preview":"max-image-preview:large","max-video-preview":"max-video-preview:-1"},"canonical":"https:\/\/cofionline.org\/es\/cofi-and-power-pac-il-win-major-utility-victory-for-families\/","og_locale":"es_MX","og_type":"article","og_title":"COFI and POWER-PAC IL Win Major Utility Victory for Families","og_description":"A huge congratulations to POWER-PAC IL\u2019s Stepping Out of Poverty Campaign for organizing and calling out the outlandish rate hike proposals from Peoples Gas, Ameren, and Nicor for nearly a year!","og_url":"https:\/\/cofionline.org\/es\/cofi-and-power-pac-il-win-major-utility-victory-for-families\/","og_site_name":"COFI","article_published_time":"2023-11-30T17:07:53+00:00","article_modified_time":"2023-12-20T16:29:25+00:00","og_image":[{"width":2560,"height":1707,"url":"https:\/\/cofionline.org\/wp-content\/uploads\/2023\/04\/IMG_2549-scaled.jpg","type":"image\/jpeg"}],"author":"Jacqui Guillen","twitter_card":"summary_large_image","twitter_title":"COFI and POWER-PAC IL Win Major Utility Victory for Families","twitter_description":"A huge congratulations to POWER-PAC IL\u2019s Stepping Out of Poverty Campaign for organizing and calling out the outlandish rate hike proposals from Peoples Gas, Ameren, and Nicor for nearly a year!","twitter_image":"https:\/\/cofionline.org\/wp-content\/uploads\/2023\/04\/IMG_2549-scaled.jpg","twitter_misc":{"Escrito por":"Jacqui Guillen","Tiempo de lectura":"3 minutos"},"schema":{"@context":"https:\/\/schema.org","@graph":[{"@type":"Article","@id":"https:\/\/cofionline.org\/cofi-and-power-pac-il-win-major-utility-victory-for-families\/#article","isPartOf":{"@id":"https:\/\/cofionline.org\/cofi-and-power-pac-il-win-major-utility-victory-for-families\/"},"author":{"name":"Jacqui Guillen","@id":"https:\/\/cofionline.org\/#\/schema\/person\/8489c18c2d8535c80f441301fe2333ca"},"headline":"COFI and POWER-PAC IL Win Major Utility Victory for Families","datePublished":"2023-11-30T17:07:53+00:00","dateModified":"2023-12-20T16:29:25+00:00","mainEntityOfPage":{"@id":"https:\/\/cofionline.org\/cofi-and-power-pac-il-win-major-utility-victory-for-families\/"},"wordCount":414,"publisher":{"@id":"https:\/\/cofionline.org\/#organization"},"image":{"@id":"https:\/\/cofionline.org\/cofi-and-power-pac-il-win-major-utility-victory-for-families\/#primaryimage"},"thumbnailUrl":"https:\/\/cofionline.org\/wp-content\/uploads\/2023\/04\/IMG_2549-scaled.jpg","articleSection":["POWER-PAC IL","Stepping Out of Poverty","Utilities"],"inLanguage":"es"},{"@type":"WebPage","@id":"https:\/\/cofionline.org\/cofi-and-power-pac-il-win-major-utility-victory-for-families\/","url":"https:\/\/cofionline.org\/cofi-and-power-pac-il-win-major-utility-victory-for-families\/","name":"COFI and POWER-PAC IL Win Major Utility Victory for Families | COFI","isPartOf":{"@id":"https:\/\/cofionline.org\/#website"},"primaryImageOfPage":{"@id":"https:\/\/cofionline.org\/cofi-and-power-pac-il-win-major-utility-victory-for-families\/#primaryimage"},"image":{"@id":"https:\/\/cofionline.org\/cofi-and-power-pac-il-win-major-utility-victory-for-families\/#primaryimage"},"thumbnailUrl":"https:\/\/cofionline.org\/wp-content\/uploads\/2023\/04\/IMG_2549-scaled.jpg","datePublished":"2023-11-30T17:07:53+00:00","dateModified":"2023-12-20T16:29:25+00:00","description":"Congrats to COFI and POWER-PAC IL parent leaders for helping lower the proposed utility rate hikes and winning a major victory for families!","breadcrumb":{"@id":"https:\/\/cofionline.org\/cofi-and-power-pac-il-win-major-utility-victory-for-families\/#breadcrumb"},"inLanguage":"es","potentialAction":[{"@type":"ReadAction","target":["https:\/\/cofionline.org\/cofi-and-power-pac-il-win-major-utility-victory-for-families\/"]}]},{"@type":"ImageObject","inLanguage":"es","@id":"https:\/\/cofionline.org\/cofi-and-power-pac-il-win-major-utility-victory-for-families\/#primaryimage","url":"https:\/\/cofionline.org\/wp-content\/uploads\/2023\/04\/IMG_2549-scaled.jpg","contentUrl":"https:\/\/cofionline.org\/wp-content\/uploads\/2023\/04\/IMG_2549-scaled.jpg","width":2560,"height":1707,"caption":"People protesting in front of Peoples Gas headquarters"},{"@type":"BreadcrumbList","@id":"https:\/\/cofionline.org\/cofi-and-power-pac-il-win-major-utility-victory-for-families\/#breadcrumb","itemListElement":[{"@type":"ListItem","position":1,"name":"Home","item":"https:\/\/cofionline.org\/"},{"@type":"ListItem","position":2,"name":"COFI and POWER-PAC IL Win Major Utility Victory for Families"}]},{"@type":"WebSite","@id":"https:\/\/cofionline.org\/#website","url":"https:\/\/cofionline.org\/","name":"COFI | Organizaci\u00f3n comunitaria y asuntos familiares","description":"Organizaci\u00f3n comunitaria y asuntos familiares","publisher":{"@id":"https:\/\/cofionline.org\/#organization"},"potentialAction":[{"@type":"SearchAction","target":{"@type":"EntryPoint","urlTemplate":"https:\/\/cofionline.org\/?s={search_term_string}"},"query-input":{"@type":"PropertyValueSpecification","valueRequired":true,"valueName":"search_term_string"}}],"inLanguage":"es"},{"@type":"Organization","@id":"https:\/\/cofionline.org\/#organization","name":"COFI | Organizaci\u00f3n comunitaria y asuntos familiares","url":"https:\/\/cofionline.org\/","logo":{"@type":"ImageObject","inLanguage":"es","@id":"https:\/\/cofionline.org\/#\/schema\/logo\/image\/","url":"https:\/\/cofionline.org\/wp-content\/uploads\/2022\/12\/logo-cofi.png","contentUrl":"https:\/\/cofionline.org\/wp-content\/uploads\/2022\/12\/logo-cofi.png","width":518,"height":180,"caption":"COFI | Community Organizing and Family Issues"},"image":{"@id":"https:\/\/cofionline.org\/#\/schema\/logo\/image\/"}},{"@type":"Person","@id":"https:\/\/cofionline.org\/#\/schema\/person\/8489c18c2d8535c80f441301fe2333ca","name":"Jacqui Guillen","image":{"@type":"ImageObject","inLanguage":"es","@id":"https:\/\/secure.gravatar.com\/avatar\/348fe4dbdc9c61b018997e2ab98c8fbd81039afaab75ea9dc2a9099981d7606e?s=96&d=mm&r=g","url":"https:\/\/secure.gravatar.com\/avatar\/348fe4dbdc9c61b018997e2ab98c8fbd81039afaab75ea9dc2a9099981d7606e?s=96&d=mm&r=g","contentUrl":"https:\/\/secure.gravatar.com\/avatar\/348fe4dbdc9c61b018997e2ab98c8fbd81039afaab75ea9dc2a9099981d7606e?s=96&d=mm&r=g","caption":"Jacqui Guillen"}}]}},"_links":{"self":[{"href":"https:\/\/cofionline.org\/es\/wp-json\/wp\/v2\/posts\/3336","targetHints":{"allow":["GET"]}}],"collection":[{"href":"https:\/\/cofionline.org\/es\/wp-json\/wp\/v2\/posts"}],"about":[{"href":"https:\/\/cofionline.org\/es\/wp-json\/wp\/v2\/types\/post"}],"author":[{"embeddable":true,"href":"https:\/\/cofionline.org\/es\/wp-json\/wp\/v2\/users\/17"}],"replies":[{"embeddable":true,"href":"https:\/\/cofionline.org\/es\/wp-json\/wp\/v2\/comments?post=3336"}],"version-history":[{"count":0,"href":"https:\/\/cofionline.org\/es\/wp-json\/wp\/v2\/posts\/3336\/revisions"}],"wp:featuredmedia":[{"embeddable":true,"href":"https:\/\/cofionline.org\/es\/wp-json\/wp\/v2\/media\/3069"}],"wp:attachment":[{"href":"https:\/\/cofionline.org\/es\/wp-json\/wp\/v2\/media?parent=3336"}],"wp:term":[{"taxonomy":"category","embeddable":true,"href":"https:\/\/cofionline.org\/es\/wp-json\/wp\/v2\/categories?post=3336"},{"taxonomy":"post_tag","embeddable":true,"href":"https:\/\/cofionline.org\/es\/wp-json\/wp\/v2\/tags?post=3336"}],"curies":[{"name":"wp","href":"https:\/\/api.w.org\/{rel}","templated":true}]}}