{"id":3272,"date":"2023-10-07T15:58:10","date_gmt":"2023-10-07T20:58:10","guid":{"rendered":"https:\/\/devcofi.wpenginepowered.com\/?p=3272"},"modified":"2023-10-19T09:15:35","modified_gmt":"2023-10-19T14:15:35","slug":"westside-parent-leaders-speak-at-child-care-for-all-town-hall","status":"publish","type":"post","link":"https:\/\/cofionline.org\/es\/westside-parent-leaders-speak-at-child-care-for-all-town-hall\/","title":{"rendered":"Padres l\u00edderes de Westside hablan en el ayuntamiento de Child Care for All"},"content":{"rendered":"<p>Delegado de la sucursal de POWER-PAC IL\/Chicago Westside <strong>Lisa Russell<\/strong> y copresidenta de la campa\u00f1a de aprendizaje temprano de POWER-PAC IL <strong>yolanda williams<\/strong> El 5 de octubre intervino en el foro p\u00fablico de la Coalici\u00f3n de Illinois para el Cuidado Infantil para Todos, celebrado en el lado oeste de la ciudad. La Coalici\u00f3n, de la que forman parte COFI y POWER-PAC IL, hizo un llamamiento a los funcionarios locales y estatales para que ayuden a los proveedores de cuidado infantil a obtener un salario digno y para que el cuidado infantil sea accesible y asequible para las familias. <a href=\"https:\/\/www.austinweeklynews.com\/2023\/10\/06\/child-care-workers-parents-urge-city-to-increase-child-care-funding\/\">Lee mas<\/a> sobre el Ayuntamiento en el <em>Noticias semanales de Austin<\/em>. <\/p>\n\n\n\n<p>\u201cLos altos costos del cuidado infantil suponen una carga financiera para padres como Lisa Russell, de Garfield Park, quien habl\u00f3 ante una docena de asistentes, incluido el concejal Jason Ervin (distrito 28), en una reuni\u00f3n p\u00fablica celebrada en una iglesia de Garfield Park.<\/p>\n\n\n\n<p>Los altos costos del cuidado infantil representan obst\u00e1culos adicionales para las madres trabajadoras. El elevado precio de los servicios de guarder\u00eda y la escasa inversi\u00f3n p\u00fablica, ya sea en forma de subsidios o de programas de cuidado infantil financiados con fondos p\u00fablicos, obligan a las madres a dejar sus empleos. Las madres con salarios m\u00e1s bajos se ven especialmente afectadas, seg\u00fan inform\u00f3 el Departamento de Trabajo a principios de este a\u00f1o.<\/p>\n\n\n\n<p>En el condado de Cook, el ingreso medio de las mujeres es de 12.000 d\u00f3lares, mientras que el costo medio del cuidado infantil en una guarder\u00eda es de aproximadamente 18.000 d\u00f3lares, seg\u00fan datos del Departamento de Trabajo. Este costo representa cerca del 191% del ingreso familiar medio del condado.<\/p>\n\n\n\n<p>En las comunidades del West Side, entre el 15% y el 25% de los hogares familiares son monoparentales, seg\u00fan datos de la Agencia Metropolitana de Planificaci\u00f3n de Chicago.<\/p>\n\n\n\n<p>La hija de Russell se vio obligada a dejar su trabajo tras recibir un ascenso, ya que el aumento salarial la descalific\u00f3 para el programa de asistencia estatal.<\/p>\n\n\n\n<p>Desde su creaci\u00f3n, la Coalici\u00f3n de Illinois para el Cuidado Infantil para Todos ha impulsado la ampliaci\u00f3n de los criterios de elegibilidad basados en los ingresos para el programa de asistencia para el cuidado infantil de Illinois.\u201d<\/p>","protected":false},"excerpt":{"rendered":"<p>POWER-PAC IL\/Chicago Westside Branch Delegate Lisa Russell and POWER-PAC IL Early Learning Campaign Co-Chair Yolanda Williams spoke at the Illinois Child Care for All Coalition&#8217;s West Side Town Hall on October 5. The Coalition, which COFI and POWER-PAC IL are a part of, called on local and state officials to help child care providers earn [&hellip;]<\/p>\n","protected":false},"author":17,"featured_media":3273,"comment_status":"closed","ping_status":"closed","sticky":false,"template":"","format":"standard","meta":{"_acf_changed":false,"_et_pb_use_builder":"","_et_pb_old_content":"","_et_gb_content_width":"","footnotes":""},"categories":[13,22,27],"tags":[],"class_list":["post-3272","post","type-post","status-publish","format-standard","has-post-thumbnail","hentry","category-early-learning-campaign","category-in-the-media","category-power-pac-il"],"acf":[],"yoast_head":"<!-- This site is optimized with the Yoast SEO plugin v27.5 - https:\/\/yoast.com\/product\/yoast-seo-wordpress\/ -->\n<title>Westside Parent Leaders Speak at Child Care for All Town Hall | COFI<\/title>\n<meta name=\"description\" content=\"POWER-PAC IL members Lisa Russell and Yolanda Williams spoke at the Illinois Child Care for All Coalition&#039;s West Side Town Hall.\" \/>\n<meta name=\"robots\" content=\"index, follow, max-snippet:-1, max-image-preview:large, max-video-preview:-1\" \/>\n<link rel=\"canonical\" href=\"https:\/\/cofionline.org\/es\/westside-parent-leaders-speak-at-child-care-for-all-town-hall\/\" \/>\n<meta property=\"og:locale\" content=\"es_MX\" \/>\n<meta property=\"og:type\" content=\"article\" \/>\n<meta property=\"og:title\" content=\"Westside Parent Leaders Speak at Child Care for All Town Hall\" \/>\n<meta property=\"og:description\" content=\"POWER-PAC IL\/Chicago Westside Branch Delegate Lisa Russell and POWER-PAC IL Early Learning Campaign Co-Chair Yolanda Williams spoke at the Illinois Child Care for All Coalition&#039;s West Side Town Hall on October 5. Read more.\" \/>\n<meta property=\"og:url\" content=\"https:\/\/cofionline.org\/es\/westside-parent-leaders-speak-at-child-care-for-all-town-hall\/\" \/>\n<meta property=\"og:site_name\" content=\"COFI\" \/>\n<meta property=\"article:published_time\" content=\"2023-10-07T20:58:10+00:00\" \/>\n<meta property=\"article:modified_time\" content=\"2023-10-19T14:15:35+00:00\" \/>\n<meta property=\"og:image\" content=\"https:\/\/cofionline.org\/wp-content\/uploads\/2023\/10\/West-Side-Town-Hall-2-scaled-e1696972452483.jpg\" \/>\n\t<meta property=\"og:image:width\" content=\"1200\" \/>\n\t<meta property=\"og:image:height\" content=\"1053\" \/>\n\t<meta property=\"og:image:type\" content=\"image\/jpeg\" \/>\n<meta name=\"author\" content=\"Jacqui Guillen\" \/>\n<meta name=\"twitter:card\" content=\"summary_large_image\" \/>\n<meta name=\"twitter:title\" content=\"Westside Parent Leaders Speak at Child Care for All Town Hall\" \/>\n<meta name=\"twitter:description\" content=\"POWER-PAC IL\/Chicago Westside Branch Delegate Lisa Russell and POWER-PAC IL Early Learning Campaign Co-Chair Yolanda Williams spoke at the Illinois Child Care for All Coalition&#039;s West Side Town Hall on October 5.\" \/>\n<meta name=\"twitter:image\" content=\"https:\/\/cofionline.org\/wp-content\/uploads\/2023\/10\/West-Side-Town-Hall-2-scaled-e1696972452483.jpg\" \/>\n<meta name=\"twitter:label1\" content=\"Escrito por\" \/>\n\t<meta name=\"twitter:data1\" content=\"Jacqui Guillen\" \/>\n\t<meta name=\"twitter:label2\" content=\"Tiempo de lectura\" \/>\n\t<meta name=\"twitter:data2\" content=\"2 minutos\" \/>\n<script type=\"application\/ld+json\" class=\"yoast-schema-graph\">{\"@context\":\"https:\\\/\\\/schema.org\",\"@graph\":[{\"@type\":\"Article\",\"@id\":\"https:\\\/\\\/cofionline.org\\\/westside-parent-leaders-speak-at-child-care-for-all-town-hall\\\/#article\",\"isPartOf\":{\"@id\":\"https:\\\/\\\/cofionline.org\\\/westside-parent-leaders-speak-at-child-care-for-all-town-hall\\\/\"},\"author\":{\"name\":\"Jacqui Guillen\",\"@id\":\"https:\\\/\\\/cofionline.org\\\/#\\\/schema\\\/person\\\/8489c18c2d8535c80f441301fe2333ca\"},\"headline\":\"Westside Parent Leaders Speak at Child Care for All Town Hall\",\"datePublished\":\"2023-10-07T20:58:10+00:00\",\"dateModified\":\"2023-10-19T14:15:35+00:00\",\"mainEntityOfPage\":{\"@id\":\"https:\\\/\\\/cofionline.org\\\/westside-parent-leaders-speak-at-child-care-for-all-town-hall\\\/\"},\"wordCount\":283,\"publisher\":{\"@id\":\"https:\\\/\\\/cofionline.org\\\/#organization\"},\"image\":{\"@id\":\"https:\\\/\\\/cofionline.org\\\/westside-parent-leaders-speak-at-child-care-for-all-town-hall\\\/#primaryimage\"},\"thumbnailUrl\":\"https:\\\/\\\/cofionline.org\\\/wp-content\\\/uploads\\\/2023\\\/10\\\/West-Side-Town-Hall-2-scaled-e1696972452483.jpg\",\"articleSection\":[\"Early Learning Campaign\",\"In the Media\",\"POWER-PAC IL\"],\"inLanguage\":\"es\"},{\"@type\":\"WebPage\",\"@id\":\"https:\\\/\\\/cofionline.org\\\/westside-parent-leaders-speak-at-child-care-for-all-town-hall\\\/\",\"url\":\"https:\\\/\\\/cofionline.org\\\/westside-parent-leaders-speak-at-child-care-for-all-town-hall\\\/\",\"name\":\"Westside Parent Leaders Speak at Child Care for All Town Hall | COFI\",\"isPartOf\":{\"@id\":\"https:\\\/\\\/cofionline.org\\\/#website\"},\"primaryImageOfPage\":{\"@id\":\"https:\\\/\\\/cofionline.org\\\/westside-parent-leaders-speak-at-child-care-for-all-town-hall\\\/#primaryimage\"},\"image\":{\"@id\":\"https:\\\/\\\/cofionline.org\\\/westside-parent-leaders-speak-at-child-care-for-all-town-hall\\\/#primaryimage\"},\"thumbnailUrl\":\"https:\\\/\\\/cofionline.org\\\/wp-content\\\/uploads\\\/2023\\\/10\\\/West-Side-Town-Hall-2-scaled-e1696972452483.jpg\",\"datePublished\":\"2023-10-07T20:58:10+00:00\",\"dateModified\":\"2023-10-19T14:15:35+00:00\",\"description\":\"POWER-PAC IL members Lisa Russell and Yolanda Williams spoke at the Illinois Child Care for All Coalition's West Side Town Hall.\",\"breadcrumb\":{\"@id\":\"https:\\\/\\\/cofionline.org\\\/westside-parent-leaders-speak-at-child-care-for-all-town-hall\\\/#breadcrumb\"},\"inLanguage\":\"es\",\"potentialAction\":[{\"@type\":\"ReadAction\",\"target\":[\"https:\\\/\\\/cofionline.org\\\/westside-parent-leaders-speak-at-child-care-for-all-town-hall\\\/\"]}]},{\"@type\":\"ImageObject\",\"inLanguage\":\"es\",\"@id\":\"https:\\\/\\\/cofionline.org\\\/westside-parent-leaders-speak-at-child-care-for-all-town-hall\\\/#primaryimage\",\"url\":\"https:\\\/\\\/cofionline.org\\\/wp-content\\\/uploads\\\/2023\\\/10\\\/West-Side-Town-Hall-2-scaled-e1696972452483.jpg\",\"contentUrl\":\"https:\\\/\\\/cofionline.org\\\/wp-content\\\/uploads\\\/2023\\\/10\\\/West-Side-Town-Hall-2-scaled-e1696972452483.jpg\",\"width\":1200,\"height\":1053,\"caption\":\"Lisa Russell and Yolanda Williams stand in front of a sign in support of child care for all\"},{\"@type\":\"BreadcrumbList\",\"@id\":\"https:\\\/\\\/cofionline.org\\\/westside-parent-leaders-speak-at-child-care-for-all-town-hall\\\/#breadcrumb\",\"itemListElement\":[{\"@type\":\"ListItem\",\"position\":1,\"name\":\"Home\",\"item\":\"https:\\\/\\\/cofionline.org\\\/\"},{\"@type\":\"ListItem\",\"position\":2,\"name\":\"Westside Parent Leaders Speak at Child Care for All Town Hall\"}]},{\"@type\":\"WebSite\",\"@id\":\"https:\\\/\\\/cofionline.org\\\/#website\",\"url\":\"https:\\\/\\\/cofionline.org\\\/\",\"name\":\"COFI | Community Organizing and Family Issues\",\"description\":\"Community Organizing and Family Issues\",\"publisher\":{\"@id\":\"https:\\\/\\\/cofionline.org\\\/#organization\"},\"potentialAction\":[{\"@type\":\"SearchAction\",\"target\":{\"@type\":\"EntryPoint\",\"urlTemplate\":\"https:\\\/\\\/cofionline.org\\\/?s={search_term_string}\"},\"query-input\":{\"@type\":\"PropertyValueSpecification\",\"valueRequired\":true,\"valueName\":\"search_term_string\"}}],\"inLanguage\":\"es\"},{\"@type\":\"Organization\",\"@id\":\"https:\\\/\\\/cofionline.org\\\/#organization\",\"name\":\"COFI | Community Organizing and Family Issues\",\"url\":\"https:\\\/\\\/cofionline.org\\\/\",\"logo\":{\"@type\":\"ImageObject\",\"inLanguage\":\"es\",\"@id\":\"https:\\\/\\\/cofionline.org\\\/#\\\/schema\\\/logo\\\/image\\\/\",\"url\":\"https:\\\/\\\/cofionline.org\\\/wp-content\\\/uploads\\\/2022\\\/12\\\/logo-cofi.png\",\"contentUrl\":\"https:\\\/\\\/cofionline.org\\\/wp-content\\\/uploads\\\/2022\\\/12\\\/logo-cofi.png\",\"width\":518,\"height\":180,\"caption\":\"COFI | Community Organizing and Family Issues\"},\"image\":{\"@id\":\"https:\\\/\\\/cofionline.org\\\/#\\\/schema\\\/logo\\\/image\\\/\"}},{\"@type\":\"Person\",\"@id\":\"https:\\\/\\\/cofionline.org\\\/#\\\/schema\\\/person\\\/8489c18c2d8535c80f441301fe2333ca\",\"name\":\"Jacqui Guillen\",\"image\":{\"@type\":\"ImageObject\",\"inLanguage\":\"es\",\"@id\":\"https:\\\/\\\/secure.gravatar.com\\\/avatar\\\/348fe4dbdc9c61b018997e2ab98c8fbd81039afaab75ea9dc2a9099981d7606e?s=96&d=mm&r=g\",\"url\":\"https:\\\/\\\/secure.gravatar.com\\\/avatar\\\/348fe4dbdc9c61b018997e2ab98c8fbd81039afaab75ea9dc2a9099981d7606e?s=96&d=mm&r=g\",\"contentUrl\":\"https:\\\/\\\/secure.gravatar.com\\\/avatar\\\/348fe4dbdc9c61b018997e2ab98c8fbd81039afaab75ea9dc2a9099981d7606e?s=96&d=mm&r=g\",\"caption\":\"Jacqui Guillen\"}}]}<\/script>\n<!-- \/ Yoast SEO plugin. -->","yoast_head_json":{"title":"Westside Parent Leaders Speak at Child Care for All Town Hall | COFI","description":"POWER-PAC IL members Lisa Russell and Yolanda Williams spoke at the Illinois Child Care for All Coalition's West Side Town Hall.","robots":{"index":"index","follow":"follow","max-snippet":"max-snippet:-1","max-image-preview":"max-image-preview:large","max-video-preview":"max-video-preview:-1"},"canonical":"https:\/\/cofionline.org\/es\/westside-parent-leaders-speak-at-child-care-for-all-town-hall\/","og_locale":"es_MX","og_type":"article","og_title":"Westside Parent Leaders Speak at Child Care for All Town Hall","og_description":"POWER-PAC IL\/Chicago Westside Branch Delegate Lisa Russell and POWER-PAC IL Early Learning Campaign Co-Chair Yolanda Williams spoke at the Illinois Child Care for All Coalition's West Side Town Hall on October 5. Read more.","og_url":"https:\/\/cofionline.org\/es\/westside-parent-leaders-speak-at-child-care-for-all-town-hall\/","og_site_name":"COFI","article_published_time":"2023-10-07T20:58:10+00:00","article_modified_time":"2023-10-19T14:15:35+00:00","og_image":[{"width":1200,"height":1053,"url":"https:\/\/cofionline.org\/wp-content\/uploads\/2023\/10\/West-Side-Town-Hall-2-scaled-e1696972452483.jpg","type":"image\/jpeg"}],"author":"Jacqui Guillen","twitter_card":"summary_large_image","twitter_title":"Westside Parent Leaders Speak at Child Care for All Town Hall","twitter_description":"POWER-PAC IL\/Chicago Westside Branch Delegate Lisa Russell and POWER-PAC IL Early Learning Campaign Co-Chair Yolanda Williams spoke at the Illinois Child Care for All Coalition's West Side Town Hall on October 5.","twitter_image":"https:\/\/cofionline.org\/wp-content\/uploads\/2023\/10\/West-Side-Town-Hall-2-scaled-e1696972452483.jpg","twitter_misc":{"Escrito por":"Jacqui Guillen","Tiempo de lectura":"2 minutos"},"schema":{"@context":"https:\/\/schema.org","@graph":[{"@type":"Article","@id":"https:\/\/cofionline.org\/westside-parent-leaders-speak-at-child-care-for-all-town-hall\/#article","isPartOf":{"@id":"https:\/\/cofionline.org\/westside-parent-leaders-speak-at-child-care-for-all-town-hall\/"},"author":{"name":"Jacqui Guillen","@id":"https:\/\/cofionline.org\/#\/schema\/person\/8489c18c2d8535c80f441301fe2333ca"},"headline":"Westside Parent Leaders Speak at Child Care for All Town Hall","datePublished":"2023-10-07T20:58:10+00:00","dateModified":"2023-10-19T14:15:35+00:00","mainEntityOfPage":{"@id":"https:\/\/cofionline.org\/westside-parent-leaders-speak-at-child-care-for-all-town-hall\/"},"wordCount":283,"publisher":{"@id":"https:\/\/cofionline.org\/#organization"},"image":{"@id":"https:\/\/cofionline.org\/westside-parent-leaders-speak-at-child-care-for-all-town-hall\/#primaryimage"},"thumbnailUrl":"https:\/\/cofionline.org\/wp-content\/uploads\/2023\/10\/West-Side-Town-Hall-2-scaled-e1696972452483.jpg","articleSection":["Early Learning Campaign","In the Media","POWER-PAC IL"],"inLanguage":"es"},{"@type":"WebPage","@id":"https:\/\/cofionline.org\/westside-parent-leaders-speak-at-child-care-for-all-town-hall\/","url":"https:\/\/cofionline.org\/westside-parent-leaders-speak-at-child-care-for-all-town-hall\/","name":"Westside Parent Leaders Speak at Child Care for All Town Hall | COFI","isPartOf":{"@id":"https:\/\/cofionline.org\/#website"},"primaryImageOfPage":{"@id":"https:\/\/cofionline.org\/westside-parent-leaders-speak-at-child-care-for-all-town-hall\/#primaryimage"},"image":{"@id":"https:\/\/cofionline.org\/westside-parent-leaders-speak-at-child-care-for-all-town-hall\/#primaryimage"},"thumbnailUrl":"https:\/\/cofionline.org\/wp-content\/uploads\/2023\/10\/West-Side-Town-Hall-2-scaled-e1696972452483.jpg","datePublished":"2023-10-07T20:58:10+00:00","dateModified":"2023-10-19T14:15:35+00:00","description":"POWER-PAC IL members Lisa Russell and Yolanda Williams spoke at the Illinois Child Care for All Coalition's West Side Town Hall.","breadcrumb":{"@id":"https:\/\/cofionline.org\/westside-parent-leaders-speak-at-child-care-for-all-town-hall\/#breadcrumb"},"inLanguage":"es","potentialAction":[{"@type":"ReadAction","target":["https:\/\/cofionline.org\/westside-parent-leaders-speak-at-child-care-for-all-town-hall\/"]}]},{"@type":"ImageObject","inLanguage":"es","@id":"https:\/\/cofionline.org\/westside-parent-leaders-speak-at-child-care-for-all-town-hall\/#primaryimage","url":"https:\/\/cofionline.org\/wp-content\/uploads\/2023\/10\/West-Side-Town-Hall-2-scaled-e1696972452483.jpg","contentUrl":"https:\/\/cofionline.org\/wp-content\/uploads\/2023\/10\/West-Side-Town-Hall-2-scaled-e1696972452483.jpg","width":1200,"height":1053,"caption":"Lisa Russell and Yolanda Williams stand in front of a sign in support of child care for all"},{"@type":"BreadcrumbList","@id":"https:\/\/cofionline.org\/westside-parent-leaders-speak-at-child-care-for-all-town-hall\/#breadcrumb","itemListElement":[{"@type":"ListItem","position":1,"name":"Home","item":"https:\/\/cofionline.org\/"},{"@type":"ListItem","position":2,"name":"Westside Parent Leaders Speak at Child Care for All Town Hall"}]},{"@type":"WebSite","@id":"https:\/\/cofionline.org\/#website","url":"https:\/\/cofionline.org\/","name":"COFI | Organizaci\u00f3n comunitaria y asuntos familiares","description":"Organizaci\u00f3n comunitaria y asuntos familiares","publisher":{"@id":"https:\/\/cofionline.org\/#organization"},"potentialAction":[{"@type":"SearchAction","target":{"@type":"EntryPoint","urlTemplate":"https:\/\/cofionline.org\/?s={search_term_string}"},"query-input":{"@type":"PropertyValueSpecification","valueRequired":true,"valueName":"search_term_string"}}],"inLanguage":"es"},{"@type":"Organization","@id":"https:\/\/cofionline.org\/#organization","name":"COFI | Organizaci\u00f3n comunitaria y asuntos familiares","url":"https:\/\/cofionline.org\/","logo":{"@type":"ImageObject","inLanguage":"es","@id":"https:\/\/cofionline.org\/#\/schema\/logo\/image\/","url":"https:\/\/cofionline.org\/wp-content\/uploads\/2022\/12\/logo-cofi.png","contentUrl":"https:\/\/cofionline.org\/wp-content\/uploads\/2022\/12\/logo-cofi.png","width":518,"height":180,"caption":"COFI | Community Organizing and Family Issues"},"image":{"@id":"https:\/\/cofionline.org\/#\/schema\/logo\/image\/"}},{"@type":"Person","@id":"https:\/\/cofionline.org\/#\/schema\/person\/8489c18c2d8535c80f441301fe2333ca","name":"Jacqui Guillen","image":{"@type":"ImageObject","inLanguage":"es","@id":"https:\/\/secure.gravatar.com\/avatar\/348fe4dbdc9c61b018997e2ab98c8fbd81039afaab75ea9dc2a9099981d7606e?s=96&d=mm&r=g","url":"https:\/\/secure.gravatar.com\/avatar\/348fe4dbdc9c61b018997e2ab98c8fbd81039afaab75ea9dc2a9099981d7606e?s=96&d=mm&r=g","contentUrl":"https:\/\/secure.gravatar.com\/avatar\/348fe4dbdc9c61b018997e2ab98c8fbd81039afaab75ea9dc2a9099981d7606e?s=96&d=mm&r=g","caption":"Jacqui Guillen"}}]}},"_links":{"self":[{"href":"https:\/\/cofionline.org\/es\/wp-json\/wp\/v2\/posts\/3272","targetHints":{"allow":["GET"]}}],"collection":[{"href":"https:\/\/cofionline.org\/es\/wp-json\/wp\/v2\/posts"}],"about":[{"href":"https:\/\/cofionline.org\/es\/wp-json\/wp\/v2\/types\/post"}],"author":[{"embeddable":true,"href":"https:\/\/cofionline.org\/es\/wp-json\/wp\/v2\/users\/17"}],"replies":[{"embeddable":true,"href":"https:\/\/cofionline.org\/es\/wp-json\/wp\/v2\/comments?post=3272"}],"version-history":[{"count":0,"href":"https:\/\/cofionline.org\/es\/wp-json\/wp\/v2\/posts\/3272\/revisions"}],"wp:featuredmedia":[{"embeddable":true,"href":"https:\/\/cofionline.org\/es\/wp-json\/wp\/v2\/media\/3273"}],"wp:attachment":[{"href":"https:\/\/cofionline.org\/es\/wp-json\/wp\/v2\/media?parent=3272"}],"wp:term":[{"taxonomy":"category","embeddable":true,"href":"https:\/\/cofionline.org\/es\/wp-json\/wp\/v2\/categories?post=3272"},{"taxonomy":"post_tag","embeddable":true,"href":"https:\/\/cofionline.org\/es\/wp-json\/wp\/v2\/tags?post=3272"}],"curies":[{"name":"wp","href":"https:\/\/api.w.org\/{rel}","templated":true}]}}