{"id":2882,"date":"2022-11-15T14:52:00","date_gmt":"2022-11-15T20:52:00","guid":{"rendered":"https:\/\/devcofi.wpenginepowered.com\/?p=2882"},"modified":"2025-01-03T10:50:17","modified_gmt":"2025-01-03T16:50:17","slug":"parents-stand-up-for-mental-health-and-healing-from-trauma","status":"publish","type":"post","link":"https:\/\/cofionline.org\/es\/parents-stand-up-for-mental-health-and-healing-from-trauma\/","title":{"rendered":"Los padres defienden la salud mental y la curaci\u00f3n del trauma"},"content":{"rendered":"<p>Recientemente, la l\u00edder de padres de POWER-PAC IL, Esmeralda Mart\u00ednez, y la organizadora de COFI, Emily Cole, participaron en una presentaci\u00f3n de carteles a trav\u00e9s del Consorcio de Chicago para la Participaci\u00f3n Comunitaria con el Departamento de Salud P\u00fablica de Chicago. Compartieron el proceso de investigaci\u00f3n de los padres para las encuestas realizadas esta primavera para comprender mejor c\u00f3mo el trauma y los problemas de salud mental est\u00e1n afectando a las familias de Illinois.<\/p>\r\n\r\n\r\n\r\n<figure class=\"wp-block-image aligncenter size-full is-resized\"><img loading=\"lazy\" decoding=\"async\" class=\"wp-image-2883\" src=\"https:\/\/cofionline.org\/wp-content\/uploads\/2022\/12\/305926502_487780743374409_3467990977586938410_n-1-edited.jpg\" alt=\"Two women stand in front of a poster presentation on mental health survey findings\" width=\"525\" height=\"327\" srcset=\"https:\/\/cofionline.org\/wp-content\/uploads\/2022\/12\/305926502_487780743374409_3467990977586938410_n-1-edited.jpg 1200w, https:\/\/cofionline.org\/wp-content\/uploads\/2022\/12\/305926502_487780743374409_3467990977586938410_n-1-edited-600x375.jpg 600w, https:\/\/cofionline.org\/wp-content\/uploads\/2022\/12\/305926502_487780743374409_3467990977586938410_n-1-edited-800x500.jpg 800w\" sizes=\"(max-width: 525px) 100vw, 525px\" \/><\/figure>\r\n\r\n\r\n\r\n<p>El proceso comenz\u00f3 durante la pandemia cuando los padres compartieron sus experiencias personales con la salud mental y el trauma (que desafortunadamente comenz\u00f3 mucho antes de la COVID). Los l\u00edderes acordaron que necesitaban escuchar a m\u00e1s familias y tomar medidas. Los padres desarrollaron una encuesta y luego el personal de COFI y los socios de Rush los capacitaron en t\u00e9cnicas de encuesta informadas sobre el trauma.<\/p>\r\n\r\n\r\n\r\n<p>Las preguntas de la encuesta incluyeron:<\/p>\r\n\r\n\r\n\r\n<ul class=\"wp-block-list\">\r\n<li>\u00bfQu\u00e9 est\u00e1 causando estr\u00e9s en su vida, en la vida de sus hijos y en la de los ni\u00f1os de su comunidad?<\/li>\r\n\r\n\r\n\r\n<li>\u00bfC\u00f3mo lidia con el estr\u00e9s, la depresi\u00f3n, la ansiedad o el bienestar mental y emocional de sus hijos y\/o nietos?<\/li>\r\n\r\n\r\n\r\n<li>\u00bfA qu\u00e9 servicios le gustar\u00eda tener acceso pero no ha podido?<\/li>\r\n\r\n\r\n\r\n<li>\u00bfQu\u00e9 tipo de barreras o desaf\u00edos ha experimentado cuando ha tratado de acceder a esos servicios y apoyos?<\/li>\r\n<\/ul>\r\n\r\n\r\n\r\n<p>En el transcurso de varios meses, los padres se unieron para entrevistar a miembros de su comunidad en conversaciones que duraron entre 15 y 60 minutos. Los padres tambi\u00e9n facilitaron discusiones en grupos peque\u00f1os en foros comunitarios en Aurora, Elgin y Evanston con miembros de la comunidad y proveedores de servicios.<\/p>\r\n\r\n\r\n\r\n<div class=\"wp-block-columns is-layout-flex wp-container-core-columns-is-layout-9d6595d7 wp-block-columns-is-layout-flex\">\r\n<div class=\"wp-block-column is-layout-flow wp-block-column-is-layout-flow\">\r\n<figure class=\"wp-block-image aligncenter size-full is-resized\"><img loading=\"lazy\" decoding=\"async\" class=\"wp-image-2904\" src=\"https:\/\/cofionline.org\/wp-content\/uploads\/2022\/12\/IMG_1460-edited.jpg\" alt=\"A woman draws on a poster during a Community Healing workshop\" width=\"453\" height=\"283\" srcset=\"https:\/\/cofionline.org\/wp-content\/uploads\/2022\/12\/IMG_1460-edited.jpg 1058w, https:\/\/cofionline.org\/wp-content\/uploads\/2022\/12\/IMG_1460-edited-600x375.jpg 600w, https:\/\/cofionline.org\/wp-content\/uploads\/2022\/12\/IMG_1460-edited-800x500.jpg 800w\" sizes=\"(max-width: 453px) 100vw, 453px\" \/><\/figure>\r\n<\/div>\r\n\r\n\r\n\r\n<div class=\"wp-block-column is-layout-flow wp-block-column-is-layout-flow\">\r\n<figure class=\"wp-block-image size-large is-resized\"><img loading=\"lazy\" decoding=\"async\" class=\"wp-image-2907\" src=\"https:\/\/cofionline.org\/wp-content\/uploads\/2022\/12\/IMG_0816-edited-scaled.jpg\" alt=\"\" width=\"439\" height=\"279\" \/><\/figure>\r\n<\/div>\r\n<\/div>\r\n\r\n\r\n\r\n<p>\u00a1Al final, los padres completaron 1,000 entrevistas en todo el estado! Ahora, los padres est\u00e1n trabajando en sus recomendaciones basadas en los hallazgos. Est\u00e9n atentos para obtener m\u00e1s informaci\u00f3n sobre la publicaci\u00f3n del informe.<\/p>","protected":false},"excerpt":{"rendered":"<p>Recently, POWER-PAC IL parent leader Esmeralda Martinez and COFI organizer Emily Cole participated in a poster presentation through the Chicago Consortium for Community Engagement with the Chicago Department of Public Health. They shared parents&#8217; research process for surveys conducted this spring to better understand how trauma and mental health issues are affecting Illinois families. The [&hellip;]<\/p>\n","protected":false},"author":13,"featured_media":2905,"comment_status":"closed","ping_status":"closed","sticky":false,"template":"","format":"standard","meta":{"_acf_changed":false,"_et_pb_use_builder":"","_et_pb_old_content":"","_et_gb_content_width":"","footnotes":""},"categories":[32,26],"tags":[],"class_list":["post-2882","post","type-post","status-publish","format-standard","has-post-thumbnail","hentry","category-mental-health","category-mental-health-justice-and-equity"],"acf":[],"yoast_head":"<!-- This site is optimized with the Yoast SEO plugin v27.5 - https:\/\/yoast.com\/product\/yoast-seo-wordpress\/ -->\n<title>Parents Stand Up for Mental Health and Healing from Trauma | COFI<\/title>\n<meta name=\"robots\" content=\"index, follow, max-snippet:-1, max-image-preview:large, max-video-preview:-1\" \/>\n<link rel=\"canonical\" href=\"https:\/\/cofionline.org\/es\/parents-stand-up-for-mental-health-and-healing-from-trauma\/\" \/>\n<meta property=\"og:locale\" content=\"es_MX\" \/>\n<meta property=\"og:type\" content=\"article\" \/>\n<meta property=\"og:title\" content=\"Parents Stand Up for Mental Health and Healing from Trauma | COFI\" \/>\n<meta property=\"og:description\" content=\"Recently, POWER-PAC IL parent leader Esmeralda Martinez and COFI organizer Emily Cole participated in a poster presentation through the Chicago Consortium for Community Engagement with the Chicago Department of Public Health. They shared parents&#8217; research process for surveys conducted this spring to better understand how trauma and mental health issues are affecting Illinois families. The [&hellip;]\" \/>\n<meta property=\"og:url\" content=\"https:\/\/cofionline.org\/es\/parents-stand-up-for-mental-health-and-healing-from-trauma\/\" \/>\n<meta property=\"og:site_name\" content=\"COFI\" \/>\n<meta property=\"article:published_time\" content=\"2022-11-15T20:52:00+00:00\" \/>\n<meta property=\"article:modified_time\" content=\"2025-01-03T16:50:17+00:00\" \/>\n<meta property=\"og:image\" content=\"https:\/\/cofionline.org\/wp-content\/uploads\/2022\/11\/IMG-7702-e1670530542266.jpg\" \/>\n\t<meta property=\"og:image:width\" content=\"1598\" \/>\n\t<meta property=\"og:image:height\" content=\"1202\" \/>\n\t<meta property=\"og:image:type\" content=\"image\/jpeg\" \/>\n<meta name=\"author\" content=\"COFI Admin\" \/>\n<meta name=\"twitter:card\" content=\"summary_large_image\" \/>\n<meta name=\"twitter:label1\" content=\"Escrito por\" \/>\n\t<meta name=\"twitter:data1\" content=\"COFI Admin\" \/>\n\t<meta name=\"twitter:label2\" content=\"Tiempo de lectura\" \/>\n\t<meta name=\"twitter:data2\" content=\"2 minutos\" \/>\n<script type=\"application\/ld+json\" class=\"yoast-schema-graph\">{\"@context\":\"https:\\\/\\\/schema.org\",\"@graph\":[{\"@type\":\"Article\",\"@id\":\"https:\\\/\\\/cofionline.org\\\/parents-stand-up-for-mental-health-and-healing-from-trauma\\\/#article\",\"isPartOf\":{\"@id\":\"https:\\\/\\\/cofionline.org\\\/parents-stand-up-for-mental-health-and-healing-from-trauma\\\/\"},\"author\":{\"name\":\"COFI Admin\",\"@id\":\"https:\\\/\\\/cofionline.org\\\/#\\\/schema\\\/person\\\/6e51f2bb4073bd8b0f13434ee335ee42\"},\"headline\":\"Parents Stand Up for Mental Health and Healing from Trauma\",\"datePublished\":\"2022-11-15T20:52:00+00:00\",\"dateModified\":\"2025-01-03T16:50:17+00:00\",\"mainEntityOfPage\":{\"@id\":\"https:\\\/\\\/cofionline.org\\\/parents-stand-up-for-mental-health-and-healing-from-trauma\\\/\"},\"wordCount\":265,\"publisher\":{\"@id\":\"https:\\\/\\\/cofionline.org\\\/#organization\"},\"image\":{\"@id\":\"https:\\\/\\\/cofionline.org\\\/parents-stand-up-for-mental-health-and-healing-from-trauma\\\/#primaryimage\"},\"thumbnailUrl\":\"https:\\\/\\\/cofionline.org\\\/wp-content\\\/uploads\\\/2022\\\/11\\\/IMG-7702-e1670530542266.jpg\",\"articleSection\":[\"Mental Health\",\"Mental Health Justice &amp; Equity\"],\"inLanguage\":\"es\"},{\"@type\":\"WebPage\",\"@id\":\"https:\\\/\\\/cofionline.org\\\/parents-stand-up-for-mental-health-and-healing-from-trauma\\\/\",\"url\":\"https:\\\/\\\/cofionline.org\\\/parents-stand-up-for-mental-health-and-healing-from-trauma\\\/\",\"name\":\"Parents Stand Up for Mental Health and Healing from Trauma | COFI\",\"isPartOf\":{\"@id\":\"https:\\\/\\\/cofionline.org\\\/#website\"},\"primaryImageOfPage\":{\"@id\":\"https:\\\/\\\/cofionline.org\\\/parents-stand-up-for-mental-health-and-healing-from-trauma\\\/#primaryimage\"},\"image\":{\"@id\":\"https:\\\/\\\/cofionline.org\\\/parents-stand-up-for-mental-health-and-healing-from-trauma\\\/#primaryimage\"},\"thumbnailUrl\":\"https:\\\/\\\/cofionline.org\\\/wp-content\\\/uploads\\\/2022\\\/11\\\/IMG-7702-e1670530542266.jpg\",\"datePublished\":\"2022-11-15T20:52:00+00:00\",\"dateModified\":\"2025-01-03T16:50:17+00:00\",\"breadcrumb\":{\"@id\":\"https:\\\/\\\/cofionline.org\\\/parents-stand-up-for-mental-health-and-healing-from-trauma\\\/#breadcrumb\"},\"inLanguage\":\"es\",\"potentialAction\":[{\"@type\":\"ReadAction\",\"target\":[\"https:\\\/\\\/cofionline.org\\\/parents-stand-up-for-mental-health-and-healing-from-trauma\\\/\"]}]},{\"@type\":\"ImageObject\",\"inLanguage\":\"es\",\"@id\":\"https:\\\/\\\/cofionline.org\\\/parents-stand-up-for-mental-health-and-healing-from-trauma\\\/#primaryimage\",\"url\":\"https:\\\/\\\/cofionline.org\\\/wp-content\\\/uploads\\\/2022\\\/11\\\/IMG-7702-e1670530542266.jpg\",\"contentUrl\":\"https:\\\/\\\/cofionline.org\\\/wp-content\\\/uploads\\\/2022\\\/11\\\/IMG-7702-e1670530542266.jpg\",\"width\":1598,\"height\":1202,\"caption\":\"Two women in matching blue POWER-PAC IL shirts speak at a community gathering for mental health\"},{\"@type\":\"BreadcrumbList\",\"@id\":\"https:\\\/\\\/cofionline.org\\\/parents-stand-up-for-mental-health-and-healing-from-trauma\\\/#breadcrumb\",\"itemListElement\":[{\"@type\":\"ListItem\",\"position\":1,\"name\":\"Home\",\"item\":\"https:\\\/\\\/cofionline.org\\\/\"},{\"@type\":\"ListItem\",\"position\":2,\"name\":\"Parents Stand Up for Mental Health and Healing from Trauma\"}]},{\"@type\":\"WebSite\",\"@id\":\"https:\\\/\\\/cofionline.org\\\/#website\",\"url\":\"https:\\\/\\\/cofionline.org\\\/\",\"name\":\"COFI | Community Organizing and Family Issues\",\"description\":\"Community Organizing and Family Issues\",\"publisher\":{\"@id\":\"https:\\\/\\\/cofionline.org\\\/#organization\"},\"potentialAction\":[{\"@type\":\"SearchAction\",\"target\":{\"@type\":\"EntryPoint\",\"urlTemplate\":\"https:\\\/\\\/cofionline.org\\\/?s={search_term_string}\"},\"query-input\":{\"@type\":\"PropertyValueSpecification\",\"valueRequired\":true,\"valueName\":\"search_term_string\"}}],\"inLanguage\":\"es\"},{\"@type\":\"Organization\",\"@id\":\"https:\\\/\\\/cofionline.org\\\/#organization\",\"name\":\"COFI | Community Organizing and Family Issues\",\"url\":\"https:\\\/\\\/cofionline.org\\\/\",\"logo\":{\"@type\":\"ImageObject\",\"inLanguage\":\"es\",\"@id\":\"https:\\\/\\\/cofionline.org\\\/#\\\/schema\\\/logo\\\/image\\\/\",\"url\":\"https:\\\/\\\/cofionline.org\\\/wp-content\\\/uploads\\\/2022\\\/12\\\/logo-cofi.png\",\"contentUrl\":\"https:\\\/\\\/cofionline.org\\\/wp-content\\\/uploads\\\/2022\\\/12\\\/logo-cofi.png\",\"width\":518,\"height\":180,\"caption\":\"COFI | Community Organizing and Family Issues\"},\"image\":{\"@id\":\"https:\\\/\\\/cofionline.org\\\/#\\\/schema\\\/logo\\\/image\\\/\"}},{\"@type\":\"Person\",\"@id\":\"https:\\\/\\\/cofionline.org\\\/#\\\/schema\\\/person\\\/6e51f2bb4073bd8b0f13434ee335ee42\",\"name\":\"COFI Admin\",\"image\":{\"@type\":\"ImageObject\",\"inLanguage\":\"es\",\"@id\":\"https:\\\/\\\/secure.gravatar.com\\\/avatar\\\/0c7c0f3697878baa5446d2486e6191f02790816cefd45f5e5fdf334162fd47d4?s=96&d=mm&r=g\",\"url\":\"https:\\\/\\\/secure.gravatar.com\\\/avatar\\\/0c7c0f3697878baa5446d2486e6191f02790816cefd45f5e5fdf334162fd47d4?s=96&d=mm&r=g\",\"contentUrl\":\"https:\\\/\\\/secure.gravatar.com\\\/avatar\\\/0c7c0f3697878baa5446d2486e6191f02790816cefd45f5e5fdf334162fd47d4?s=96&d=mm&r=g\",\"caption\":\"COFI Admin\"}}]}<\/script>\n<!-- \/ Yoast SEO plugin. -->","yoast_head_json":{"title":"padres defienden la salud mental y la curaci\u00f3n del trauma | COFI","robots":{"index":"index","follow":"follow","max-snippet":"max-snippet:-1","max-image-preview":"max-image-preview:large","max-video-preview":"max-video-preview:-1"},"canonical":"https:\/\/cofionline.org\/es\/parents-stand-up-for-mental-health-and-healing-from-trauma\/","og_locale":"es_MX","og_type":"article","og_title":"Parents Stand Up for Mental Health and Healing from Trauma | COFI","og_description":"Recently, POWER-PAC IL parent leader Esmeralda Martinez and COFI organizer Emily Cole participated in a poster presentation through the Chicago Consortium for Community Engagement with the Chicago Department of Public Health. They shared parents&#8217; research process for surveys conducted this spring to better understand how trauma and mental health issues are affecting Illinois families. The [&hellip;]","og_url":"https:\/\/cofionline.org\/es\/parents-stand-up-for-mental-health-and-healing-from-trauma\/","og_site_name":"COFI","article_published_time":"2022-11-15T20:52:00+00:00","article_modified_time":"2025-01-03T16:50:17+00:00","og_image":[{"width":1598,"height":1202,"url":"https:\/\/cofionline.org\/wp-content\/uploads\/2022\/11\/IMG-7702-e1670530542266.jpg","type":"image\/jpeg"}],"author":"COFI Admin","twitter_card":"summary_large_image","twitter_misc":{"Escrito por":"COFI Admin","Tiempo de lectura":"2 minutos"},"schema":{"@context":"https:\/\/schema.org","@graph":[{"@type":"Article","@id":"https:\/\/cofionline.org\/parents-stand-up-for-mental-health-and-healing-from-trauma\/#article","isPartOf":{"@id":"https:\/\/cofionline.org\/parents-stand-up-for-mental-health-and-healing-from-trauma\/"},"author":{"name":"COFI Admin","@id":"https:\/\/cofionline.org\/#\/schema\/person\/6e51f2bb4073bd8b0f13434ee335ee42"},"headline":"Parents Stand Up for Mental Health and Healing from Trauma","datePublished":"2022-11-15T20:52:00+00:00","dateModified":"2025-01-03T16:50:17+00:00","mainEntityOfPage":{"@id":"https:\/\/cofionline.org\/parents-stand-up-for-mental-health-and-healing-from-trauma\/"},"wordCount":265,"publisher":{"@id":"https:\/\/cofionline.org\/#organization"},"image":{"@id":"https:\/\/cofionline.org\/parents-stand-up-for-mental-health-and-healing-from-trauma\/#primaryimage"},"thumbnailUrl":"https:\/\/cofionline.org\/wp-content\/uploads\/2022\/11\/IMG-7702-e1670530542266.jpg","articleSection":["Mental Health","Mental Health Justice &amp; Equity"],"inLanguage":"es"},{"@type":"WebPage","@id":"https:\/\/cofionline.org\/parents-stand-up-for-mental-health-and-healing-from-trauma\/","url":"https:\/\/cofionline.org\/parents-stand-up-for-mental-health-and-healing-from-trauma\/","name":"padres defienden la salud mental y la curaci\u00f3n del trauma | COFI","isPartOf":{"@id":"https:\/\/cofionline.org\/#website"},"primaryImageOfPage":{"@id":"https:\/\/cofionline.org\/parents-stand-up-for-mental-health-and-healing-from-trauma\/#primaryimage"},"image":{"@id":"https:\/\/cofionline.org\/parents-stand-up-for-mental-health-and-healing-from-trauma\/#primaryimage"},"thumbnailUrl":"https:\/\/cofionline.org\/wp-content\/uploads\/2022\/11\/IMG-7702-e1670530542266.jpg","datePublished":"2022-11-15T20:52:00+00:00","dateModified":"2025-01-03T16:50:17+00:00","breadcrumb":{"@id":"https:\/\/cofionline.org\/parents-stand-up-for-mental-health-and-healing-from-trauma\/#breadcrumb"},"inLanguage":"es","potentialAction":[{"@type":"ReadAction","target":["https:\/\/cofionline.org\/parents-stand-up-for-mental-health-and-healing-from-trauma\/"]}]},{"@type":"ImageObject","inLanguage":"es","@id":"https:\/\/cofionline.org\/parents-stand-up-for-mental-health-and-healing-from-trauma\/#primaryimage","url":"https:\/\/cofionline.org\/wp-content\/uploads\/2022\/11\/IMG-7702-e1670530542266.jpg","contentUrl":"https:\/\/cofionline.org\/wp-content\/uploads\/2022\/11\/IMG-7702-e1670530542266.jpg","width":1598,"height":1202,"caption":"Two women in matching blue POWER-PAC IL shirts speak at a community gathering for mental health"},{"@type":"BreadcrumbList","@id":"https:\/\/cofionline.org\/parents-stand-up-for-mental-health-and-healing-from-trauma\/#breadcrumb","itemListElement":[{"@type":"ListItem","position":1,"name":"Home","item":"https:\/\/cofionline.org\/"},{"@type":"ListItem","position":2,"name":"Parents Stand Up for Mental Health and Healing from Trauma"}]},{"@type":"WebSite","@id":"https:\/\/cofionline.org\/#website","url":"https:\/\/cofionline.org\/","name":"COFI | Organizaci\u00f3n comunitaria y asuntos familiares","description":"Organizaci\u00f3n comunitaria y asuntos familiares","publisher":{"@id":"https:\/\/cofionline.org\/#organization"},"potentialAction":[{"@type":"SearchAction","target":{"@type":"EntryPoint","urlTemplate":"https:\/\/cofionline.org\/?s={search_term_string}"},"query-input":{"@type":"PropertyValueSpecification","valueRequired":true,"valueName":"search_term_string"}}],"inLanguage":"es"},{"@type":"Organization","@id":"https:\/\/cofionline.org\/#organization","name":"COFI | Organizaci\u00f3n comunitaria y asuntos familiares","url":"https:\/\/cofionline.org\/","logo":{"@type":"ImageObject","inLanguage":"es","@id":"https:\/\/cofionline.org\/#\/schema\/logo\/image\/","url":"https:\/\/cofionline.org\/wp-content\/uploads\/2022\/12\/logo-cofi.png","contentUrl":"https:\/\/cofionline.org\/wp-content\/uploads\/2022\/12\/logo-cofi.png","width":518,"height":180,"caption":"COFI | Community Organizing and Family Issues"},"image":{"@id":"https:\/\/cofionline.org\/#\/schema\/logo\/image\/"}},{"@type":"Person","@id":"https:\/\/cofionline.org\/#\/schema\/person\/6e51f2bb4073bd8b0f13434ee335ee42","name":"Administrador de COFI","image":{"@type":"ImageObject","inLanguage":"es","@id":"https:\/\/secure.gravatar.com\/avatar\/0c7c0f3697878baa5446d2486e6191f02790816cefd45f5e5fdf334162fd47d4?s=96&d=mm&r=g","url":"https:\/\/secure.gravatar.com\/avatar\/0c7c0f3697878baa5446d2486e6191f02790816cefd45f5e5fdf334162fd47d4?s=96&d=mm&r=g","contentUrl":"https:\/\/secure.gravatar.com\/avatar\/0c7c0f3697878baa5446d2486e6191f02790816cefd45f5e5fdf334162fd47d4?s=96&d=mm&r=g","caption":"COFI Admin"}}]}},"_links":{"self":[{"href":"https:\/\/cofionline.org\/es\/wp-json\/wp\/v2\/posts\/2882","targetHints":{"allow":["GET"]}}],"collection":[{"href":"https:\/\/cofionline.org\/es\/wp-json\/wp\/v2\/posts"}],"about":[{"href":"https:\/\/cofionline.org\/es\/wp-json\/wp\/v2\/types\/post"}],"author":[{"embeddable":true,"href":"https:\/\/cofionline.org\/es\/wp-json\/wp\/v2\/users\/13"}],"replies":[{"embeddable":true,"href":"https:\/\/cofionline.org\/es\/wp-json\/wp\/v2\/comments?post=2882"}],"version-history":[{"count":0,"href":"https:\/\/cofionline.org\/es\/wp-json\/wp\/v2\/posts\/2882\/revisions"}],"wp:featuredmedia":[{"embeddable":true,"href":"https:\/\/cofionline.org\/es\/wp-json\/wp\/v2\/media\/2905"}],"wp:attachment":[{"href":"https:\/\/cofionline.org\/es\/wp-json\/wp\/v2\/media?parent=2882"}],"wp:term":[{"taxonomy":"category","embeddable":true,"href":"https:\/\/cofionline.org\/es\/wp-json\/wp\/v2\/categories?post=2882"},{"taxonomy":"post_tag","embeddable":true,"href":"https:\/\/cofionline.org\/es\/wp-json\/wp\/v2\/tags?post=2882"}],"curies":[{"name":"wp","href":"https:\/\/api.w.org\/{rel}","templated":true}]}}