{"id":1812,"date":"2008-08-01T12:00:53","date_gmt":"2008-08-01T17:00:53","guid":{"rendered":"https:\/\/devcofi.wpenginepowered.com\/more-children-get-preschool\/"},"modified":"2022-11-03T10:50:51","modified_gmt":"2022-11-03T15:50:51","slug":"more-children-get-preschool","status":"publish","type":"post","link":"https:\/\/cofionline.org\/es\/more-children-get-preschool\/","title":{"rendered":"\u00a1M\u00e1s ni\u00f1os obtienen preescolar!"},"content":{"rendered":"<div class=\"field field-name-field-subtitle field-type-text-long field-label-hidden\">\n<div class=\"field-items\">\n<div class=\"field-item even\">\n<p><strong><em>25% Aumento de ni\u00f1os de Englewood matriculados en preescolares<\/em><\/strong><\/p>\n<\/div>\n<\/div>\n<\/div>\n<p>&nbsp;<\/p>\n<p>El s\u00e1bado 23 de agosto, POWER-PAC y sus socios en Englewood Early Learning Collaboration inscribieron a ni\u00f1os en edad preescolar de m\u00e1s de 50 familias para varios programas de aprendizaje temprano en la comunidad. Varios cientos de familias se detuvieron en la Carpa de Aprendizaje Temprano de Englewood y obtuvieron informaci\u00f3n pr\u00e1ctica sobre c\u00f3mo sus hijos podr\u00edan beneficiarse. El esfuerzo logr\u00f3 aumentar la cantidad de ni\u00f1os del vecindario inscritos en programas de calidad por 25%, una inversi\u00f3n significativa en el futuro de Englewood y la ciudad.<\/p>","protected":false},"excerpt":{"rendered":"<p>25% Aumento de ni\u00f1os de Englewood inscritos en preescolares El s\u00e1bado 23 de agosto, POWER-PAC y sus socios en Englewood Early Learning Collaboration inscribieron a ni\u00f1os en edad preescolar de m\u00e1s de 50 familias para varios programas de aprendizaje temprano en la comunidad. Varios cientos de familias se detuvieron en la Carpa de Aprendizaje Temprano de Englewood y obtuvieron informaci\u00f3n pr\u00e1ctica sobre c\u00f3mo... <a class=\"view-article\" href=\"https:\/\/cofionline.org\/es\/COFI\/more-children-get-preschool\/\">Ver art\u00edculo<\/a><\/p>","protected":false},"author":13,"featured_media":1523,"comment_status":"closed","ping_status":"closed","sticky":false,"template":"","format":"standard","meta":{"_acf_changed":false,"_et_pb_use_builder":"","_et_pb_old_content":"","_et_gb_content_width":"","footnotes":""},"categories":[13,27],"tags":[],"class_list":["post-1812","post","type-post","status-publish","format-standard","has-post-thumbnail","hentry","category-early-learning-campaign","category-power-pac-il"],"acf":[],"yoast_head":"<!-- This site is optimized with the Yoast SEO plugin v27.5 - https:\/\/yoast.com\/product\/yoast-seo-wordpress\/ -->\n<title>More Children Get Preschool! | COFI<\/title>\n<meta name=\"robots\" content=\"index, follow, max-snippet:-1, max-image-preview:large, max-video-preview:-1\" \/>\n<link rel=\"canonical\" href=\"https:\/\/cofionline.org\/es\/more-children-get-preschool\/\" \/>\n<meta property=\"og:locale\" content=\"es_MX\" \/>\n<meta property=\"og:type\" content=\"article\" \/>\n<meta property=\"og:title\" content=\"More Children Get Preschool! | COFI\" \/>\n<meta property=\"og:description\" content=\"25% Increase in Englewood Children Enrolled in Preschools &nbsp; On Saturday, August 23rd, POWER-PAC and its partners in the Englewood Early Learning Collaboration signed up preschoolers from more than 50 families for various early learning programs in the community. Several hundred families stopped by the Englewood Early Learning Tent and got practical information on how&#8230; View Article\" \/>\n<meta property=\"og:url\" content=\"https:\/\/cofionline.org\/es\/more-children-get-preschool\/\" \/>\n<meta property=\"og:site_name\" content=\"COFI\" \/>\n<meta property=\"article:published_time\" content=\"2008-08-01T17:00:53+00:00\" \/>\n<meta property=\"article:modified_time\" content=\"2022-11-03T15:50:51+00:00\" \/>\n<meta property=\"og:image\" content=\"https:\/\/cofionline.org\/wp-content\/uploads\/2022\/11\/earlytent.jpg\" \/>\n\t<meta property=\"og:image:width\" content=\"380\" \/>\n\t<meta property=\"og:image:height\" content=\"253\" \/>\n\t<meta property=\"og:image:type\" content=\"image\/jpeg\" \/>\n<meta name=\"author\" content=\"COFI Admin\" \/>\n<meta name=\"twitter:card\" content=\"summary_large_image\" \/>\n<meta name=\"twitter:label1\" content=\"Escrito por\" \/>\n\t<meta name=\"twitter:data1\" content=\"COFI Admin\" \/>\n<script type=\"application\/ld+json\" class=\"yoast-schema-graph\">{\"@context\":\"https:\\\/\\\/schema.org\",\"@graph\":[{\"@type\":\"Article\",\"@id\":\"https:\\\/\\\/cofionline.org\\\/more-children-get-preschool\\\/#article\",\"isPartOf\":{\"@id\":\"https:\\\/\\\/cofionline.org\\\/more-children-get-preschool\\\/\"},\"author\":{\"name\":\"COFI Admin\",\"@id\":\"https:\\\/\\\/cofionline.org\\\/#\\\/schema\\\/person\\\/6e51f2bb4073bd8b0f13434ee335ee42\"},\"headline\":\"More Children Get Preschool!\",\"datePublished\":\"2008-08-01T17:00:53+00:00\",\"dateModified\":\"2022-11-03T15:50:51+00:00\",\"mainEntityOfPage\":{\"@id\":\"https:\\\/\\\/cofionline.org\\\/more-children-get-preschool\\\/\"},\"wordCount\":87,\"publisher\":{\"@id\":\"https:\\\/\\\/cofionline.org\\\/#organization\"},\"image\":{\"@id\":\"https:\\\/\\\/cofionline.org\\\/more-children-get-preschool\\\/#primaryimage\"},\"thumbnailUrl\":\"https:\\\/\\\/cofionline.org\\\/wp-content\\\/uploads\\\/2022\\\/11\\\/earlytent.jpg\",\"articleSection\":[\"Early Learning Campaign\",\"POWER-PAC IL\"],\"inLanguage\":\"es\"},{\"@type\":\"WebPage\",\"@id\":\"https:\\\/\\\/cofionline.org\\\/more-children-get-preschool\\\/\",\"url\":\"https:\\\/\\\/cofionline.org\\\/more-children-get-preschool\\\/\",\"name\":\"More Children Get Preschool! | COFI\",\"isPartOf\":{\"@id\":\"https:\\\/\\\/cofionline.org\\\/#website\"},\"primaryImageOfPage\":{\"@id\":\"https:\\\/\\\/cofionline.org\\\/more-children-get-preschool\\\/#primaryimage\"},\"image\":{\"@id\":\"https:\\\/\\\/cofionline.org\\\/more-children-get-preschool\\\/#primaryimage\"},\"thumbnailUrl\":\"https:\\\/\\\/cofionline.org\\\/wp-content\\\/uploads\\\/2022\\\/11\\\/earlytent.jpg\",\"datePublished\":\"2008-08-01T17:00:53+00:00\",\"dateModified\":\"2022-11-03T15:50:51+00:00\",\"breadcrumb\":{\"@id\":\"https:\\\/\\\/cofionline.org\\\/more-children-get-preschool\\\/#breadcrumb\"},\"inLanguage\":\"es\",\"potentialAction\":[{\"@type\":\"ReadAction\",\"target\":[\"https:\\\/\\\/cofionline.org\\\/more-children-get-preschool\\\/\"]}]},{\"@type\":\"ImageObject\",\"inLanguage\":\"es\",\"@id\":\"https:\\\/\\\/cofionline.org\\\/more-children-get-preschool\\\/#primaryimage\",\"url\":\"https:\\\/\\\/cofionline.org\\\/wp-content\\\/uploads\\\/2022\\\/11\\\/earlytent.jpg\",\"contentUrl\":\"https:\\\/\\\/cofionline.org\\\/wp-content\\\/uploads\\\/2022\\\/11\\\/earlytent.jpg\",\"width\":380,\"height\":253},{\"@type\":\"BreadcrumbList\",\"@id\":\"https:\\\/\\\/cofionline.org\\\/more-children-get-preschool\\\/#breadcrumb\",\"itemListElement\":[{\"@type\":\"ListItem\",\"position\":1,\"name\":\"Home\",\"item\":\"https:\\\/\\\/cofionline.org\\\/\"},{\"@type\":\"ListItem\",\"position\":2,\"name\":\"More Children Get Preschool!\"}]},{\"@type\":\"WebSite\",\"@id\":\"https:\\\/\\\/cofionline.org\\\/#website\",\"url\":\"https:\\\/\\\/cofionline.org\\\/\",\"name\":\"COFI | Community Organizing and Family Issues\",\"description\":\"Community Organizing and Family Issues\",\"publisher\":{\"@id\":\"https:\\\/\\\/cofionline.org\\\/#organization\"},\"potentialAction\":[{\"@type\":\"SearchAction\",\"target\":{\"@type\":\"EntryPoint\",\"urlTemplate\":\"https:\\\/\\\/cofionline.org\\\/?s={search_term_string}\"},\"query-input\":{\"@type\":\"PropertyValueSpecification\",\"valueRequired\":true,\"valueName\":\"search_term_string\"}}],\"inLanguage\":\"es\"},{\"@type\":\"Organization\",\"@id\":\"https:\\\/\\\/cofionline.org\\\/#organization\",\"name\":\"COFI | Community Organizing and Family Issues\",\"url\":\"https:\\\/\\\/cofionline.org\\\/\",\"logo\":{\"@type\":\"ImageObject\",\"inLanguage\":\"es\",\"@id\":\"https:\\\/\\\/cofionline.org\\\/#\\\/schema\\\/logo\\\/image\\\/\",\"url\":\"https:\\\/\\\/cofionline.org\\\/wp-content\\\/uploads\\\/2022\\\/12\\\/logo-cofi.png\",\"contentUrl\":\"https:\\\/\\\/cofionline.org\\\/wp-content\\\/uploads\\\/2022\\\/12\\\/logo-cofi.png\",\"width\":518,\"height\":180,\"caption\":\"COFI | Community Organizing and Family Issues\"},\"image\":{\"@id\":\"https:\\\/\\\/cofionline.org\\\/#\\\/schema\\\/logo\\\/image\\\/\"}},{\"@type\":\"Person\",\"@id\":\"https:\\\/\\\/cofionline.org\\\/#\\\/schema\\\/person\\\/6e51f2bb4073bd8b0f13434ee335ee42\",\"name\":\"COFI Admin\",\"image\":{\"@type\":\"ImageObject\",\"inLanguage\":\"es\",\"@id\":\"https:\\\/\\\/secure.gravatar.com\\\/avatar\\\/0c7c0f3697878baa5446d2486e6191f02790816cefd45f5e5fdf334162fd47d4?s=96&d=mm&r=g\",\"url\":\"https:\\\/\\\/secure.gravatar.com\\\/avatar\\\/0c7c0f3697878baa5446d2486e6191f02790816cefd45f5e5fdf334162fd47d4?s=96&d=mm&r=g\",\"contentUrl\":\"https:\\\/\\\/secure.gravatar.com\\\/avatar\\\/0c7c0f3697878baa5446d2486e6191f02790816cefd45f5e5fdf334162fd47d4?s=96&d=mm&r=g\",\"caption\":\"COFI Admin\"}}]}<\/script>\n<!-- \/ Yoast SEO plugin. -->","yoast_head_json":{"title":"\u00a1M\u00e1s ni\u00f1os obtienen preescolar! | COFI","robots":{"index":"index","follow":"follow","max-snippet":"max-snippet:-1","max-image-preview":"max-image-preview:large","max-video-preview":"max-video-preview:-1"},"canonical":"https:\/\/cofionline.org\/es\/more-children-get-preschool\/","og_locale":"es_MX","og_type":"article","og_title":"More Children Get Preschool! | COFI","og_description":"25% Increase in Englewood Children Enrolled in Preschools &nbsp; On Saturday, August 23rd, POWER-PAC and its partners in the Englewood Early Learning Collaboration signed up preschoolers from more than 50 families for various early learning programs in the community. Several hundred families stopped by the Englewood Early Learning Tent and got practical information on how&#8230; View Article","og_url":"https:\/\/cofionline.org\/es\/more-children-get-preschool\/","og_site_name":"COFI","article_published_time":"2008-08-01T17:00:53+00:00","article_modified_time":"2022-11-03T15:50:51+00:00","og_image":[{"width":380,"height":253,"url":"https:\/\/cofionline.org\/wp-content\/uploads\/2022\/11\/earlytent.jpg","type":"image\/jpeg"}],"author":"COFI Admin","twitter_card":"summary_large_image","twitter_misc":{"Escrito por":"COFI Admin"},"schema":{"@context":"https:\/\/schema.org","@graph":[{"@type":"Article","@id":"https:\/\/cofionline.org\/more-children-get-preschool\/#article","isPartOf":{"@id":"https:\/\/cofionline.org\/more-children-get-preschool\/"},"author":{"name":"COFI Admin","@id":"https:\/\/cofionline.org\/#\/schema\/person\/6e51f2bb4073bd8b0f13434ee335ee42"},"headline":"More Children Get Preschool!","datePublished":"2008-08-01T17:00:53+00:00","dateModified":"2022-11-03T15:50:51+00:00","mainEntityOfPage":{"@id":"https:\/\/cofionline.org\/more-children-get-preschool\/"},"wordCount":87,"publisher":{"@id":"https:\/\/cofionline.org\/#organization"},"image":{"@id":"https:\/\/cofionline.org\/more-children-get-preschool\/#primaryimage"},"thumbnailUrl":"https:\/\/cofionline.org\/wp-content\/uploads\/2022\/11\/earlytent.jpg","articleSection":["Early Learning Campaign","POWER-PAC IL"],"inLanguage":"es"},{"@type":"WebPage","@id":"https:\/\/cofionline.org\/more-children-get-preschool\/","url":"https:\/\/cofionline.org\/more-children-get-preschool\/","name":"\u00a1M\u00e1s ni\u00f1os obtienen preescolar! | COFI","isPartOf":{"@id":"https:\/\/cofionline.org\/#website"},"primaryImageOfPage":{"@id":"https:\/\/cofionline.org\/more-children-get-preschool\/#primaryimage"},"image":{"@id":"https:\/\/cofionline.org\/more-children-get-preschool\/#primaryimage"},"thumbnailUrl":"https:\/\/cofionline.org\/wp-content\/uploads\/2022\/11\/earlytent.jpg","datePublished":"2008-08-01T17:00:53+00:00","dateModified":"2022-11-03T15:50:51+00:00","breadcrumb":{"@id":"https:\/\/cofionline.org\/more-children-get-preschool\/#breadcrumb"},"inLanguage":"es","potentialAction":[{"@type":"ReadAction","target":["https:\/\/cofionline.org\/more-children-get-preschool\/"]}]},{"@type":"ImageObject","inLanguage":"es","@id":"https:\/\/cofionline.org\/more-children-get-preschool\/#primaryimage","url":"https:\/\/cofionline.org\/wp-content\/uploads\/2022\/11\/earlytent.jpg","contentUrl":"https:\/\/cofionline.org\/wp-content\/uploads\/2022\/11\/earlytent.jpg","width":380,"height":253},{"@type":"BreadcrumbList","@id":"https:\/\/cofionline.org\/more-children-get-preschool\/#breadcrumb","itemListElement":[{"@type":"ListItem","position":1,"name":"Home","item":"https:\/\/cofionline.org\/"},{"@type":"ListItem","position":2,"name":"More Children Get Preschool!"}]},{"@type":"WebSite","@id":"https:\/\/cofionline.org\/#website","url":"https:\/\/cofionline.org\/","name":"COFI | Organizaci\u00f3n comunitaria y asuntos familiares","description":"Organizaci\u00f3n comunitaria y asuntos familiares","publisher":{"@id":"https:\/\/cofionline.org\/#organization"},"potentialAction":[{"@type":"SearchAction","target":{"@type":"EntryPoint","urlTemplate":"https:\/\/cofionline.org\/?s={search_term_string}"},"query-input":{"@type":"PropertyValueSpecification","valueRequired":true,"valueName":"search_term_string"}}],"inLanguage":"es"},{"@type":"Organization","@id":"https:\/\/cofionline.org\/#organization","name":"COFI | Organizaci\u00f3n comunitaria y asuntos familiares","url":"https:\/\/cofionline.org\/","logo":{"@type":"ImageObject","inLanguage":"es","@id":"https:\/\/cofionline.org\/#\/schema\/logo\/image\/","url":"https:\/\/cofionline.org\/wp-content\/uploads\/2022\/12\/logo-cofi.png","contentUrl":"https:\/\/cofionline.org\/wp-content\/uploads\/2022\/12\/logo-cofi.png","width":518,"height":180,"caption":"COFI | Community Organizing and Family Issues"},"image":{"@id":"https:\/\/cofionline.org\/#\/schema\/logo\/image\/"}},{"@type":"Person","@id":"https:\/\/cofionline.org\/#\/schema\/person\/6e51f2bb4073bd8b0f13434ee335ee42","name":"Administrador de COFI","image":{"@type":"ImageObject","inLanguage":"es","@id":"https:\/\/secure.gravatar.com\/avatar\/0c7c0f3697878baa5446d2486e6191f02790816cefd45f5e5fdf334162fd47d4?s=96&d=mm&r=g","url":"https:\/\/secure.gravatar.com\/avatar\/0c7c0f3697878baa5446d2486e6191f02790816cefd45f5e5fdf334162fd47d4?s=96&d=mm&r=g","contentUrl":"https:\/\/secure.gravatar.com\/avatar\/0c7c0f3697878baa5446d2486e6191f02790816cefd45f5e5fdf334162fd47d4?s=96&d=mm&r=g","caption":"COFI Admin"}}]}},"_links":{"self":[{"href":"https:\/\/cofionline.org\/es\/wp-json\/wp\/v2\/posts\/1812","targetHints":{"allow":["GET"]}}],"collection":[{"href":"https:\/\/cofionline.org\/es\/wp-json\/wp\/v2\/posts"}],"about":[{"href":"https:\/\/cofionline.org\/es\/wp-json\/wp\/v2\/types\/post"}],"author":[{"embeddable":true,"href":"https:\/\/cofionline.org\/es\/wp-json\/wp\/v2\/users\/13"}],"replies":[{"embeddable":true,"href":"https:\/\/cofionline.org\/es\/wp-json\/wp\/v2\/comments?post=1812"}],"version-history":[{"count":0,"href":"https:\/\/cofionline.org\/es\/wp-json\/wp\/v2\/posts\/1812\/revisions"}],"wp:featuredmedia":[{"embeddable":true,"href":"https:\/\/cofionline.org\/es\/wp-json\/wp\/v2\/media\/1523"}],"wp:attachment":[{"href":"https:\/\/cofionline.org\/es\/wp-json\/wp\/v2\/media?parent=1812"}],"wp:term":[{"taxonomy":"category","embeddable":true,"href":"https:\/\/cofionline.org\/es\/wp-json\/wp\/v2\/categories?post=1812"},{"taxonomy":"post_tag","embeddable":true,"href":"https:\/\/cofionline.org\/es\/wp-json\/wp\/v2\/tags?post=1812"}],"curies":[{"name":"wp","href":"https:\/\/api.w.org\/{rel}","templated":true}]}}