{"id":1809,"date":"2009-05-01T12:00:24","date_gmt":"2009-05-01T17:00:24","guid":{"rendered":"https:\/\/devcofi.wpenginepowered.com\/why-isnt-johnny-in-preschool\/"},"modified":"2022-11-03T10:50:50","modified_gmt":"2022-11-03T15:50:50","slug":"why-isnt-johnny-in-preschool","status":"publish","type":"post","link":"https:\/\/cofionline.org\/es\/why-isnt-johnny-in-preschool\/","title":{"rendered":"\u00bfPor qu\u00e9 no est\u00e1 Johnny en preescolar?"},"content":{"rendered":"<div class=\"field field-name-field-subtitle field-type-text-long field-label-hidden\">\n<div class=\"field-items\">\n<div class=\"field-item even\">\n<p><em>5000 entrevistas de padre a padre descubren barreras de acceso<\/em><\/p>\n<p>Madres y abuelas afroamericanas y latinas de bajos ingresos, miembros del grupo organizador de la ciudad <strong>PODER-PAC<\/strong>, fue de puerta en puerta en 19 comunidades de ingresos bajos y moderados durante los \u00faltimos dos a\u00f1os y entrevist\u00f3 a m\u00e1s de 5000 padres y cuidadores para averiguar por qu\u00e9 la participaci\u00f3n en los programas de educaci\u00f3n de la primera infancia es tan baja. En su investigaci\u00f3n, encontraron que entre el 40 y el 64 por ciento de los ni\u00f1os en edad preescolar no estaban inscritos en preescolar ni en Head Start.<\/p>\n<p>Aunque Illinois es l\u00edder a nivel nacional en la creaci\u00f3n de programas de educaci\u00f3n temprana de alta calidad y en garantizar el acceso para ni\u00f1os de bajos ingresos, un n\u00famero alarmante de ni\u00f1os elegibles en Chicago no est\u00e1n inscritos en preescolar. <strong> \u201c<a href=\"https:\/\/cofionline.org\/COFI\/wp-content\/uploads\/2015\/05\/Why-Isnt-Johnny-in-Preschool.pdf\">\u00bfPor qu\u00e9 no est\u00e1 Johnny en preescolar?<\/a>?&#8221;<\/strong> un informe elaborado por <strong>POWER-PAC (Padres Organizados para Ganar, Educar y Renovar \u2013 Consejo de Acci\u00f3n Pol\u00edtica)<\/strong> arroja luz sobre la pregunta de por qu\u00e9 tantos ni\u00f1os elegibles para preescolar no est\u00e1n matriculados y presenta recomendaciones para cambios de pol\u00edtica para abordar estas barreras.<\/p>\n<\/div>\n<\/div>\n<\/div>\n<p>&nbsp;<\/p>","protected":false},"excerpt":{"rendered":"<p>5000 entrevistas entre padres descubren barreras de acceso Madres y abuelas afroamericanas y latinas de bajos ingresos, miembros del grupo organizador de la ciudad POWER-PAC, fueron de puerta en puerta en 19 comunidades de ingresos bajos y moderados durante el pasado dos a\u00f1os y entrevist\u00e9 a m\u00e1s de 5,000 padres y cuidadores para descubrir por qu\u00e9 la participaci\u00f3n en programas de educaci\u00f3n infantil es tan baja\u2026. <a class=\"view-article\" href=\"https:\/\/cofionline.org\/es\/COFI\/why-isnt-johnny-in-preschool\/\">Ver art\u00edculo<\/a><\/p>","protected":false},"author":13,"featured_media":0,"comment_status":"closed","ping_status":"closed","sticky":false,"template":"","format":"standard","meta":{"_acf_changed":false,"_et_pb_use_builder":"","_et_pb_old_content":"","_et_gb_content_width":"","footnotes":""},"categories":[13,27],"tags":[],"class_list":["post-1809","post","type-post","status-publish","format-standard","hentry","category-early-learning-campaign","category-power-pac-il"],"acf":[],"yoast_head":"<!-- This site is optimized with the Yoast SEO plugin v27.5 - https:\/\/yoast.com\/product\/yoast-seo-wordpress\/ -->\n<title>Why Isn\u2019t Johnny in Preschool | COFI<\/title>\n<meta name=\"robots\" content=\"index, follow, max-snippet:-1, max-image-preview:large, max-video-preview:-1\" \/>\n<link rel=\"canonical\" href=\"https:\/\/cofionline.org\/es\/why-isnt-johnny-in-preschool\/\" \/>\n<meta property=\"og:locale\" content=\"es_MX\" \/>\n<meta property=\"og:type\" content=\"article\" \/>\n<meta property=\"og:title\" content=\"Why Isn\u2019t Johnny in Preschool | COFI\" \/>\n<meta property=\"og:description\" content=\"5000 Parent-to-Parent Interviews Uncover Barriers to Access Low-income African American and Latina mothers and grandmothers, members of the citywide organizing group POWER-PAC, went door-to-door in 19 low- and moderate-income communities over the past two years and interviewed over 5,000 parents and caregivers to find out why participation in early childhood education programs is so low&#8230;. View Article\" \/>\n<meta property=\"og:url\" content=\"https:\/\/cofionline.org\/es\/why-isnt-johnny-in-preschool\/\" \/>\n<meta property=\"og:site_name\" content=\"COFI\" \/>\n<meta property=\"article:published_time\" content=\"2009-05-01T17:00:24+00:00\" \/>\n<meta property=\"article:modified_time\" content=\"2022-11-03T15:50:50+00:00\" \/>\n<meta name=\"author\" content=\"COFI Admin\" \/>\n<meta name=\"twitter:card\" content=\"summary_large_image\" \/>\n<meta name=\"twitter:label1\" content=\"Escrito por\" \/>\n\t<meta name=\"twitter:data1\" content=\"COFI Admin\" \/>\n\t<meta name=\"twitter:label2\" content=\"Tiempo de lectura\" \/>\n\t<meta name=\"twitter:data2\" content=\"1 minuto\" \/>\n<script type=\"application\/ld+json\" class=\"yoast-schema-graph\">{\"@context\":\"https:\\\/\\\/schema.org\",\"@graph\":[{\"@type\":\"Article\",\"@id\":\"https:\\\/\\\/cofionline.org\\\/why-isnt-johnny-in-preschool\\\/#article\",\"isPartOf\":{\"@id\":\"https:\\\/\\\/cofionline.org\\\/why-isnt-johnny-in-preschool\\\/\"},\"author\":{\"name\":\"COFI Admin\",\"@id\":\"https:\\\/\\\/cofionline.org\\\/#\\\/schema\\\/person\\\/6e51f2bb4073bd8b0f13434ee335ee42\"},\"headline\":\"Why Isn\u2019t Johnny in Preschool\",\"datePublished\":\"2009-05-01T17:00:24+00:00\",\"dateModified\":\"2022-11-03T15:50:50+00:00\",\"mainEntityOfPage\":{\"@id\":\"https:\\\/\\\/cofionline.org\\\/why-isnt-johnny-in-preschool\\\/\"},\"wordCount\":154,\"publisher\":{\"@id\":\"https:\\\/\\\/cofionline.org\\\/#organization\"},\"articleSection\":[\"Early Learning Campaign\",\"POWER-PAC IL\"],\"inLanguage\":\"es\"},{\"@type\":\"WebPage\",\"@id\":\"https:\\\/\\\/cofionline.org\\\/why-isnt-johnny-in-preschool\\\/\",\"url\":\"https:\\\/\\\/cofionline.org\\\/why-isnt-johnny-in-preschool\\\/\",\"name\":\"Why Isn\u2019t Johnny in Preschool | COFI\",\"isPartOf\":{\"@id\":\"https:\\\/\\\/cofionline.org\\\/#website\"},\"datePublished\":\"2009-05-01T17:00:24+00:00\",\"dateModified\":\"2022-11-03T15:50:50+00:00\",\"breadcrumb\":{\"@id\":\"https:\\\/\\\/cofionline.org\\\/why-isnt-johnny-in-preschool\\\/#breadcrumb\"},\"inLanguage\":\"es\",\"potentialAction\":[{\"@type\":\"ReadAction\",\"target\":[\"https:\\\/\\\/cofionline.org\\\/why-isnt-johnny-in-preschool\\\/\"]}]},{\"@type\":\"BreadcrumbList\",\"@id\":\"https:\\\/\\\/cofionline.org\\\/why-isnt-johnny-in-preschool\\\/#breadcrumb\",\"itemListElement\":[{\"@type\":\"ListItem\",\"position\":1,\"name\":\"Home\",\"item\":\"https:\\\/\\\/cofionline.org\\\/\"},{\"@type\":\"ListItem\",\"position\":2,\"name\":\"Why Isn\u2019t Johnny in Preschool\"}]},{\"@type\":\"WebSite\",\"@id\":\"https:\\\/\\\/cofionline.org\\\/#website\",\"url\":\"https:\\\/\\\/cofionline.org\\\/\",\"name\":\"COFI | Community Organizing and Family Issues\",\"description\":\"Community Organizing and Family Issues\",\"publisher\":{\"@id\":\"https:\\\/\\\/cofionline.org\\\/#organization\"},\"potentialAction\":[{\"@type\":\"SearchAction\",\"target\":{\"@type\":\"EntryPoint\",\"urlTemplate\":\"https:\\\/\\\/cofionline.org\\\/?s={search_term_string}\"},\"query-input\":{\"@type\":\"PropertyValueSpecification\",\"valueRequired\":true,\"valueName\":\"search_term_string\"}}],\"inLanguage\":\"es\"},{\"@type\":\"Organization\",\"@id\":\"https:\\\/\\\/cofionline.org\\\/#organization\",\"name\":\"COFI | Community Organizing and Family Issues\",\"url\":\"https:\\\/\\\/cofionline.org\\\/\",\"logo\":{\"@type\":\"ImageObject\",\"inLanguage\":\"es\",\"@id\":\"https:\\\/\\\/cofionline.org\\\/#\\\/schema\\\/logo\\\/image\\\/\",\"url\":\"https:\\\/\\\/cofionline.org\\\/wp-content\\\/uploads\\\/2022\\\/12\\\/logo-cofi.png\",\"contentUrl\":\"https:\\\/\\\/cofionline.org\\\/wp-content\\\/uploads\\\/2022\\\/12\\\/logo-cofi.png\",\"width\":518,\"height\":180,\"caption\":\"COFI | Community Organizing and Family Issues\"},\"image\":{\"@id\":\"https:\\\/\\\/cofionline.org\\\/#\\\/schema\\\/logo\\\/image\\\/\"}},{\"@type\":\"Person\",\"@id\":\"https:\\\/\\\/cofionline.org\\\/#\\\/schema\\\/person\\\/6e51f2bb4073bd8b0f13434ee335ee42\",\"name\":\"COFI Admin\",\"image\":{\"@type\":\"ImageObject\",\"inLanguage\":\"es\",\"@id\":\"https:\\\/\\\/secure.gravatar.com\\\/avatar\\\/0c7c0f3697878baa5446d2486e6191f02790816cefd45f5e5fdf334162fd47d4?s=96&d=mm&r=g\",\"url\":\"https:\\\/\\\/secure.gravatar.com\\\/avatar\\\/0c7c0f3697878baa5446d2486e6191f02790816cefd45f5e5fdf334162fd47d4?s=96&d=mm&r=g\",\"contentUrl\":\"https:\\\/\\\/secure.gravatar.com\\\/avatar\\\/0c7c0f3697878baa5446d2486e6191f02790816cefd45f5e5fdf334162fd47d4?s=96&d=mm&r=g\",\"caption\":\"COFI Admin\"}}]}<\/script>\n<!-- \/ Yoast SEO plugin. -->","yoast_head_json":{"title":"\u00bfPor qu\u00e9 Johnny no est\u00e1 en preescolar? COFI","robots":{"index":"index","follow":"follow","max-snippet":"max-snippet:-1","max-image-preview":"max-image-preview:large","max-video-preview":"max-video-preview:-1"},"canonical":"https:\/\/cofionline.org\/es\/why-isnt-johnny-in-preschool\/","og_locale":"es_MX","og_type":"article","og_title":"Why Isn\u2019t Johnny in Preschool | COFI","og_description":"5000 Parent-to-Parent Interviews Uncover Barriers to Access Low-income African American and Latina mothers and grandmothers, members of the citywide organizing group POWER-PAC, went door-to-door in 19 low- and moderate-income communities over the past two years and interviewed over 5,000 parents and caregivers to find out why participation in early childhood education programs is so low&#8230;. View Article","og_url":"https:\/\/cofionline.org\/es\/why-isnt-johnny-in-preschool\/","og_site_name":"COFI","article_published_time":"2009-05-01T17:00:24+00:00","article_modified_time":"2022-11-03T15:50:50+00:00","author":"COFI Admin","twitter_card":"summary_large_image","twitter_misc":{"Escrito por":"COFI Admin","Tiempo de lectura":"1 minuto"},"schema":{"@context":"https:\/\/schema.org","@graph":[{"@type":"Article","@id":"https:\/\/cofionline.org\/why-isnt-johnny-in-preschool\/#article","isPartOf":{"@id":"https:\/\/cofionline.org\/why-isnt-johnny-in-preschool\/"},"author":{"name":"COFI Admin","@id":"https:\/\/cofionline.org\/#\/schema\/person\/6e51f2bb4073bd8b0f13434ee335ee42"},"headline":"Why Isn\u2019t Johnny in Preschool","datePublished":"2009-05-01T17:00:24+00:00","dateModified":"2022-11-03T15:50:50+00:00","mainEntityOfPage":{"@id":"https:\/\/cofionline.org\/why-isnt-johnny-in-preschool\/"},"wordCount":154,"publisher":{"@id":"https:\/\/cofionline.org\/#organization"},"articleSection":["Early Learning Campaign","POWER-PAC IL"],"inLanguage":"es"},{"@type":"WebPage","@id":"https:\/\/cofionline.org\/why-isnt-johnny-in-preschool\/","url":"https:\/\/cofionline.org\/why-isnt-johnny-in-preschool\/","name":"\u00bfPor qu\u00e9 Johnny no est\u00e1 en preescolar? COFI","isPartOf":{"@id":"https:\/\/cofionline.org\/#website"},"datePublished":"2009-05-01T17:00:24+00:00","dateModified":"2022-11-03T15:50:50+00:00","breadcrumb":{"@id":"https:\/\/cofionline.org\/why-isnt-johnny-in-preschool\/#breadcrumb"},"inLanguage":"es","potentialAction":[{"@type":"ReadAction","target":["https:\/\/cofionline.org\/why-isnt-johnny-in-preschool\/"]}]},{"@type":"BreadcrumbList","@id":"https:\/\/cofionline.org\/why-isnt-johnny-in-preschool\/#breadcrumb","itemListElement":[{"@type":"ListItem","position":1,"name":"Home","item":"https:\/\/cofionline.org\/"},{"@type":"ListItem","position":2,"name":"Why Isn\u2019t Johnny in Preschool"}]},{"@type":"WebSite","@id":"https:\/\/cofionline.org\/#website","url":"https:\/\/cofionline.org\/","name":"COFI | Organizaci\u00f3n comunitaria y asuntos familiares","description":"Organizaci\u00f3n comunitaria y asuntos familiares","publisher":{"@id":"https:\/\/cofionline.org\/#organization"},"potentialAction":[{"@type":"SearchAction","target":{"@type":"EntryPoint","urlTemplate":"https:\/\/cofionline.org\/?s={search_term_string}"},"query-input":{"@type":"PropertyValueSpecification","valueRequired":true,"valueName":"search_term_string"}}],"inLanguage":"es"},{"@type":"Organization","@id":"https:\/\/cofionline.org\/#organization","name":"COFI | Organizaci\u00f3n comunitaria y asuntos familiares","url":"https:\/\/cofionline.org\/","logo":{"@type":"ImageObject","inLanguage":"es","@id":"https:\/\/cofionline.org\/#\/schema\/logo\/image\/","url":"https:\/\/cofionline.org\/wp-content\/uploads\/2022\/12\/logo-cofi.png","contentUrl":"https:\/\/cofionline.org\/wp-content\/uploads\/2022\/12\/logo-cofi.png","width":518,"height":180,"caption":"COFI | Community Organizing and Family Issues"},"image":{"@id":"https:\/\/cofionline.org\/#\/schema\/logo\/image\/"}},{"@type":"Person","@id":"https:\/\/cofionline.org\/#\/schema\/person\/6e51f2bb4073bd8b0f13434ee335ee42","name":"Administrador de COFI","image":{"@type":"ImageObject","inLanguage":"es","@id":"https:\/\/secure.gravatar.com\/avatar\/0c7c0f3697878baa5446d2486e6191f02790816cefd45f5e5fdf334162fd47d4?s=96&d=mm&r=g","url":"https:\/\/secure.gravatar.com\/avatar\/0c7c0f3697878baa5446d2486e6191f02790816cefd45f5e5fdf334162fd47d4?s=96&d=mm&r=g","contentUrl":"https:\/\/secure.gravatar.com\/avatar\/0c7c0f3697878baa5446d2486e6191f02790816cefd45f5e5fdf334162fd47d4?s=96&d=mm&r=g","caption":"COFI Admin"}}]}},"_links":{"self":[{"href":"https:\/\/cofionline.org\/es\/wp-json\/wp\/v2\/posts\/1809","targetHints":{"allow":["GET"]}}],"collection":[{"href":"https:\/\/cofionline.org\/es\/wp-json\/wp\/v2\/posts"}],"about":[{"href":"https:\/\/cofionline.org\/es\/wp-json\/wp\/v2\/types\/post"}],"author":[{"embeddable":true,"href":"https:\/\/cofionline.org\/es\/wp-json\/wp\/v2\/users\/13"}],"replies":[{"embeddable":true,"href":"https:\/\/cofionline.org\/es\/wp-json\/wp\/v2\/comments?post=1809"}],"version-history":[{"count":0,"href":"https:\/\/cofionline.org\/es\/wp-json\/wp\/v2\/posts\/1809\/revisions"}],"wp:attachment":[{"href":"https:\/\/cofionline.org\/es\/wp-json\/wp\/v2\/media?parent=1809"}],"wp:term":[{"taxonomy":"category","embeddable":true,"href":"https:\/\/cofionline.org\/es\/wp-json\/wp\/v2\/categories?post=1809"},{"taxonomy":"post_tag","embeddable":true,"href":"https:\/\/cofionline.org\/es\/wp-json\/wp\/v2\/tags?post=1809"}],"curies":[{"name":"wp","href":"https:\/\/api.w.org\/{rel}","templated":true}]}}