{"id":1804,"date":"2010-03-22T12:00:11","date_gmt":"2010-03-22T17:00:11","guid":{"rendered":"https:\/\/devcofi.wpenginepowered.com\/power-pacs-walking-pre-school-gets-recognized-top-program-supporting-pre-schoolers\/"},"modified":"2026-01-16T10:56:52","modified_gmt":"2026-01-16T16:56:52","slug":"power-pacs-walking-pre-school-gets-recognized-top-program-supporting-pre-schoolers","status":"publish","type":"post","link":"https:\/\/cofionline.org\/es\/power-pacs-walking-pre-school-gets-recognized-top-program-supporting-pre-schoolers\/","title":{"rendered":"Walking Preschool de POWER-PAC es reconocido como un programa que apoya la asistencia preescolar"},"content":{"rendered":"<p>Como una victoria en su Campa\u00f1a de Aprendizaje Temprano, POWER-PAC convenci\u00f3 a las Escuelas P\u00fablicas de Chicago para asociarse con COFI y POWER-PAC para crear <a href=\"https:\/\/www.chicagoreporter.com\/new-chicago-schools-program-helps-preschoolers-get-class\/\">el programa de autobuses Walking Preschool<\/a>. Started in February 2010, the program is currently running in 9 schools and helps support preschoolers who otherwise might not participate in early learning programs to attend preschool every day.<\/p>\n<p><a href=\"https:\/\/cofionline.org\/wp-content\/uploads\/Walking-Preschool-Bus-Catalyst-March-2010.pdf\">Autob\u00fas preescolar a pie, Catalyst Chicago<\/a><\/p>","protected":false},"excerpt":{"rendered":"<p>Como victoria en su Campa\u00f1a de Aprendizaje Temprano, POWER-PAC convenci\u00f3 a las Escuelas P\u00fablicas de Chicago a asociarse con COFI y POWER-PAC para crear el programa de autob\u00fas Walking Preschool. Iniciado en febrero de 2010, el programa se ejecuta actualmente en 9 escuelas y ayuda a apoyar a los ni\u00f1os en edad preescolar que de otro modo no participar\u00edan en programas de aprendizaje temprano para asistir al preescolar... <a class=\"view-article\" href=\"https:\/\/cofionline.org\/es\/COFI\/power-pacs-walking-pre-school-gets-recognized-top-program-supporting-pre-schoolers\/\">Ver art\u00edculo<\/a><\/p>","protected":false},"author":13,"featured_media":1508,"comment_status":"closed","ping_status":"closed","sticky":false,"template":"","format":"standard","meta":{"_acf_changed":false,"_et_pb_use_builder":"","_et_pb_old_content":"","_et_gb_content_width":"","footnotes":""},"categories":[22],"tags":[],"class_list":["post-1804","post","type-post","status-publish","format-standard","has-post-thumbnail","hentry","category-in-the-media"],"acf":[],"yoast_head":"<!-- This site is optimized with the Yoast SEO plugin v27.4 - https:\/\/yoast.com\/product\/yoast-seo-wordpress\/ -->\n<title>POWER-PAC\u2019s Walking Preschool gets recognized as program supporting preschool attendance | COFI<\/title>\n<meta name=\"robots\" content=\"index, follow, max-snippet:-1, max-image-preview:large, max-video-preview:-1\" \/>\n<link rel=\"canonical\" href=\"https:\/\/cofionline.org\/es\/power-pacs-walking-pre-school-gets-recognized-top-program-supporting-pre-schoolers\/\" \/>\n<meta property=\"og:locale\" content=\"es_MX\" \/>\n<meta property=\"og:type\" content=\"article\" \/>\n<meta property=\"og:title\" content=\"POWER-PAC\u2019s Walking Preschool gets recognized as program supporting preschool attendance | COFI\" \/>\n<meta property=\"og:description\" content=\"As a victory in their Early Learning Campaign, POWER-PAC convinced the Chicago Public Schools to partner with COFI and POWER-PAC to create the Walking Preschool bus program. Started in February 2010, the program is currently running in 9 schools and helps support preschoolers who otherwise might not participate in early learning programs to attend preschool&#8230; View Article\" \/>\n<meta property=\"og:url\" content=\"https:\/\/cofionline.org\/es\/power-pacs-walking-pre-school-gets-recognized-top-program-supporting-pre-schoolers\/\" \/>\n<meta property=\"og:site_name\" content=\"COFI\" \/>\n<meta property=\"article:published_time\" content=\"2010-03-22T17:00:11+00:00\" \/>\n<meta property=\"article:modified_time\" content=\"2026-01-16T16:56:52+00:00\" \/>\n<meta property=\"og:image\" content=\"https:\/\/cofionline.org\/wp-content\/uploads\/2022\/11\/CatalystWalkingPre-SchoolBus.jpg\" \/>\n\t<meta property=\"og:image:width\" content=\"487\" \/>\n\t<meta property=\"og:image:height\" content=\"364\" \/>\n\t<meta property=\"og:image:type\" content=\"image\/jpeg\" \/>\n<meta name=\"author\" content=\"COFI Admin\" \/>\n<meta name=\"twitter:card\" content=\"summary_large_image\" \/>\n<meta name=\"twitter:label1\" content=\"Escrito por\" \/>\n\t<meta name=\"twitter:data1\" content=\"COFI Admin\" \/>\n\t<meta name=\"twitter:label2\" content=\"Tiempo de lectura\" \/>\n\t<meta name=\"twitter:data2\" content=\"1 minuto\" \/>\n<script type=\"application\/ld+json\" class=\"yoast-schema-graph\">{\"@context\":\"https:\\\/\\\/schema.org\",\"@graph\":[{\"@type\":\"Article\",\"@id\":\"https:\\\/\\\/cofionline.org\\\/power-pacs-walking-pre-school-gets-recognized-top-program-supporting-pre-schoolers\\\/#article\",\"isPartOf\":{\"@id\":\"https:\\\/\\\/cofionline.org\\\/power-pacs-walking-pre-school-gets-recognized-top-program-supporting-pre-schoolers\\\/\"},\"author\":{\"name\":\"COFI Admin\",\"@id\":\"https:\\\/\\\/cofionline.org\\\/#\\\/schema\\\/person\\\/6e51f2bb4073bd8b0f13434ee335ee42\"},\"headline\":\"POWER-PAC\u2019s Walking Preschool gets recognized as program supporting preschool attendance\",\"datePublished\":\"2010-03-22T17:00:11+00:00\",\"dateModified\":\"2026-01-16T16:56:52+00:00\",\"mainEntityOfPage\":{\"@id\":\"https:\\\/\\\/cofionline.org\\\/power-pacs-walking-pre-school-gets-recognized-top-program-supporting-pre-schoolers\\\/\"},\"wordCount\":71,\"publisher\":{\"@id\":\"https:\\\/\\\/cofionline.org\\\/#organization\"},\"image\":{\"@id\":\"https:\\\/\\\/cofionline.org\\\/power-pacs-walking-pre-school-gets-recognized-top-program-supporting-pre-schoolers\\\/#primaryimage\"},\"thumbnailUrl\":\"https:\\\/\\\/cofionline.org\\\/wp-content\\\/uploads\\\/2022\\\/11\\\/CatalystWalkingPre-SchoolBus.jpg\",\"articleSection\":[\"In the Media\"],\"inLanguage\":\"es\"},{\"@type\":\"WebPage\",\"@id\":\"https:\\\/\\\/cofionline.org\\\/power-pacs-walking-pre-school-gets-recognized-top-program-supporting-pre-schoolers\\\/\",\"url\":\"https:\\\/\\\/cofionline.org\\\/power-pacs-walking-pre-school-gets-recognized-top-program-supporting-pre-schoolers\\\/\",\"name\":\"POWER-PAC\u2019s Walking Preschool gets recognized as program supporting preschool attendance | COFI\",\"isPartOf\":{\"@id\":\"https:\\\/\\\/cofionline.org\\\/#website\"},\"primaryImageOfPage\":{\"@id\":\"https:\\\/\\\/cofionline.org\\\/power-pacs-walking-pre-school-gets-recognized-top-program-supporting-pre-schoolers\\\/#primaryimage\"},\"image\":{\"@id\":\"https:\\\/\\\/cofionline.org\\\/power-pacs-walking-pre-school-gets-recognized-top-program-supporting-pre-schoolers\\\/#primaryimage\"},\"thumbnailUrl\":\"https:\\\/\\\/cofionline.org\\\/wp-content\\\/uploads\\\/2022\\\/11\\\/CatalystWalkingPre-SchoolBus.jpg\",\"datePublished\":\"2010-03-22T17:00:11+00:00\",\"dateModified\":\"2026-01-16T16:56:52+00:00\",\"breadcrumb\":{\"@id\":\"https:\\\/\\\/cofionline.org\\\/power-pacs-walking-pre-school-gets-recognized-top-program-supporting-pre-schoolers\\\/#breadcrumb\"},\"inLanguage\":\"es\",\"potentialAction\":[{\"@type\":\"ReadAction\",\"target\":[\"https:\\\/\\\/cofionline.org\\\/power-pacs-walking-pre-school-gets-recognized-top-program-supporting-pre-schoolers\\\/\"]}]},{\"@type\":\"ImageObject\",\"inLanguage\":\"es\",\"@id\":\"https:\\\/\\\/cofionline.org\\\/power-pacs-walking-pre-school-gets-recognized-top-program-supporting-pre-schoolers\\\/#primaryimage\",\"url\":\"https:\\\/\\\/cofionline.org\\\/wp-content\\\/uploads\\\/2022\\\/11\\\/CatalystWalkingPre-SchoolBus.jpg\",\"contentUrl\":\"https:\\\/\\\/cofionline.org\\\/wp-content\\\/uploads\\\/2022\\\/11\\\/CatalystWalkingPre-SchoolBus.jpg\",\"width\":487,\"height\":364},{\"@type\":\"BreadcrumbList\",\"@id\":\"https:\\\/\\\/cofionline.org\\\/power-pacs-walking-pre-school-gets-recognized-top-program-supporting-pre-schoolers\\\/#breadcrumb\",\"itemListElement\":[{\"@type\":\"ListItem\",\"position\":1,\"name\":\"Home\",\"item\":\"https:\\\/\\\/cofionline.org\\\/\"},{\"@type\":\"ListItem\",\"position\":2,\"name\":\"POWER-PAC\u2019s Walking Preschool gets recognized as program supporting preschool attendance\"}]},{\"@type\":\"WebSite\",\"@id\":\"https:\\\/\\\/cofionline.org\\\/#website\",\"url\":\"https:\\\/\\\/cofionline.org\\\/\",\"name\":\"COFI | Community Organizing and Family Issues\",\"description\":\"Community Organizing and Family Issues\",\"publisher\":{\"@id\":\"https:\\\/\\\/cofionline.org\\\/#organization\"},\"potentialAction\":[{\"@type\":\"SearchAction\",\"target\":{\"@type\":\"EntryPoint\",\"urlTemplate\":\"https:\\\/\\\/cofionline.org\\\/?s={search_term_string}\"},\"query-input\":{\"@type\":\"PropertyValueSpecification\",\"valueRequired\":true,\"valueName\":\"search_term_string\"}}],\"inLanguage\":\"es\"},{\"@type\":\"Organization\",\"@id\":\"https:\\\/\\\/cofionline.org\\\/#organization\",\"name\":\"COFI | Community Organizing and Family Issues\",\"url\":\"https:\\\/\\\/cofionline.org\\\/\",\"logo\":{\"@type\":\"ImageObject\",\"inLanguage\":\"es\",\"@id\":\"https:\\\/\\\/cofionline.org\\\/#\\\/schema\\\/logo\\\/image\\\/\",\"url\":\"https:\\\/\\\/cofionline.org\\\/wp-content\\\/uploads\\\/2022\\\/12\\\/logo-cofi.png\",\"contentUrl\":\"https:\\\/\\\/cofionline.org\\\/wp-content\\\/uploads\\\/2022\\\/12\\\/logo-cofi.png\",\"width\":518,\"height\":180,\"caption\":\"COFI | Community Organizing and Family Issues\"},\"image\":{\"@id\":\"https:\\\/\\\/cofionline.org\\\/#\\\/schema\\\/logo\\\/image\\\/\"}},{\"@type\":\"Person\",\"@id\":\"https:\\\/\\\/cofionline.org\\\/#\\\/schema\\\/person\\\/6e51f2bb4073bd8b0f13434ee335ee42\",\"name\":\"COFI Admin\",\"image\":{\"@type\":\"ImageObject\",\"inLanguage\":\"es\",\"@id\":\"https:\\\/\\\/secure.gravatar.com\\\/avatar\\\/0c7c0f3697878baa5446d2486e6191f02790816cefd45f5e5fdf334162fd47d4?s=96&d=mm&r=g\",\"url\":\"https:\\\/\\\/secure.gravatar.com\\\/avatar\\\/0c7c0f3697878baa5446d2486e6191f02790816cefd45f5e5fdf334162fd47d4?s=96&d=mm&r=g\",\"contentUrl\":\"https:\\\/\\\/secure.gravatar.com\\\/avatar\\\/0c7c0f3697878baa5446d2486e6191f02790816cefd45f5e5fdf334162fd47d4?s=96&d=mm&r=g\",\"caption\":\"COFI Admin\"}}]}<\/script>\n<!-- \/ Yoast SEO plugin. -->","yoast_head_json":{"title":"Walking Preschool de POWER-PAC es reconocido como un programa que apoya la asistencia al preescolar | COFI","robots":{"index":"index","follow":"follow","max-snippet":"max-snippet:-1","max-image-preview":"max-image-preview:large","max-video-preview":"max-video-preview:-1"},"canonical":"https:\/\/cofionline.org\/es\/power-pacs-walking-pre-school-gets-recognized-top-program-supporting-pre-schoolers\/","og_locale":"es_MX","og_type":"article","og_title":"POWER-PAC\u2019s Walking Preschool gets recognized as program supporting preschool attendance | COFI","og_description":"As a victory in their Early Learning Campaign, POWER-PAC convinced the Chicago Public Schools to partner with COFI and POWER-PAC to create the Walking Preschool bus program. Started in February 2010, the program is currently running in 9 schools and helps support preschoolers who otherwise might not participate in early learning programs to attend preschool&#8230; View Article","og_url":"https:\/\/cofionline.org\/es\/power-pacs-walking-pre-school-gets-recognized-top-program-supporting-pre-schoolers\/","og_site_name":"COFI","article_published_time":"2010-03-22T17:00:11+00:00","article_modified_time":"2026-01-16T16:56:52+00:00","og_image":[{"width":487,"height":364,"url":"https:\/\/cofionline.org\/wp-content\/uploads\/2022\/11\/CatalystWalkingPre-SchoolBus.jpg","type":"image\/jpeg"}],"author":"COFI Admin","twitter_card":"summary_large_image","twitter_misc":{"Escrito por":"COFI Admin","Tiempo de lectura":"1 minuto"},"schema":{"@context":"https:\/\/schema.org","@graph":[{"@type":"Article","@id":"https:\/\/cofionline.org\/power-pacs-walking-pre-school-gets-recognized-top-program-supporting-pre-schoolers\/#article","isPartOf":{"@id":"https:\/\/cofionline.org\/power-pacs-walking-pre-school-gets-recognized-top-program-supporting-pre-schoolers\/"},"author":{"name":"COFI Admin","@id":"https:\/\/cofionline.org\/#\/schema\/person\/6e51f2bb4073bd8b0f13434ee335ee42"},"headline":"POWER-PAC\u2019s Walking Preschool gets recognized as program supporting preschool attendance","datePublished":"2010-03-22T17:00:11+00:00","dateModified":"2026-01-16T16:56:52+00:00","mainEntityOfPage":{"@id":"https:\/\/cofionline.org\/power-pacs-walking-pre-school-gets-recognized-top-program-supporting-pre-schoolers\/"},"wordCount":71,"publisher":{"@id":"https:\/\/cofionline.org\/#organization"},"image":{"@id":"https:\/\/cofionline.org\/power-pacs-walking-pre-school-gets-recognized-top-program-supporting-pre-schoolers\/#primaryimage"},"thumbnailUrl":"https:\/\/cofionline.org\/wp-content\/uploads\/2022\/11\/CatalystWalkingPre-SchoolBus.jpg","articleSection":["In the Media"],"inLanguage":"es"},{"@type":"WebPage","@id":"https:\/\/cofionline.org\/power-pacs-walking-pre-school-gets-recognized-top-program-supporting-pre-schoolers\/","url":"https:\/\/cofionline.org\/power-pacs-walking-pre-school-gets-recognized-top-program-supporting-pre-schoolers\/","name":"Walking Preschool de POWER-PAC es reconocido como un programa que apoya la asistencia al preescolar | COFI","isPartOf":{"@id":"https:\/\/cofionline.org\/#website"},"primaryImageOfPage":{"@id":"https:\/\/cofionline.org\/power-pacs-walking-pre-school-gets-recognized-top-program-supporting-pre-schoolers\/#primaryimage"},"image":{"@id":"https:\/\/cofionline.org\/power-pacs-walking-pre-school-gets-recognized-top-program-supporting-pre-schoolers\/#primaryimage"},"thumbnailUrl":"https:\/\/cofionline.org\/wp-content\/uploads\/2022\/11\/CatalystWalkingPre-SchoolBus.jpg","datePublished":"2010-03-22T17:00:11+00:00","dateModified":"2026-01-16T16:56:52+00:00","breadcrumb":{"@id":"https:\/\/cofionline.org\/power-pacs-walking-pre-school-gets-recognized-top-program-supporting-pre-schoolers\/#breadcrumb"},"inLanguage":"es","potentialAction":[{"@type":"ReadAction","target":["https:\/\/cofionline.org\/power-pacs-walking-pre-school-gets-recognized-top-program-supporting-pre-schoolers\/"]}]},{"@type":"ImageObject","inLanguage":"es","@id":"https:\/\/cofionline.org\/power-pacs-walking-pre-school-gets-recognized-top-program-supporting-pre-schoolers\/#primaryimage","url":"https:\/\/cofionline.org\/wp-content\/uploads\/2022\/11\/CatalystWalkingPre-SchoolBus.jpg","contentUrl":"https:\/\/cofionline.org\/wp-content\/uploads\/2022\/11\/CatalystWalkingPre-SchoolBus.jpg","width":487,"height":364},{"@type":"BreadcrumbList","@id":"https:\/\/cofionline.org\/power-pacs-walking-pre-school-gets-recognized-top-program-supporting-pre-schoolers\/#breadcrumb","itemListElement":[{"@type":"ListItem","position":1,"name":"Home","item":"https:\/\/cofionline.org\/"},{"@type":"ListItem","position":2,"name":"POWER-PAC\u2019s Walking Preschool gets recognized as program supporting preschool attendance"}]},{"@type":"WebSite","@id":"https:\/\/cofionline.org\/#website","url":"https:\/\/cofionline.org\/","name":"COFI | Organizaci\u00f3n comunitaria y asuntos familiares","description":"Organizaci\u00f3n comunitaria y asuntos familiares","publisher":{"@id":"https:\/\/cofionline.org\/#organization"},"potentialAction":[{"@type":"SearchAction","target":{"@type":"EntryPoint","urlTemplate":"https:\/\/cofionline.org\/?s={search_term_string}"},"query-input":{"@type":"PropertyValueSpecification","valueRequired":true,"valueName":"search_term_string"}}],"inLanguage":"es"},{"@type":"Organization","@id":"https:\/\/cofionline.org\/#organization","name":"COFI | Organizaci\u00f3n comunitaria y asuntos familiares","url":"https:\/\/cofionline.org\/","logo":{"@type":"ImageObject","inLanguage":"es","@id":"https:\/\/cofionline.org\/#\/schema\/logo\/image\/","url":"https:\/\/cofionline.org\/wp-content\/uploads\/2022\/12\/logo-cofi.png","contentUrl":"https:\/\/cofionline.org\/wp-content\/uploads\/2022\/12\/logo-cofi.png","width":518,"height":180,"caption":"COFI | Community Organizing and Family Issues"},"image":{"@id":"https:\/\/cofionline.org\/#\/schema\/logo\/image\/"}},{"@type":"Person","@id":"https:\/\/cofionline.org\/#\/schema\/person\/6e51f2bb4073bd8b0f13434ee335ee42","name":"Administrador de COFI","image":{"@type":"ImageObject","inLanguage":"es","@id":"https:\/\/secure.gravatar.com\/avatar\/0c7c0f3697878baa5446d2486e6191f02790816cefd45f5e5fdf334162fd47d4?s=96&d=mm&r=g","url":"https:\/\/secure.gravatar.com\/avatar\/0c7c0f3697878baa5446d2486e6191f02790816cefd45f5e5fdf334162fd47d4?s=96&d=mm&r=g","contentUrl":"https:\/\/secure.gravatar.com\/avatar\/0c7c0f3697878baa5446d2486e6191f02790816cefd45f5e5fdf334162fd47d4?s=96&d=mm&r=g","caption":"COFI Admin"}}]}},"_links":{"self":[{"href":"https:\/\/cofionline.org\/es\/wp-json\/wp\/v2\/posts\/1804","targetHints":{"allow":["GET"]}}],"collection":[{"href":"https:\/\/cofionline.org\/es\/wp-json\/wp\/v2\/posts"}],"about":[{"href":"https:\/\/cofionline.org\/es\/wp-json\/wp\/v2\/types\/post"}],"author":[{"embeddable":true,"href":"https:\/\/cofionline.org\/es\/wp-json\/wp\/v2\/users\/13"}],"replies":[{"embeddable":true,"href":"https:\/\/cofionline.org\/es\/wp-json\/wp\/v2\/comments?post=1804"}],"version-history":[{"count":0,"href":"https:\/\/cofionline.org\/es\/wp-json\/wp\/v2\/posts\/1804\/revisions"}],"wp:featuredmedia":[{"embeddable":true,"href":"https:\/\/cofionline.org\/es\/wp-json\/wp\/v2\/media\/1508"}],"wp:attachment":[{"href":"https:\/\/cofionline.org\/es\/wp-json\/wp\/v2\/media?parent=1804"}],"wp:term":[{"taxonomy":"category","embeddable":true,"href":"https:\/\/cofionline.org\/es\/wp-json\/wp\/v2\/categories?post=1804"},{"taxonomy":"post_tag","embeddable":true,"href":"https:\/\/cofionline.org\/es\/wp-json\/wp\/v2\/tags?post=1804"}],"curies":[{"name":"wp","href":"https:\/\/api.w.org\/{rel}","templated":true}]}}