{"id":1794,"date":"2010-12-07T12:00:32","date_gmt":"2010-12-07T18:00:32","guid":{"rendered":"https:\/\/devcofi.wpenginepowered.com\/local-power-pac-leader-given-national-recognition\/"},"modified":"2022-11-08T13:32:02","modified_gmt":"2022-11-08T19:32:02","slug":"local-power-pac-leader-given-national-recognition","status":"publish","type":"post","link":"https:\/\/cofionline.org\/es\/local-power-pac-leader-given-national-recognition\/","title":{"rendered":"L\u00edder local de POWER-PAC recibe reconocimiento nacional"},"content":{"rendered":"<p>Rosazlia (Rose) Grillier fue seleccionada como una de las cuatro personas reconocidas a nivel nacional por sus esfuerzos para retribuir a sus comunidades. Se destac\u00f3 el incre\u00edble viaje de Rose desde la desesperaci\u00f3n hasta convertirse en l\u00edder reconocida a nivel nacional. Vea el All-State Video y su entrevista con WBEZ Chicago.<\/p>\n<p><a href=\"https:\/\/cofionline.org\/COFI\/wp-content\/uploads\/2015\/06\/Celebrating-a-Local-Heroine.pdf\">Informe anual de todo el estado, celebrando una hero\u00edna local - Rosazlia Spotlight<\/a><\/p>","protected":false},"excerpt":{"rendered":"<p>Rosazlia (Rose) Grillier fue seleccionada como una de las cuatro personas reconocidas a nivel nacional por sus esfuerzos para retribuir a sus comunidades. Se destac\u00f3 el incre\u00edble viaje de Rose desde la desesperaci\u00f3n hasta convertirse en una l\u00edder reconocida a nivel nacional. Vea el video de All-State y su entrevista con WBEZ Chicago. Informe anual de todo el estado, celebrando a una hero\u00edna local \u2013 Rosazlia Spotlight<\/p>","protected":false},"author":13,"featured_media":1485,"comment_status":"closed","ping_status":"closed","sticky":false,"template":"","format":"standard","meta":{"_acf_changed":false,"_et_pb_use_builder":"","_et_pb_old_content":"","_et_gb_content_width":"","footnotes":""},"categories":[22],"tags":[],"class_list":["post-1794","post","type-post","status-publish","format-standard","has-post-thumbnail","hentry","category-in-the-media"],"acf":[],"yoast_head":"<!-- This site is optimized with the Yoast SEO plugin v27.4 - https:\/\/yoast.com\/product\/yoast-seo-wordpress\/ -->\n<title>Local POWER-PAC Leader Given National Recognition | COFI<\/title>\n<meta name=\"robots\" content=\"index, follow, max-snippet:-1, max-image-preview:large, max-video-preview:-1\" \/>\n<link rel=\"canonical\" href=\"https:\/\/cofionline.org\/es\/local-power-pac-leader-given-national-recognition\/\" \/>\n<meta property=\"og:locale\" content=\"es_MX\" \/>\n<meta property=\"og:type\" content=\"article\" \/>\n<meta property=\"og:title\" content=\"Local POWER-PAC Leader Given National Recognition | COFI\" \/>\n<meta property=\"og:description\" content=\"Rosazlia (Rose) Grillier was selected as one of four people recognized nationally for their efforts in giving back to their communities. Rose\u2019s incredible journey from despair to nationally recognized leader was highlighted. Check out the All-State Video and her interview with WBEZ Chicago. All-State Annual Report, Celebrating a Local Heroine &#8211; Rosazlia Spotlight\" \/>\n<meta property=\"og:url\" content=\"https:\/\/cofionline.org\/es\/local-power-pac-leader-given-national-recognition\/\" \/>\n<meta property=\"og:site_name\" content=\"COFI\" \/>\n<meta property=\"article:published_time\" content=\"2010-12-07T18:00:32+00:00\" \/>\n<meta property=\"article:modified_time\" content=\"2022-11-08T19:32:02+00:00\" \/>\n<meta property=\"og:image\" content=\"https:\/\/cofionline.org\/wp-content\/uploads\/2022\/11\/RosazliaAllstateGiveBackHero.Cropped.jpg\" \/>\n\t<meta property=\"og:image:width\" content=\"1398\" \/>\n\t<meta property=\"og:image:height\" content=\"1247\" \/>\n\t<meta property=\"og:image:type\" content=\"image\/jpeg\" \/>\n<meta name=\"author\" content=\"COFI Admin\" \/>\n<meta name=\"twitter:card\" content=\"summary_large_image\" \/>\n<meta name=\"twitter:label1\" content=\"Escrito por\" \/>\n\t<meta name=\"twitter:data1\" content=\"COFI Admin\" \/>\n\t<meta name=\"twitter:label2\" content=\"Tiempo de lectura\" \/>\n\t<meta name=\"twitter:data2\" content=\"1 minuto\" \/>\n<script type=\"application\/ld+json\" class=\"yoast-schema-graph\">{\"@context\":\"https:\\\/\\\/schema.org\",\"@graph\":[{\"@type\":\"Article\",\"@id\":\"https:\\\/\\\/cofionline.org\\\/local-power-pac-leader-given-national-recognition\\\/#article\",\"isPartOf\":{\"@id\":\"https:\\\/\\\/cofionline.org\\\/local-power-pac-leader-given-national-recognition\\\/\"},\"author\":{\"name\":\"COFI Admin\",\"@id\":\"https:\\\/\\\/cofionline.org\\\/#\\\/schema\\\/person\\\/6e51f2bb4073bd8b0f13434ee335ee42\"},\"headline\":\"Local POWER-PAC Leader Given National Recognition\",\"datePublished\":\"2010-12-07T18:00:32+00:00\",\"dateModified\":\"2022-11-08T19:32:02+00:00\",\"mainEntityOfPage\":{\"@id\":\"https:\\\/\\\/cofionline.org\\\/local-power-pac-leader-given-national-recognition\\\/\"},\"wordCount\":59,\"publisher\":{\"@id\":\"https:\\\/\\\/cofionline.org\\\/#organization\"},\"image\":{\"@id\":\"https:\\\/\\\/cofionline.org\\\/local-power-pac-leader-given-national-recognition\\\/#primaryimage\"},\"thumbnailUrl\":\"https:\\\/\\\/cofionline.org\\\/wp-content\\\/uploads\\\/2022\\\/11\\\/RosazliaAllstateGiveBackHero.Cropped.jpg\",\"articleSection\":[\"In the Media\"],\"inLanguage\":\"es\"},{\"@type\":\"WebPage\",\"@id\":\"https:\\\/\\\/cofionline.org\\\/local-power-pac-leader-given-national-recognition\\\/\",\"url\":\"https:\\\/\\\/cofionline.org\\\/local-power-pac-leader-given-national-recognition\\\/\",\"name\":\"Local POWER-PAC Leader Given National Recognition | COFI\",\"isPartOf\":{\"@id\":\"https:\\\/\\\/cofionline.org\\\/#website\"},\"primaryImageOfPage\":{\"@id\":\"https:\\\/\\\/cofionline.org\\\/local-power-pac-leader-given-national-recognition\\\/#primaryimage\"},\"image\":{\"@id\":\"https:\\\/\\\/cofionline.org\\\/local-power-pac-leader-given-national-recognition\\\/#primaryimage\"},\"thumbnailUrl\":\"https:\\\/\\\/cofionline.org\\\/wp-content\\\/uploads\\\/2022\\\/11\\\/RosazliaAllstateGiveBackHero.Cropped.jpg\",\"datePublished\":\"2010-12-07T18:00:32+00:00\",\"dateModified\":\"2022-11-08T19:32:02+00:00\",\"breadcrumb\":{\"@id\":\"https:\\\/\\\/cofionline.org\\\/local-power-pac-leader-given-national-recognition\\\/#breadcrumb\"},\"inLanguage\":\"es\",\"potentialAction\":[{\"@type\":\"ReadAction\",\"target\":[\"https:\\\/\\\/cofionline.org\\\/local-power-pac-leader-given-national-recognition\\\/\"]}]},{\"@type\":\"ImageObject\",\"inLanguage\":\"es\",\"@id\":\"https:\\\/\\\/cofionline.org\\\/local-power-pac-leader-given-national-recognition\\\/#primaryimage\",\"url\":\"https:\\\/\\\/cofionline.org\\\/wp-content\\\/uploads\\\/2022\\\/11\\\/RosazliaAllstateGiveBackHero.Cropped.jpg\",\"contentUrl\":\"https:\\\/\\\/cofionline.org\\\/wp-content\\\/uploads\\\/2022\\\/11\\\/RosazliaAllstateGiveBackHero.Cropped.jpg\",\"width\":1398,\"height\":1247},{\"@type\":\"BreadcrumbList\",\"@id\":\"https:\\\/\\\/cofionline.org\\\/local-power-pac-leader-given-national-recognition\\\/#breadcrumb\",\"itemListElement\":[{\"@type\":\"ListItem\",\"position\":1,\"name\":\"Home\",\"item\":\"https:\\\/\\\/cofionline.org\\\/\"},{\"@type\":\"ListItem\",\"position\":2,\"name\":\"Local POWER-PAC Leader Given National Recognition\"}]},{\"@type\":\"WebSite\",\"@id\":\"https:\\\/\\\/cofionline.org\\\/#website\",\"url\":\"https:\\\/\\\/cofionline.org\\\/\",\"name\":\"COFI | Community Organizing and Family Issues\",\"description\":\"Community Organizing and Family Issues\",\"publisher\":{\"@id\":\"https:\\\/\\\/cofionline.org\\\/#organization\"},\"potentialAction\":[{\"@type\":\"SearchAction\",\"target\":{\"@type\":\"EntryPoint\",\"urlTemplate\":\"https:\\\/\\\/cofionline.org\\\/?s={search_term_string}\"},\"query-input\":{\"@type\":\"PropertyValueSpecification\",\"valueRequired\":true,\"valueName\":\"search_term_string\"}}],\"inLanguage\":\"es\"},{\"@type\":\"Organization\",\"@id\":\"https:\\\/\\\/cofionline.org\\\/#organization\",\"name\":\"COFI | Community Organizing and Family Issues\",\"url\":\"https:\\\/\\\/cofionline.org\\\/\",\"logo\":{\"@type\":\"ImageObject\",\"inLanguage\":\"es\",\"@id\":\"https:\\\/\\\/cofionline.org\\\/#\\\/schema\\\/logo\\\/image\\\/\",\"url\":\"https:\\\/\\\/cofionline.org\\\/wp-content\\\/uploads\\\/2022\\\/12\\\/logo-cofi.png\",\"contentUrl\":\"https:\\\/\\\/cofionline.org\\\/wp-content\\\/uploads\\\/2022\\\/12\\\/logo-cofi.png\",\"width\":518,\"height\":180,\"caption\":\"COFI | Community Organizing and Family Issues\"},\"image\":{\"@id\":\"https:\\\/\\\/cofionline.org\\\/#\\\/schema\\\/logo\\\/image\\\/\"}},{\"@type\":\"Person\",\"@id\":\"https:\\\/\\\/cofionline.org\\\/#\\\/schema\\\/person\\\/6e51f2bb4073bd8b0f13434ee335ee42\",\"name\":\"COFI Admin\",\"image\":{\"@type\":\"ImageObject\",\"inLanguage\":\"es\",\"@id\":\"https:\\\/\\\/secure.gravatar.com\\\/avatar\\\/0c7c0f3697878baa5446d2486e6191f02790816cefd45f5e5fdf334162fd47d4?s=96&d=mm&r=g\",\"url\":\"https:\\\/\\\/secure.gravatar.com\\\/avatar\\\/0c7c0f3697878baa5446d2486e6191f02790816cefd45f5e5fdf334162fd47d4?s=96&d=mm&r=g\",\"contentUrl\":\"https:\\\/\\\/secure.gravatar.com\\\/avatar\\\/0c7c0f3697878baa5446d2486e6191f02790816cefd45f5e5fdf334162fd47d4?s=96&d=mm&r=g\",\"caption\":\"COFI Admin\"}}]}<\/script>\n<!-- \/ Yoast SEO plugin. -->","yoast_head_json":{"title":"l\u00edder local de POWER-PAC recibe reconocimiento nacional | COFI","robots":{"index":"index","follow":"follow","max-snippet":"max-snippet:-1","max-image-preview":"max-image-preview:large","max-video-preview":"max-video-preview:-1"},"canonical":"https:\/\/cofionline.org\/es\/local-power-pac-leader-given-national-recognition\/","og_locale":"es_MX","og_type":"article","og_title":"Local POWER-PAC Leader Given National Recognition | COFI","og_description":"Rosazlia (Rose) Grillier was selected as one of four people recognized nationally for their efforts in giving back to their communities. Rose\u2019s incredible journey from despair to nationally recognized leader was highlighted. Check out the All-State Video and her interview with WBEZ Chicago. All-State Annual Report, Celebrating a Local Heroine &#8211; Rosazlia Spotlight","og_url":"https:\/\/cofionline.org\/es\/local-power-pac-leader-given-national-recognition\/","og_site_name":"COFI","article_published_time":"2010-12-07T18:00:32+00:00","article_modified_time":"2022-11-08T19:32:02+00:00","og_image":[{"width":1398,"height":1247,"url":"https:\/\/cofionline.org\/wp-content\/uploads\/2022\/11\/RosazliaAllstateGiveBackHero.Cropped.jpg","type":"image\/jpeg"}],"author":"COFI Admin","twitter_card":"summary_large_image","twitter_misc":{"Escrito por":"COFI Admin","Tiempo de lectura":"1 minuto"},"schema":{"@context":"https:\/\/schema.org","@graph":[{"@type":"Article","@id":"https:\/\/cofionline.org\/local-power-pac-leader-given-national-recognition\/#article","isPartOf":{"@id":"https:\/\/cofionline.org\/local-power-pac-leader-given-national-recognition\/"},"author":{"name":"COFI Admin","@id":"https:\/\/cofionline.org\/#\/schema\/person\/6e51f2bb4073bd8b0f13434ee335ee42"},"headline":"Local POWER-PAC Leader Given National Recognition","datePublished":"2010-12-07T18:00:32+00:00","dateModified":"2022-11-08T19:32:02+00:00","mainEntityOfPage":{"@id":"https:\/\/cofionline.org\/local-power-pac-leader-given-national-recognition\/"},"wordCount":59,"publisher":{"@id":"https:\/\/cofionline.org\/#organization"},"image":{"@id":"https:\/\/cofionline.org\/local-power-pac-leader-given-national-recognition\/#primaryimage"},"thumbnailUrl":"https:\/\/cofionline.org\/wp-content\/uploads\/2022\/11\/RosazliaAllstateGiveBackHero.Cropped.jpg","articleSection":["In the Media"],"inLanguage":"es"},{"@type":"WebPage","@id":"https:\/\/cofionline.org\/local-power-pac-leader-given-national-recognition\/","url":"https:\/\/cofionline.org\/local-power-pac-leader-given-national-recognition\/","name":"l\u00edder local de POWER-PAC recibe reconocimiento nacional | COFI","isPartOf":{"@id":"https:\/\/cofionline.org\/#website"},"primaryImageOfPage":{"@id":"https:\/\/cofionline.org\/local-power-pac-leader-given-national-recognition\/#primaryimage"},"image":{"@id":"https:\/\/cofionline.org\/local-power-pac-leader-given-national-recognition\/#primaryimage"},"thumbnailUrl":"https:\/\/cofionline.org\/wp-content\/uploads\/2022\/11\/RosazliaAllstateGiveBackHero.Cropped.jpg","datePublished":"2010-12-07T18:00:32+00:00","dateModified":"2022-11-08T19:32:02+00:00","breadcrumb":{"@id":"https:\/\/cofionline.org\/local-power-pac-leader-given-national-recognition\/#breadcrumb"},"inLanguage":"es","potentialAction":[{"@type":"ReadAction","target":["https:\/\/cofionline.org\/local-power-pac-leader-given-national-recognition\/"]}]},{"@type":"ImageObject","inLanguage":"es","@id":"https:\/\/cofionline.org\/local-power-pac-leader-given-national-recognition\/#primaryimage","url":"https:\/\/cofionline.org\/wp-content\/uploads\/2022\/11\/RosazliaAllstateGiveBackHero.Cropped.jpg","contentUrl":"https:\/\/cofionline.org\/wp-content\/uploads\/2022\/11\/RosazliaAllstateGiveBackHero.Cropped.jpg","width":1398,"height":1247},{"@type":"BreadcrumbList","@id":"https:\/\/cofionline.org\/local-power-pac-leader-given-national-recognition\/#breadcrumb","itemListElement":[{"@type":"ListItem","position":1,"name":"Home","item":"https:\/\/cofionline.org\/"},{"@type":"ListItem","position":2,"name":"Local POWER-PAC Leader Given National Recognition"}]},{"@type":"WebSite","@id":"https:\/\/cofionline.org\/#website","url":"https:\/\/cofionline.org\/","name":"COFI | Organizaci\u00f3n comunitaria y asuntos familiares","description":"Organizaci\u00f3n comunitaria y asuntos familiares","publisher":{"@id":"https:\/\/cofionline.org\/#organization"},"potentialAction":[{"@type":"SearchAction","target":{"@type":"EntryPoint","urlTemplate":"https:\/\/cofionline.org\/?s={search_term_string}"},"query-input":{"@type":"PropertyValueSpecification","valueRequired":true,"valueName":"search_term_string"}}],"inLanguage":"es"},{"@type":"Organization","@id":"https:\/\/cofionline.org\/#organization","name":"COFI | Organizaci\u00f3n comunitaria y asuntos familiares","url":"https:\/\/cofionline.org\/","logo":{"@type":"ImageObject","inLanguage":"es","@id":"https:\/\/cofionline.org\/#\/schema\/logo\/image\/","url":"https:\/\/cofionline.org\/wp-content\/uploads\/2022\/12\/logo-cofi.png","contentUrl":"https:\/\/cofionline.org\/wp-content\/uploads\/2022\/12\/logo-cofi.png","width":518,"height":180,"caption":"COFI | Community Organizing and Family Issues"},"image":{"@id":"https:\/\/cofionline.org\/#\/schema\/logo\/image\/"}},{"@type":"Person","@id":"https:\/\/cofionline.org\/#\/schema\/person\/6e51f2bb4073bd8b0f13434ee335ee42","name":"Administrador de COFI","image":{"@type":"ImageObject","inLanguage":"es","@id":"https:\/\/secure.gravatar.com\/avatar\/0c7c0f3697878baa5446d2486e6191f02790816cefd45f5e5fdf334162fd47d4?s=96&d=mm&r=g","url":"https:\/\/secure.gravatar.com\/avatar\/0c7c0f3697878baa5446d2486e6191f02790816cefd45f5e5fdf334162fd47d4?s=96&d=mm&r=g","contentUrl":"https:\/\/secure.gravatar.com\/avatar\/0c7c0f3697878baa5446d2486e6191f02790816cefd45f5e5fdf334162fd47d4?s=96&d=mm&r=g","caption":"COFI Admin"}}]}},"_links":{"self":[{"href":"https:\/\/cofionline.org\/es\/wp-json\/wp\/v2\/posts\/1794","targetHints":{"allow":["GET"]}}],"collection":[{"href":"https:\/\/cofionline.org\/es\/wp-json\/wp\/v2\/posts"}],"about":[{"href":"https:\/\/cofionline.org\/es\/wp-json\/wp\/v2\/types\/post"}],"author":[{"embeddable":true,"href":"https:\/\/cofionline.org\/es\/wp-json\/wp\/v2\/users\/13"}],"replies":[{"embeddable":true,"href":"https:\/\/cofionline.org\/es\/wp-json\/wp\/v2\/comments?post=1794"}],"version-history":[{"count":0,"href":"https:\/\/cofionline.org\/es\/wp-json\/wp\/v2\/posts\/1794\/revisions"}],"wp:featuredmedia":[{"embeddable":true,"href":"https:\/\/cofionline.org\/es\/wp-json\/wp\/v2\/media\/1485"}],"wp:attachment":[{"href":"https:\/\/cofionline.org\/es\/wp-json\/wp\/v2\/media?parent=1794"}],"wp:term":[{"taxonomy":"category","embeddable":true,"href":"https:\/\/cofionline.org\/es\/wp-json\/wp\/v2\/categories?post=1794"},{"taxonomy":"post_tag","embeddable":true,"href":"https:\/\/cofionline.org\/es\/wp-json\/wp\/v2\/tags?post=1794"}],"curies":[{"name":"wp","href":"https:\/\/api.w.org\/{rel}","templated":true}]}}