{"id":1784,"date":"2011-10-01T12:00:50","date_gmt":"2011-10-01T17:00:50","guid":{"rendered":"https:\/\/devcofi.wpenginepowered.com\/power-pac-rally-puts-reducing-school-suspensions-on-the-city-council-and-media-agendas\/"},"modified":"2022-11-03T10:50:44","modified_gmt":"2022-11-03T15:50:44","slug":"power-pac-rally-puts-reducing-school-suspensions-on-the-city-council-and-media-agendas","status":"publish","type":"post","link":"https:\/\/cofionline.org\/es\/power-pac-rally-puts-reducing-school-suspensions-on-the-city-council-and-media-agendas\/","title":{"rendered":"El rally POWER-PAC pone la reducci\u00f3n de las suspensiones escolares en las agendas del Concejo Municipal y los medios"},"content":{"rendered":"<p>El 7 de octubre, los padres de POWER-PAC se manifestaron en Wells High School como parte de la Semana Nacional de Acci\u00f3n sobre Expulsi\u00f3n Escolar y ganaron el compromiso del concejal Walter Burnett de copatrocinar una resoluci\u00f3n del Concejo Municipal que pide a las Escuelas P\u00fablicas de Chicago que reduzcan suspensiones y expulsiones por 40%. Wells High es una de las tres escuelas de Chicago donde los padres de POWER-PAC administran los Centros de Paz, un programa de justicia restaurativa utilizado para evitar la suspensi\u00f3n y expulsi\u00f3n de la escuela.<\/p>\n<p><img decoding=\"async\" loading=\"lazy\" width=\"458\" height=\"344\" class=\"alignnone size-full wp-image-861\" src=\"https:\/\/cofionline.org\/wp-content\/uploads\/2022\/11\/Poster-458x344-1.jpg\" alt=\"Poster (458x344)\" srcset=\"https:\/\/cofionline.org\/wp-content\/uploads\/2022\/11\/Poster-458x344-2.jpg 458w, https:\/\/cofionline.org\/wp-content\/uploads\/2022\/11\/Poster-458x344-3.jpg 300w\" sizes=\"(max-width: 458px) 100vw, 458px\" data-recalc-dims=\"1\" \/><\/p>\n<p>La manifestaci\u00f3n fue parte de un impulso nacional coordinado por la Campa\u00f1a Dignidad en las Escuelas, de la cual POWER-PAC es miembro, para poner fin a las pol\u00edticas escolares a nivel nacional, estatal y local que conducen al abandono escolar. Miles de padres, j\u00f3venes y educadores tomaron medidas contra las pr\u00e1cticas disciplinarias escolares punitivas en 28 ciudades diferentes de todo el pa\u00eds. El mitin de POWER-PAC apareci\u00f3 en el noticiero vespertino de Univision (TV espa\u00f1ola), en <em>Catalizador-Chicago<\/em> y <em>Austin habla<\/em>.<\/p>","protected":false},"excerpt":{"rendered":"<p>El 7 de octubre, los padres de POWER-PAC se manifestaron en Wells High School como parte de la Semana Nacional de Acci\u00f3n sobre Expulsi\u00f3n Escolar y obtuvieron el compromiso del concejal Walter Burnett de copatrocinar una resoluci\u00f3n del Concejo Municipal que pide a las Escuelas P\u00fablicas de Chicago que reduzcan las suspensiones y expulsiones por 40%. Wells High es uno de los tres Chicago ... <a class=\"view-article\" href=\"https:\/\/cofionline.org\/es\/COFI\/power-pac-rally-puts-reducing-school-suspensions-on-the-city-council-and-media-agendas\/\">Ver art\u00edculo<\/a><\/p>","protected":false},"author":13,"featured_media":1458,"comment_status":"closed","ping_status":"closed","sticky":false,"template":"","format":"standard","meta":{"_acf_changed":false,"_et_pb_use_builder":"","_et_pb_old_content":"","_et_gb_content_width":"","footnotes":""},"categories":[23],"tags":[],"class_list":["post-1784","post","type-post","status-publish","format-standard","has-post-thumbnail","hentry","category-elementary-justice"],"acf":[],"yoast_head":"<!-- This site is optimized with the Yoast SEO plugin v27.5 - https:\/\/yoast.com\/product\/yoast-seo-wordpress\/ -->\n<title>POWER-PAC Rally Puts Reducing School Suspensions on the City Council and Media Agendas | COFI<\/title>\n<meta name=\"robots\" content=\"index, follow, max-snippet:-1, max-image-preview:large, max-video-preview:-1\" \/>\n<link rel=\"canonical\" href=\"https:\/\/cofionline.org\/es\/power-pac-rally-puts-reducing-school-suspensions-on-the-city-council-and-media-agendas\/\" \/>\n<meta property=\"og:locale\" content=\"es_MX\" \/>\n<meta property=\"og:type\" content=\"article\" \/>\n<meta property=\"og:title\" content=\"POWER-PAC Rally Puts Reducing School Suspensions on the City Council and Media Agendas | COFI\" \/>\n<meta property=\"og:description\" content=\"On October 7, POWER-PAC parents rallied at Wells High School as part of the National Week of Action on School Push-Out and won a commitment from Alderman Walter Burnett to co-sponsor a City Council resolution calling on the Chicago Public Schools to reduce suspensions and expulsions by 40%. Wells High is one of three Chicago&#8230; View Article\" \/>\n<meta property=\"og:url\" content=\"https:\/\/cofionline.org\/es\/power-pac-rally-puts-reducing-school-suspensions-on-the-city-council-and-media-agendas\/\" \/>\n<meta property=\"og:site_name\" content=\"COFI\" \/>\n<meta property=\"article:published_time\" content=\"2011-10-01T17:00:50+00:00\" \/>\n<meta property=\"article:modified_time\" content=\"2022-11-03T15:50:44+00:00\" \/>\n<meta property=\"og:image\" content=\"https:\/\/cofionline.org\/wp-content\/uploads\/2022\/11\/Rose-chanting_cropped-scaled.jpg\" \/>\n\t<meta property=\"og:image:width\" content=\"2560\" \/>\n\t<meta property=\"og:image:height\" content=\"1411\" \/>\n\t<meta property=\"og:image:type\" content=\"image\/jpeg\" \/>\n<meta name=\"author\" content=\"COFI Admin\" \/>\n<meta name=\"twitter:card\" content=\"summary_large_image\" \/>\n<meta name=\"twitter:label1\" content=\"Escrito por\" \/>\n\t<meta name=\"twitter:data1\" content=\"COFI Admin\" \/>\n\t<meta name=\"twitter:label2\" content=\"Tiempo de lectura\" \/>\n\t<meta name=\"twitter:data2\" content=\"1 minuto\" \/>\n<script type=\"application\/ld+json\" class=\"yoast-schema-graph\">{\"@context\":\"https:\\\/\\\/schema.org\",\"@graph\":[{\"@type\":\"Article\",\"@id\":\"https:\\\/\\\/cofionline.org\\\/power-pac-rally-puts-reducing-school-suspensions-on-the-city-council-and-media-agendas\\\/#article\",\"isPartOf\":{\"@id\":\"https:\\\/\\\/cofionline.org\\\/power-pac-rally-puts-reducing-school-suspensions-on-the-city-council-and-media-agendas\\\/\"},\"author\":{\"name\":\"COFI Admin\",\"@id\":\"https:\\\/\\\/cofionline.org\\\/#\\\/schema\\\/person\\\/6e51f2bb4073bd8b0f13434ee335ee42\"},\"headline\":\"POWER-PAC Rally Puts Reducing School Suspensions on the City Council and Media Agendas\",\"datePublished\":\"2011-10-01T17:00:50+00:00\",\"dateModified\":\"2022-11-03T15:50:44+00:00\",\"mainEntityOfPage\":{\"@id\":\"https:\\\/\\\/cofionline.org\\\/power-pac-rally-puts-reducing-school-suspensions-on-the-city-council-and-media-agendas\\\/\"},\"wordCount\":158,\"publisher\":{\"@id\":\"https:\\\/\\\/cofionline.org\\\/#organization\"},\"image\":{\"@id\":\"https:\\\/\\\/cofionline.org\\\/power-pac-rally-puts-reducing-school-suspensions-on-the-city-council-and-media-agendas\\\/#primaryimage\"},\"thumbnailUrl\":\"https:\\\/\\\/cofionline.org\\\/wp-content\\\/uploads\\\/2022\\\/11\\\/Rose-chanting_cropped-scaled.jpg\",\"articleSection\":[\"Elementary Justice\"],\"inLanguage\":\"es\"},{\"@type\":\"WebPage\",\"@id\":\"https:\\\/\\\/cofionline.org\\\/power-pac-rally-puts-reducing-school-suspensions-on-the-city-council-and-media-agendas\\\/\",\"url\":\"https:\\\/\\\/cofionline.org\\\/power-pac-rally-puts-reducing-school-suspensions-on-the-city-council-and-media-agendas\\\/\",\"name\":\"POWER-PAC Rally Puts Reducing School Suspensions on the City Council and Media Agendas | COFI\",\"isPartOf\":{\"@id\":\"https:\\\/\\\/cofionline.org\\\/#website\"},\"primaryImageOfPage\":{\"@id\":\"https:\\\/\\\/cofionline.org\\\/power-pac-rally-puts-reducing-school-suspensions-on-the-city-council-and-media-agendas\\\/#primaryimage\"},\"image\":{\"@id\":\"https:\\\/\\\/cofionline.org\\\/power-pac-rally-puts-reducing-school-suspensions-on-the-city-council-and-media-agendas\\\/#primaryimage\"},\"thumbnailUrl\":\"https:\\\/\\\/cofionline.org\\\/wp-content\\\/uploads\\\/2022\\\/11\\\/Rose-chanting_cropped-scaled.jpg\",\"datePublished\":\"2011-10-01T17:00:50+00:00\",\"dateModified\":\"2022-11-03T15:50:44+00:00\",\"breadcrumb\":{\"@id\":\"https:\\\/\\\/cofionline.org\\\/power-pac-rally-puts-reducing-school-suspensions-on-the-city-council-and-media-agendas\\\/#breadcrumb\"},\"inLanguage\":\"es\",\"potentialAction\":[{\"@type\":\"ReadAction\",\"target\":[\"https:\\\/\\\/cofionline.org\\\/power-pac-rally-puts-reducing-school-suspensions-on-the-city-council-and-media-agendas\\\/\"]}]},{\"@type\":\"ImageObject\",\"inLanguage\":\"es\",\"@id\":\"https:\\\/\\\/cofionline.org\\\/power-pac-rally-puts-reducing-school-suspensions-on-the-city-council-and-media-agendas\\\/#primaryimage\",\"url\":\"https:\\\/\\\/cofionline.org\\\/wp-content\\\/uploads\\\/2022\\\/11\\\/Rose-chanting_cropped-scaled.jpg\",\"contentUrl\":\"https:\\\/\\\/cofionline.org\\\/wp-content\\\/uploads\\\/2022\\\/11\\\/Rose-chanting_cropped-scaled.jpg\",\"width\":2560,\"height\":1411},{\"@type\":\"BreadcrumbList\",\"@id\":\"https:\\\/\\\/cofionline.org\\\/power-pac-rally-puts-reducing-school-suspensions-on-the-city-council-and-media-agendas\\\/#breadcrumb\",\"itemListElement\":[{\"@type\":\"ListItem\",\"position\":1,\"name\":\"Home\",\"item\":\"https:\\\/\\\/cofionline.org\\\/\"},{\"@type\":\"ListItem\",\"position\":2,\"name\":\"POWER-PAC Rally Puts Reducing School Suspensions on the City Council and Media Agendas\"}]},{\"@type\":\"WebSite\",\"@id\":\"https:\\\/\\\/cofionline.org\\\/#website\",\"url\":\"https:\\\/\\\/cofionline.org\\\/\",\"name\":\"COFI | Community Organizing and Family Issues\",\"description\":\"Community Organizing and Family Issues\",\"publisher\":{\"@id\":\"https:\\\/\\\/cofionline.org\\\/#organization\"},\"potentialAction\":[{\"@type\":\"SearchAction\",\"target\":{\"@type\":\"EntryPoint\",\"urlTemplate\":\"https:\\\/\\\/cofionline.org\\\/?s={search_term_string}\"},\"query-input\":{\"@type\":\"PropertyValueSpecification\",\"valueRequired\":true,\"valueName\":\"search_term_string\"}}],\"inLanguage\":\"es\"},{\"@type\":\"Organization\",\"@id\":\"https:\\\/\\\/cofionline.org\\\/#organization\",\"name\":\"COFI | Community Organizing and Family Issues\",\"url\":\"https:\\\/\\\/cofionline.org\\\/\",\"logo\":{\"@type\":\"ImageObject\",\"inLanguage\":\"es\",\"@id\":\"https:\\\/\\\/cofionline.org\\\/#\\\/schema\\\/logo\\\/image\\\/\",\"url\":\"https:\\\/\\\/cofionline.org\\\/wp-content\\\/uploads\\\/2022\\\/12\\\/logo-cofi.png\",\"contentUrl\":\"https:\\\/\\\/cofionline.org\\\/wp-content\\\/uploads\\\/2022\\\/12\\\/logo-cofi.png\",\"width\":518,\"height\":180,\"caption\":\"COFI | Community Organizing and Family Issues\"},\"image\":{\"@id\":\"https:\\\/\\\/cofionline.org\\\/#\\\/schema\\\/logo\\\/image\\\/\"}},{\"@type\":\"Person\",\"@id\":\"https:\\\/\\\/cofionline.org\\\/#\\\/schema\\\/person\\\/6e51f2bb4073bd8b0f13434ee335ee42\",\"name\":\"COFI Admin\",\"image\":{\"@type\":\"ImageObject\",\"inLanguage\":\"es\",\"@id\":\"https:\\\/\\\/secure.gravatar.com\\\/avatar\\\/0c7c0f3697878baa5446d2486e6191f02790816cefd45f5e5fdf334162fd47d4?s=96&d=mm&r=g\",\"url\":\"https:\\\/\\\/secure.gravatar.com\\\/avatar\\\/0c7c0f3697878baa5446d2486e6191f02790816cefd45f5e5fdf334162fd47d4?s=96&d=mm&r=g\",\"contentUrl\":\"https:\\\/\\\/secure.gravatar.com\\\/avatar\\\/0c7c0f3697878baa5446d2486e6191f02790816cefd45f5e5fdf334162fd47d4?s=96&d=mm&r=g\",\"caption\":\"COFI Admin\"}}]}<\/script>\n<!-- \/ Yoast SEO plugin. -->","yoast_head_json":{"title":"El rally POWER-PAC pone la reducci\u00f3n de las suspensiones escolares en las agendas del Concejo Municipal y de los medios | COFI","robots":{"index":"index","follow":"follow","max-snippet":"max-snippet:-1","max-image-preview":"max-image-preview:large","max-video-preview":"max-video-preview:-1"},"canonical":"https:\/\/cofionline.org\/es\/power-pac-rally-puts-reducing-school-suspensions-on-the-city-council-and-media-agendas\/","og_locale":"es_MX","og_type":"article","og_title":"POWER-PAC Rally Puts Reducing School Suspensions on the City Council and Media Agendas | COFI","og_description":"On October 7, POWER-PAC parents rallied at Wells High School as part of the National Week of Action on School Push-Out and won a commitment from Alderman Walter Burnett to co-sponsor a City Council resolution calling on the Chicago Public Schools to reduce suspensions and expulsions by 40%. Wells High is one of three Chicago&#8230; View Article","og_url":"https:\/\/cofionline.org\/es\/power-pac-rally-puts-reducing-school-suspensions-on-the-city-council-and-media-agendas\/","og_site_name":"COFI","article_published_time":"2011-10-01T17:00:50+00:00","article_modified_time":"2022-11-03T15:50:44+00:00","og_image":[{"width":2560,"height":1411,"url":"https:\/\/cofionline.org\/wp-content\/uploads\/2022\/11\/Rose-chanting_cropped-scaled.jpg","type":"image\/jpeg"}],"author":"COFI Admin","twitter_card":"summary_large_image","twitter_misc":{"Escrito por":"COFI Admin","Tiempo de lectura":"1 minuto"},"schema":{"@context":"https:\/\/schema.org","@graph":[{"@type":"Article","@id":"https:\/\/cofionline.org\/power-pac-rally-puts-reducing-school-suspensions-on-the-city-council-and-media-agendas\/#article","isPartOf":{"@id":"https:\/\/cofionline.org\/power-pac-rally-puts-reducing-school-suspensions-on-the-city-council-and-media-agendas\/"},"author":{"name":"COFI Admin","@id":"https:\/\/cofionline.org\/#\/schema\/person\/6e51f2bb4073bd8b0f13434ee335ee42"},"headline":"POWER-PAC Rally Puts Reducing School Suspensions on the City Council and Media Agendas","datePublished":"2011-10-01T17:00:50+00:00","dateModified":"2022-11-03T15:50:44+00:00","mainEntityOfPage":{"@id":"https:\/\/cofionline.org\/power-pac-rally-puts-reducing-school-suspensions-on-the-city-council-and-media-agendas\/"},"wordCount":158,"publisher":{"@id":"https:\/\/cofionline.org\/#organization"},"image":{"@id":"https:\/\/cofionline.org\/power-pac-rally-puts-reducing-school-suspensions-on-the-city-council-and-media-agendas\/#primaryimage"},"thumbnailUrl":"https:\/\/cofionline.org\/wp-content\/uploads\/2022\/11\/Rose-chanting_cropped-scaled.jpg","articleSection":["Elementary Justice"],"inLanguage":"es"},{"@type":"WebPage","@id":"https:\/\/cofionline.org\/power-pac-rally-puts-reducing-school-suspensions-on-the-city-council-and-media-agendas\/","url":"https:\/\/cofionline.org\/power-pac-rally-puts-reducing-school-suspensions-on-the-city-council-and-media-agendas\/","name":"El rally POWER-PAC pone la reducci\u00f3n de las suspensiones escolares en las agendas del Concejo Municipal y de los medios | COFI","isPartOf":{"@id":"https:\/\/cofionline.org\/#website"},"primaryImageOfPage":{"@id":"https:\/\/cofionline.org\/power-pac-rally-puts-reducing-school-suspensions-on-the-city-council-and-media-agendas\/#primaryimage"},"image":{"@id":"https:\/\/cofionline.org\/power-pac-rally-puts-reducing-school-suspensions-on-the-city-council-and-media-agendas\/#primaryimage"},"thumbnailUrl":"https:\/\/cofionline.org\/wp-content\/uploads\/2022\/11\/Rose-chanting_cropped-scaled.jpg","datePublished":"2011-10-01T17:00:50+00:00","dateModified":"2022-11-03T15:50:44+00:00","breadcrumb":{"@id":"https:\/\/cofionline.org\/power-pac-rally-puts-reducing-school-suspensions-on-the-city-council-and-media-agendas\/#breadcrumb"},"inLanguage":"es","potentialAction":[{"@type":"ReadAction","target":["https:\/\/cofionline.org\/power-pac-rally-puts-reducing-school-suspensions-on-the-city-council-and-media-agendas\/"]}]},{"@type":"ImageObject","inLanguage":"es","@id":"https:\/\/cofionline.org\/power-pac-rally-puts-reducing-school-suspensions-on-the-city-council-and-media-agendas\/#primaryimage","url":"https:\/\/cofionline.org\/wp-content\/uploads\/2022\/11\/Rose-chanting_cropped-scaled.jpg","contentUrl":"https:\/\/cofionline.org\/wp-content\/uploads\/2022\/11\/Rose-chanting_cropped-scaled.jpg","width":2560,"height":1411},{"@type":"BreadcrumbList","@id":"https:\/\/cofionline.org\/power-pac-rally-puts-reducing-school-suspensions-on-the-city-council-and-media-agendas\/#breadcrumb","itemListElement":[{"@type":"ListItem","position":1,"name":"Home","item":"https:\/\/cofionline.org\/"},{"@type":"ListItem","position":2,"name":"POWER-PAC Rally Puts Reducing School Suspensions on the City Council and Media Agendas"}]},{"@type":"WebSite","@id":"https:\/\/cofionline.org\/#website","url":"https:\/\/cofionline.org\/","name":"COFI | Organizaci\u00f3n comunitaria y asuntos familiares","description":"Organizaci\u00f3n comunitaria y asuntos familiares","publisher":{"@id":"https:\/\/cofionline.org\/#organization"},"potentialAction":[{"@type":"SearchAction","target":{"@type":"EntryPoint","urlTemplate":"https:\/\/cofionline.org\/?s={search_term_string}"},"query-input":{"@type":"PropertyValueSpecification","valueRequired":true,"valueName":"search_term_string"}}],"inLanguage":"es"},{"@type":"Organization","@id":"https:\/\/cofionline.org\/#organization","name":"COFI | Organizaci\u00f3n comunitaria y asuntos familiares","url":"https:\/\/cofionline.org\/","logo":{"@type":"ImageObject","inLanguage":"es","@id":"https:\/\/cofionline.org\/#\/schema\/logo\/image\/","url":"https:\/\/cofionline.org\/wp-content\/uploads\/2022\/12\/logo-cofi.png","contentUrl":"https:\/\/cofionline.org\/wp-content\/uploads\/2022\/12\/logo-cofi.png","width":518,"height":180,"caption":"COFI | Community Organizing and Family Issues"},"image":{"@id":"https:\/\/cofionline.org\/#\/schema\/logo\/image\/"}},{"@type":"Person","@id":"https:\/\/cofionline.org\/#\/schema\/person\/6e51f2bb4073bd8b0f13434ee335ee42","name":"Administrador de COFI","image":{"@type":"ImageObject","inLanguage":"es","@id":"https:\/\/secure.gravatar.com\/avatar\/0c7c0f3697878baa5446d2486e6191f02790816cefd45f5e5fdf334162fd47d4?s=96&d=mm&r=g","url":"https:\/\/secure.gravatar.com\/avatar\/0c7c0f3697878baa5446d2486e6191f02790816cefd45f5e5fdf334162fd47d4?s=96&d=mm&r=g","contentUrl":"https:\/\/secure.gravatar.com\/avatar\/0c7c0f3697878baa5446d2486e6191f02790816cefd45f5e5fdf334162fd47d4?s=96&d=mm&r=g","caption":"COFI Admin"}}]}},"_links":{"self":[{"href":"https:\/\/cofionline.org\/es\/wp-json\/wp\/v2\/posts\/1784","targetHints":{"allow":["GET"]}}],"collection":[{"href":"https:\/\/cofionline.org\/es\/wp-json\/wp\/v2\/posts"}],"about":[{"href":"https:\/\/cofionline.org\/es\/wp-json\/wp\/v2\/types\/post"}],"author":[{"embeddable":true,"href":"https:\/\/cofionline.org\/es\/wp-json\/wp\/v2\/users\/13"}],"replies":[{"embeddable":true,"href":"https:\/\/cofionline.org\/es\/wp-json\/wp\/v2\/comments?post=1784"}],"version-history":[{"count":0,"href":"https:\/\/cofionline.org\/es\/wp-json\/wp\/v2\/posts\/1784\/revisions"}],"wp:featuredmedia":[{"embeddable":true,"href":"https:\/\/cofionline.org\/es\/wp-json\/wp\/v2\/media\/1458"}],"wp:attachment":[{"href":"https:\/\/cofionline.org\/es\/wp-json\/wp\/v2\/media?parent=1784"}],"wp:term":[{"taxonomy":"category","embeddable":true,"href":"https:\/\/cofionline.org\/es\/wp-json\/wp\/v2\/categories?post=1784"},{"taxonomy":"post_tag","embeddable":true,"href":"https:\/\/cofionline.org\/es\/wp-json\/wp\/v2\/tags?post=1784"}],"curies":[{"name":"wp","href":"https:\/\/api.w.org\/{rel}","templated":true}]}}