{"id":1780,"date":"2012-02-01T12:00:38","date_gmt":"2012-02-01T18:00:38","guid":{"rendered":"https:\/\/devcofi.wpenginepowered.com\/power-pac-co-chair-profiled-in-a-new-report\/"},"modified":"2022-11-03T10:50:42","modified_gmt":"2022-11-03T15:50:42","slug":"power-pac-co-chair-profiled-in-a-new-report","status":"publish","type":"post","link":"https:\/\/cofionline.org\/es\/power-pac-co-chair-profiled-in-a-new-report\/","title":{"rendered":"Perfil del copresidente de POWER-PAC en un nuevo informe"},"content":{"rendered":"<p>La copresidenta de POWER-PAC, Felipa Mena, se perfila en una nueva publicaci\u00f3n, &quot;Comunidades cambiando el rumbo de la disciplina escolar&quot;, producida por Just and Fair Schools Fund.<\/p>\n<p>El art\u00edculo (ubicado en la p\u00e1gina 5 del informe) relata el trabajo de Felipa para traer con \u00e9xito un Centro de Paz a la Escuela Secundaria Wells Community Academy que ense\u00f1a a los estudiantes herramientas para manejar conflictos sin violencia.<\/p>\n<p>Su pasi\u00f3n por llevar el Centro de la Paz a Wells se intensific\u00f3 cuando su hijo, quien tambi\u00e9n se gradu\u00f3 de Wells, muri\u00f3 en un acto de violencia callejera. Seg\u00fan Felipa, \u201cQueremos darles (a los j\u00f3venes) otras opciones para solucionar sus problemas. No queremos que los arresten por cada peque\u00f1a cosa. Ofrecemos alternativas para que los estudiantes puedan tomar decisiones positivas sobre sus vidas\u201d.<\/p>\n<p>En el informe tambi\u00e9n se incluye la victoria de la Campa\u00f1a de Justicia Primaria de POWER-PAC al cambiar el C\u00f3digo de Conducta de las Escuelas P\u00fablicas de Chicago para eliminar la tolerancia cero y convencer a CPS de volver a la mesa de negociaciones para hacer cambios m\u00e1s profundos en el C\u00f3digo de Conducta. (Vea esa historia en la p\u00e1gina 8.)<\/p>\n<p><a href=\"http:\/\/publicinterestprojects.us2.list-manage.com\/track\/click?u=d31c72317ed7ed2db9d8e6924&amp;id=eacec9a326&amp;e=4bd77cc928\"><br \/>\nInforme \u201cComunidades cambiando el rumbo de la disciplina escolar\u201d<\/a><\/p>","protected":false},"excerpt":{"rendered":"<p>La copresidenta de POWER-PAC, Felipa Mena, aparece descrita en una nueva publicaci\u00f3n \u201cComunidades cambiando el rumbo de la disciplina escolar\u201d, producida por el Fondo de Escuelas Justas y Equitativas. El art\u00edculo (ubicado en la p\u00e1gina 5 del informe) narra el trabajo de Felipa para llevar con \u00e9xito un Centro de Paz a la Escuela Secundaria Wells Community Academy que ense\u00f1a a los estudiantes herramientas para manejar... <a class=\"view-article\" href=\"https:\/\/cofionline.org\/es\/COFI\/power-pac-co-chair-profiled-in-a-new-report\/\">Ver art\u00edculo<\/a><\/p>","protected":false},"author":13,"featured_media":1447,"comment_status":"closed","ping_status":"closed","sticky":false,"template":"","format":"standard","meta":{"_acf_changed":false,"_et_pb_use_builder":"","_et_pb_old_content":"","_et_gb_content_width":"","footnotes":""},"categories":[23],"tags":[],"class_list":["post-1780","post","type-post","status-publish","format-standard","has-post-thumbnail","hentry","category-elementary-justice"],"acf":[],"yoast_head":"<!-- This site is optimized with the Yoast SEO plugin v27.5 - https:\/\/yoast.com\/product\/yoast-seo-wordpress\/ -->\n<title>POWER-PAC Co-Chair Profiled in a New Report | COFI<\/title>\n<meta name=\"robots\" content=\"index, follow, max-snippet:-1, max-image-preview:large, max-video-preview:-1\" \/>\n<link rel=\"canonical\" href=\"https:\/\/cofionline.org\/es\/power-pac-co-chair-profiled-in-a-new-report\/\" \/>\n<meta property=\"og:locale\" content=\"es_MX\" \/>\n<meta property=\"og:type\" content=\"article\" \/>\n<meta property=\"og:title\" content=\"POWER-PAC Co-Chair Profiled in a New Report | COFI\" \/>\n<meta property=\"og:description\" content=\"POWER-PAC Co-Chair, Felipa Mena, is profiled in a new publication \u201cCommunities Turning the Tide on School Discipline,\u201d produced by the Just and Fair Schools Fund. The article (located on page 5 of the report) chronicles Felipa\u2019s work in successfully bringing a Peace Center to Wells Community Academy High School that teaches students tools to handle&#8230; View Article\" \/>\n<meta property=\"og:url\" content=\"https:\/\/cofionline.org\/es\/power-pac-co-chair-profiled-in-a-new-report\/\" \/>\n<meta property=\"og:site_name\" content=\"COFI\" \/>\n<meta property=\"article:published_time\" content=\"2012-02-01T18:00:38+00:00\" \/>\n<meta property=\"article:modified_time\" content=\"2022-11-03T15:50:42+00:00\" \/>\n<meta property=\"og:image\" content=\"https:\/\/cofionline.org\/wp-content\/uploads\/2022\/11\/Felipa9-1-scaled.jpg\" \/>\n\t<meta property=\"og:image:width\" content=\"2560\" \/>\n\t<meta property=\"og:image:height\" content=\"1707\" \/>\n\t<meta property=\"og:image:type\" content=\"image\/jpeg\" \/>\n<meta name=\"author\" content=\"COFI Admin\" \/>\n<meta name=\"twitter:card\" content=\"summary_large_image\" \/>\n<meta name=\"twitter:label1\" content=\"Escrito por\" \/>\n\t<meta name=\"twitter:data1\" content=\"COFI Admin\" \/>\n\t<meta name=\"twitter:label2\" content=\"Tiempo de lectura\" \/>\n\t<meta name=\"twitter:data2\" content=\"1 minuto\" \/>\n<script type=\"application\/ld+json\" class=\"yoast-schema-graph\">{\"@context\":\"https:\\\/\\\/schema.org\",\"@graph\":[{\"@type\":\"Article\",\"@id\":\"https:\\\/\\\/cofionline.org\\\/power-pac-co-chair-profiled-in-a-new-report\\\/#article\",\"isPartOf\":{\"@id\":\"https:\\\/\\\/cofionline.org\\\/power-pac-co-chair-profiled-in-a-new-report\\\/\"},\"author\":{\"name\":\"COFI Admin\",\"@id\":\"https:\\\/\\\/cofionline.org\\\/#\\\/schema\\\/person\\\/6e51f2bb4073bd8b0f13434ee335ee42\"},\"headline\":\"POWER-PAC Co-Chair Profiled in a New Report\",\"datePublished\":\"2012-02-01T18:00:38+00:00\",\"dateModified\":\"2022-11-03T15:50:42+00:00\",\"mainEntityOfPage\":{\"@id\":\"https:\\\/\\\/cofionline.org\\\/power-pac-co-chair-profiled-in-a-new-report\\\/\"},\"wordCount\":187,\"publisher\":{\"@id\":\"https:\\\/\\\/cofionline.org\\\/#organization\"},\"image\":{\"@id\":\"https:\\\/\\\/cofionline.org\\\/power-pac-co-chair-profiled-in-a-new-report\\\/#primaryimage\"},\"thumbnailUrl\":\"https:\\\/\\\/cofionline.org\\\/wp-content\\\/uploads\\\/2022\\\/11\\\/Felipa9-1-scaled.jpg\",\"articleSection\":[\"Elementary Justice\"],\"inLanguage\":\"es\"},{\"@type\":\"WebPage\",\"@id\":\"https:\\\/\\\/cofionline.org\\\/power-pac-co-chair-profiled-in-a-new-report\\\/\",\"url\":\"https:\\\/\\\/cofionline.org\\\/power-pac-co-chair-profiled-in-a-new-report\\\/\",\"name\":\"POWER-PAC Co-Chair Profiled in a New Report | COFI\",\"isPartOf\":{\"@id\":\"https:\\\/\\\/cofionline.org\\\/#website\"},\"primaryImageOfPage\":{\"@id\":\"https:\\\/\\\/cofionline.org\\\/power-pac-co-chair-profiled-in-a-new-report\\\/#primaryimage\"},\"image\":{\"@id\":\"https:\\\/\\\/cofionline.org\\\/power-pac-co-chair-profiled-in-a-new-report\\\/#primaryimage\"},\"thumbnailUrl\":\"https:\\\/\\\/cofionline.org\\\/wp-content\\\/uploads\\\/2022\\\/11\\\/Felipa9-1-scaled.jpg\",\"datePublished\":\"2012-02-01T18:00:38+00:00\",\"dateModified\":\"2022-11-03T15:50:42+00:00\",\"breadcrumb\":{\"@id\":\"https:\\\/\\\/cofionline.org\\\/power-pac-co-chair-profiled-in-a-new-report\\\/#breadcrumb\"},\"inLanguage\":\"es\",\"potentialAction\":[{\"@type\":\"ReadAction\",\"target\":[\"https:\\\/\\\/cofionline.org\\\/power-pac-co-chair-profiled-in-a-new-report\\\/\"]}]},{\"@type\":\"ImageObject\",\"inLanguage\":\"es\",\"@id\":\"https:\\\/\\\/cofionline.org\\\/power-pac-co-chair-profiled-in-a-new-report\\\/#primaryimage\",\"url\":\"https:\\\/\\\/cofionline.org\\\/wp-content\\\/uploads\\\/2022\\\/11\\\/Felipa9-1-scaled.jpg\",\"contentUrl\":\"https:\\\/\\\/cofionline.org\\\/wp-content\\\/uploads\\\/2022\\\/11\\\/Felipa9-1-scaled.jpg\",\"width\":2560,\"height\":1707},{\"@type\":\"BreadcrumbList\",\"@id\":\"https:\\\/\\\/cofionline.org\\\/power-pac-co-chair-profiled-in-a-new-report\\\/#breadcrumb\",\"itemListElement\":[{\"@type\":\"ListItem\",\"position\":1,\"name\":\"Home\",\"item\":\"https:\\\/\\\/cofionline.org\\\/\"},{\"@type\":\"ListItem\",\"position\":2,\"name\":\"POWER-PAC Co-Chair Profiled in a New Report\"}]},{\"@type\":\"WebSite\",\"@id\":\"https:\\\/\\\/cofionline.org\\\/#website\",\"url\":\"https:\\\/\\\/cofionline.org\\\/\",\"name\":\"COFI | Community Organizing and Family Issues\",\"description\":\"Community Organizing and Family Issues\",\"publisher\":{\"@id\":\"https:\\\/\\\/cofionline.org\\\/#organization\"},\"potentialAction\":[{\"@type\":\"SearchAction\",\"target\":{\"@type\":\"EntryPoint\",\"urlTemplate\":\"https:\\\/\\\/cofionline.org\\\/?s={search_term_string}\"},\"query-input\":{\"@type\":\"PropertyValueSpecification\",\"valueRequired\":true,\"valueName\":\"search_term_string\"}}],\"inLanguage\":\"es\"},{\"@type\":\"Organization\",\"@id\":\"https:\\\/\\\/cofionline.org\\\/#organization\",\"name\":\"COFI | Community Organizing and Family Issues\",\"url\":\"https:\\\/\\\/cofionline.org\\\/\",\"logo\":{\"@type\":\"ImageObject\",\"inLanguage\":\"es\",\"@id\":\"https:\\\/\\\/cofionline.org\\\/#\\\/schema\\\/logo\\\/image\\\/\",\"url\":\"https:\\\/\\\/cofionline.org\\\/wp-content\\\/uploads\\\/2022\\\/12\\\/logo-cofi.png\",\"contentUrl\":\"https:\\\/\\\/cofionline.org\\\/wp-content\\\/uploads\\\/2022\\\/12\\\/logo-cofi.png\",\"width\":518,\"height\":180,\"caption\":\"COFI | Community Organizing and Family Issues\"},\"image\":{\"@id\":\"https:\\\/\\\/cofionline.org\\\/#\\\/schema\\\/logo\\\/image\\\/\"}},{\"@type\":\"Person\",\"@id\":\"https:\\\/\\\/cofionline.org\\\/#\\\/schema\\\/person\\\/6e51f2bb4073bd8b0f13434ee335ee42\",\"name\":\"COFI Admin\",\"image\":{\"@type\":\"ImageObject\",\"inLanguage\":\"es\",\"@id\":\"https:\\\/\\\/secure.gravatar.com\\\/avatar\\\/0c7c0f3697878baa5446d2486e6191f02790816cefd45f5e5fdf334162fd47d4?s=96&d=mm&r=g\",\"url\":\"https:\\\/\\\/secure.gravatar.com\\\/avatar\\\/0c7c0f3697878baa5446d2486e6191f02790816cefd45f5e5fdf334162fd47d4?s=96&d=mm&r=g\",\"contentUrl\":\"https:\\\/\\\/secure.gravatar.com\\\/avatar\\\/0c7c0f3697878baa5446d2486e6191f02790816cefd45f5e5fdf334162fd47d4?s=96&d=mm&r=g\",\"caption\":\"COFI Admin\"}}]}<\/script>\n<!-- \/ Yoast SEO plugin. -->","yoast_head_json":{"title":"Copresidente de POWER-PAC perfilado en un nuevo informe | COFI","robots":{"index":"index","follow":"follow","max-snippet":"max-snippet:-1","max-image-preview":"max-image-preview:large","max-video-preview":"max-video-preview:-1"},"canonical":"https:\/\/cofionline.org\/es\/power-pac-co-chair-profiled-in-a-new-report\/","og_locale":"es_MX","og_type":"article","og_title":"POWER-PAC Co-Chair Profiled in a New Report | COFI","og_description":"POWER-PAC Co-Chair, Felipa Mena, is profiled in a new publication \u201cCommunities Turning the Tide on School Discipline,\u201d produced by the Just and Fair Schools Fund. The article (located on page 5 of the report) chronicles Felipa\u2019s work in successfully bringing a Peace Center to Wells Community Academy High School that teaches students tools to handle&#8230; View Article","og_url":"https:\/\/cofionline.org\/es\/power-pac-co-chair-profiled-in-a-new-report\/","og_site_name":"COFI","article_published_time":"2012-02-01T18:00:38+00:00","article_modified_time":"2022-11-03T15:50:42+00:00","og_image":[{"width":2560,"height":1707,"url":"https:\/\/cofionline.org\/wp-content\/uploads\/2022\/11\/Felipa9-1-scaled.jpg","type":"image\/jpeg"}],"author":"COFI Admin","twitter_card":"summary_large_image","twitter_misc":{"Escrito por":"COFI Admin","Tiempo de lectura":"1 minuto"},"schema":{"@context":"https:\/\/schema.org","@graph":[{"@type":"Article","@id":"https:\/\/cofionline.org\/power-pac-co-chair-profiled-in-a-new-report\/#article","isPartOf":{"@id":"https:\/\/cofionline.org\/power-pac-co-chair-profiled-in-a-new-report\/"},"author":{"name":"COFI Admin","@id":"https:\/\/cofionline.org\/#\/schema\/person\/6e51f2bb4073bd8b0f13434ee335ee42"},"headline":"POWER-PAC Co-Chair Profiled in a New Report","datePublished":"2012-02-01T18:00:38+00:00","dateModified":"2022-11-03T15:50:42+00:00","mainEntityOfPage":{"@id":"https:\/\/cofionline.org\/power-pac-co-chair-profiled-in-a-new-report\/"},"wordCount":187,"publisher":{"@id":"https:\/\/cofionline.org\/#organization"},"image":{"@id":"https:\/\/cofionline.org\/power-pac-co-chair-profiled-in-a-new-report\/#primaryimage"},"thumbnailUrl":"https:\/\/cofionline.org\/wp-content\/uploads\/2022\/11\/Felipa9-1-scaled.jpg","articleSection":["Elementary Justice"],"inLanguage":"es"},{"@type":"WebPage","@id":"https:\/\/cofionline.org\/power-pac-co-chair-profiled-in-a-new-report\/","url":"https:\/\/cofionline.org\/power-pac-co-chair-profiled-in-a-new-report\/","name":"Copresidente de POWER-PAC perfilado en un nuevo informe | COFI","isPartOf":{"@id":"https:\/\/cofionline.org\/#website"},"primaryImageOfPage":{"@id":"https:\/\/cofionline.org\/power-pac-co-chair-profiled-in-a-new-report\/#primaryimage"},"image":{"@id":"https:\/\/cofionline.org\/power-pac-co-chair-profiled-in-a-new-report\/#primaryimage"},"thumbnailUrl":"https:\/\/cofionline.org\/wp-content\/uploads\/2022\/11\/Felipa9-1-scaled.jpg","datePublished":"2012-02-01T18:00:38+00:00","dateModified":"2022-11-03T15:50:42+00:00","breadcrumb":{"@id":"https:\/\/cofionline.org\/power-pac-co-chair-profiled-in-a-new-report\/#breadcrumb"},"inLanguage":"es","potentialAction":[{"@type":"ReadAction","target":["https:\/\/cofionline.org\/power-pac-co-chair-profiled-in-a-new-report\/"]}]},{"@type":"ImageObject","inLanguage":"es","@id":"https:\/\/cofionline.org\/power-pac-co-chair-profiled-in-a-new-report\/#primaryimage","url":"https:\/\/cofionline.org\/wp-content\/uploads\/2022\/11\/Felipa9-1-scaled.jpg","contentUrl":"https:\/\/cofionline.org\/wp-content\/uploads\/2022\/11\/Felipa9-1-scaled.jpg","width":2560,"height":1707},{"@type":"BreadcrumbList","@id":"https:\/\/cofionline.org\/power-pac-co-chair-profiled-in-a-new-report\/#breadcrumb","itemListElement":[{"@type":"ListItem","position":1,"name":"Home","item":"https:\/\/cofionline.org\/"},{"@type":"ListItem","position":2,"name":"POWER-PAC Co-Chair Profiled in a New Report"}]},{"@type":"WebSite","@id":"https:\/\/cofionline.org\/#website","url":"https:\/\/cofionline.org\/","name":"COFI | Organizaci\u00f3n comunitaria y asuntos familiares","description":"Organizaci\u00f3n comunitaria y asuntos familiares","publisher":{"@id":"https:\/\/cofionline.org\/#organization"},"potentialAction":[{"@type":"SearchAction","target":{"@type":"EntryPoint","urlTemplate":"https:\/\/cofionline.org\/?s={search_term_string}"},"query-input":{"@type":"PropertyValueSpecification","valueRequired":true,"valueName":"search_term_string"}}],"inLanguage":"es"},{"@type":"Organization","@id":"https:\/\/cofionline.org\/#organization","name":"COFI | Organizaci\u00f3n comunitaria y asuntos familiares","url":"https:\/\/cofionline.org\/","logo":{"@type":"ImageObject","inLanguage":"es","@id":"https:\/\/cofionline.org\/#\/schema\/logo\/image\/","url":"https:\/\/cofionline.org\/wp-content\/uploads\/2022\/12\/logo-cofi.png","contentUrl":"https:\/\/cofionline.org\/wp-content\/uploads\/2022\/12\/logo-cofi.png","width":518,"height":180,"caption":"COFI | Community Organizing and Family Issues"},"image":{"@id":"https:\/\/cofionline.org\/#\/schema\/logo\/image\/"}},{"@type":"Person","@id":"https:\/\/cofionline.org\/#\/schema\/person\/6e51f2bb4073bd8b0f13434ee335ee42","name":"Administrador de COFI","image":{"@type":"ImageObject","inLanguage":"es","@id":"https:\/\/secure.gravatar.com\/avatar\/0c7c0f3697878baa5446d2486e6191f02790816cefd45f5e5fdf334162fd47d4?s=96&d=mm&r=g","url":"https:\/\/secure.gravatar.com\/avatar\/0c7c0f3697878baa5446d2486e6191f02790816cefd45f5e5fdf334162fd47d4?s=96&d=mm&r=g","contentUrl":"https:\/\/secure.gravatar.com\/avatar\/0c7c0f3697878baa5446d2486e6191f02790816cefd45f5e5fdf334162fd47d4?s=96&d=mm&r=g","caption":"COFI Admin"}}]}},"_links":{"self":[{"href":"https:\/\/cofionline.org\/es\/wp-json\/wp\/v2\/posts\/1780","targetHints":{"allow":["GET"]}}],"collection":[{"href":"https:\/\/cofionline.org\/es\/wp-json\/wp\/v2\/posts"}],"about":[{"href":"https:\/\/cofionline.org\/es\/wp-json\/wp\/v2\/types\/post"}],"author":[{"embeddable":true,"href":"https:\/\/cofionline.org\/es\/wp-json\/wp\/v2\/users\/13"}],"replies":[{"embeddable":true,"href":"https:\/\/cofionline.org\/es\/wp-json\/wp\/v2\/comments?post=1780"}],"version-history":[{"count":0,"href":"https:\/\/cofionline.org\/es\/wp-json\/wp\/v2\/posts\/1780\/revisions"}],"wp:featuredmedia":[{"embeddable":true,"href":"https:\/\/cofionline.org\/es\/wp-json\/wp\/v2\/media\/1447"}],"wp:attachment":[{"href":"https:\/\/cofionline.org\/es\/wp-json\/wp\/v2\/media?parent=1780"}],"wp:term":[{"taxonomy":"category","embeddable":true,"href":"https:\/\/cofionline.org\/es\/wp-json\/wp\/v2\/categories?post=1780"},{"taxonomy":"post_tag","embeddable":true,"href":"https:\/\/cofionline.org\/es\/wp-json\/wp\/v2\/tags?post=1780"}],"curies":[{"name":"wp","href":"https:\/\/api.w.org\/{rel}","templated":true}]}}