{"id":1772,"date":"2012-10-01T12:00:18","date_gmt":"2012-10-01T17:00:18","guid":{"rendered":"https:\/\/devcofi.wpenginepowered.com\/power-pac-takes-action-to-end-the-cycle-of-violence\/"},"modified":"2022-11-08T14:17:21","modified_gmt":"2022-11-08T20:17:21","slug":"power-pac-takes-action-to-end-the-cycle-of-violence","status":"publish","type":"post","link":"https:\/\/cofionline.org\/es\/power-pac-takes-action-to-end-the-cycle-of-violence\/","title":{"rendered":"POWER-PAC toma medidas para poner fin al ciclo de violencia"},"content":{"rendered":"<div class=\"field field-name-field-subtitle field-type-text-long field-label-hidden\">\n<div class=\"field-items\">\n<div class=\"field-item even\"><em>El l\u00edder de POWER-PAC habla a favor de los programas de aprendizaje temprano en una conferencia de prensa (arriba) y los padres de POWER-PAC y el director de seguridad y protecci\u00f3n de CPS promueven la justicia restaurativa en las escuelas (abajo).<\/em><\/div>\n<\/div>\n<\/div>\n<p>el 26 de octubre<sup>el<\/sup>, POWER-PAC se uni\u00f3 al superintendente de polic\u00eda de Chicago Garry McCarthy, Fight Crime\/Invest in Kids y Southside Early Learning Network en una conferencia de prensa para promover programas de visitas domiciliarias que apoyan a los padres en la crianza de beb\u00e9s y ni\u00f1os peque\u00f1os emocionalmente saludables. Como l\u00edder de padres de POWER-PAC y participante del programa, Kimberly Smith, de Stagg Elementary en Englewood, comparti\u00f3: \u201cEste programa es muy importante para m\u00ed y mi comunidad. Sabemos que invertir tiempo en nuestros hijos ahora ayuda a romper el ciclo de violencia\u201d.<\/p>\n<p><img loading=\"lazy\" decoding=\"async\" class=\"alignnone size-full wp-image-765\" src=\"https:\/\/cofionline.org\/wp-content\/uploads\/2022\/11\/Week-of-Action-Cropped-2_0.jpg\" sizes=\"(max-width: 380px) 100vw, 380px\" srcset=\"https:\/\/cofionline.org\/wp-content\/uploads\/2022\/11\/Week-of-Action-Cropped-2_0-1.jpg 380w, https:\/\/cofionline.org\/wp-content\/uploads\/2022\/11\/Week-of-Action-Cropped-2_0-2.jpg 300w\" alt=\"Week of Action Cropped 2_0\" width=\"380\" height=\"173\" data-recalc-dims=\"1\" \/><\/p>\n<p>A principios de este mes, el 5 de octubre<sup>el<\/sup>, 100 padres activistas de POWER-PAC pidieron a las Escuelas P\u00fablicas de Chicago (CPS) y a los sistemas escolares de todo el pa\u00eds que pongan un <u>moratoria sobre suspensiones fuera de la escuela<\/u>. Se refirieron a estudios que muestran que las suspensiones fuera de la escuela conducen a la deserci\u00f3n escolar. POWER-PAC se uni\u00f3 a otros miembros de la Campa\u00f1a Nacional de Dignidad en las Escuelas para organizar este evento como parte de la <i>Semana Nacional de Acci\u00f3n sobre Expulsi\u00f3n Escolar<\/i>.<\/p>\n<p>La directora de seguridad y protecci\u00f3n de las Escuelas P\u00fablicas de Chicago, Jadine Chou (arriba, extremo izquierdo), elogi\u00f3 la ayuda de POWER-PAC en la creaci\u00f3n de una nueva capacitaci\u00f3n para el personal de seguridad de CPS. Se comprometi\u00f3 a trabajar con POWER-PAC para mejorar el ambiente escolar en toda la ciudad.<\/p>","protected":false},"excerpt":{"rendered":"<p>El l\u00edder de POWER-PAC habla a favor de los programas de aprendizaje temprano en una conferencia de prensa (arriba) y los padres de POWER-PAC y el director de seguridad de CPS promueven la justicia restaurativa en las escuelas (abajo). El 26 de octubre, POWER-PAC se uni\u00f3 al superintendente de la polic\u00eda de Chicago, Garry McCarthy, Fight Crime\/Invest in Kids y Southside Early Learning Network para una conferencia de prensa para promover... <a class=\"view-article\" href=\"https:\/\/cofionline.org\/es\/COFI\/power-pac-takes-action-to-end-the-cycle-of-violence\/\">Ver art\u00edculo<\/a><\/p>","protected":false},"author":13,"featured_media":1431,"comment_status":"closed","ping_status":"closed","sticky":false,"template":"","format":"standard","meta":{"_acf_changed":false,"_et_pb_use_builder":"","_et_pb_old_content":"","_et_gb_content_width":"","footnotes":""},"categories":[23],"tags":[],"class_list":["post-1772","post","type-post","status-publish","format-standard","has-post-thumbnail","hentry","category-elementary-justice"],"acf":[],"yoast_head":"<!-- This site is optimized with the Yoast SEO plugin v27.5 - https:\/\/yoast.com\/product\/yoast-seo-wordpress\/ -->\n<title>POWER-PAC Takes Action to End the Cycle of Violence | COFI<\/title>\n<meta name=\"robots\" content=\"index, follow, max-snippet:-1, max-image-preview:large, max-video-preview:-1\" \/>\n<link rel=\"canonical\" href=\"https:\/\/cofionline.org\/es\/power-pac-takes-action-to-end-the-cycle-of-violence\/\" \/>\n<meta property=\"og:locale\" content=\"es_MX\" \/>\n<meta property=\"og:type\" content=\"article\" \/>\n<meta property=\"og:title\" content=\"POWER-PAC Takes Action to End the Cycle of Violence | COFI\" \/>\n<meta property=\"og:description\" content=\"POWER-PAC leader speaks out for early learning programs at press conference (above) and POWER-PAC parents and CPS Chief Safety and Security Officer promote restorative justice in the schools (below). On October 26th, POWER-PAC joined Chicago Police Superintendent Garry McCarthy, Fight Crime\/Invest in Kids, and the Southside Early Learning Network for a press conference to promote&#8230; View Article\" \/>\n<meta property=\"og:url\" content=\"https:\/\/cofionline.org\/es\/power-pac-takes-action-to-end-the-cycle-of-violence\/\" \/>\n<meta property=\"og:site_name\" content=\"COFI\" \/>\n<meta property=\"article:published_time\" content=\"2012-10-01T17:00:18+00:00\" \/>\n<meta property=\"article:modified_time\" content=\"2022-11-08T20:17:21+00:00\" \/>\n<meta property=\"og:image\" content=\"https:\/\/cofionline.org\/wp-content\/uploads\/2022\/11\/Kim-Smith.jpg\" \/>\n\t<meta property=\"og:image:width\" content=\"960\" \/>\n\t<meta property=\"og:image:height\" content=\"827\" \/>\n\t<meta property=\"og:image:type\" content=\"image\/jpeg\" \/>\n<meta name=\"author\" content=\"COFI Admin\" \/>\n<meta name=\"twitter:card\" content=\"summary_large_image\" \/>\n<meta name=\"twitter:label1\" content=\"Escrito por\" \/>\n\t<meta name=\"twitter:data1\" content=\"COFI Admin\" \/>\n\t<meta name=\"twitter:label2\" content=\"Tiempo de lectura\" \/>\n\t<meta name=\"twitter:data2\" content=\"2 minutos\" \/>\n<script type=\"application\/ld+json\" class=\"yoast-schema-graph\">{\"@context\":\"https:\\\/\\\/schema.org\",\"@graph\":[{\"@type\":\"Article\",\"@id\":\"https:\\\/\\\/cofionline.org\\\/power-pac-takes-action-to-end-the-cycle-of-violence\\\/#article\",\"isPartOf\":{\"@id\":\"https:\\\/\\\/cofionline.org\\\/power-pac-takes-action-to-end-the-cycle-of-violence\\\/\"},\"author\":{\"name\":\"COFI Admin\",\"@id\":\"https:\\\/\\\/cofionline.org\\\/#\\\/schema\\\/person\\\/6e51f2bb4073bd8b0f13434ee335ee42\"},\"headline\":\"POWER-PAC Takes Action to End the Cycle of Violence\",\"datePublished\":\"2012-10-01T17:00:18+00:00\",\"dateModified\":\"2022-11-08T20:17:21+00:00\",\"mainEntityOfPage\":{\"@id\":\"https:\\\/\\\/cofionline.org\\\/power-pac-takes-action-to-end-the-cycle-of-violence\\\/\"},\"wordCount\":221,\"publisher\":{\"@id\":\"https:\\\/\\\/cofionline.org\\\/#organization\"},\"image\":{\"@id\":\"https:\\\/\\\/cofionline.org\\\/power-pac-takes-action-to-end-the-cycle-of-violence\\\/#primaryimage\"},\"thumbnailUrl\":\"https:\\\/\\\/cofionline.org\\\/wp-content\\\/uploads\\\/2022\\\/11\\\/Kim-Smith.jpg\",\"articleSection\":[\"Elementary Justice\"],\"inLanguage\":\"es\"},{\"@type\":\"WebPage\",\"@id\":\"https:\\\/\\\/cofionline.org\\\/power-pac-takes-action-to-end-the-cycle-of-violence\\\/\",\"url\":\"https:\\\/\\\/cofionline.org\\\/power-pac-takes-action-to-end-the-cycle-of-violence\\\/\",\"name\":\"POWER-PAC Takes Action to End the Cycle of Violence | COFI\",\"isPartOf\":{\"@id\":\"https:\\\/\\\/cofionline.org\\\/#website\"},\"primaryImageOfPage\":{\"@id\":\"https:\\\/\\\/cofionline.org\\\/power-pac-takes-action-to-end-the-cycle-of-violence\\\/#primaryimage\"},\"image\":{\"@id\":\"https:\\\/\\\/cofionline.org\\\/power-pac-takes-action-to-end-the-cycle-of-violence\\\/#primaryimage\"},\"thumbnailUrl\":\"https:\\\/\\\/cofionline.org\\\/wp-content\\\/uploads\\\/2022\\\/11\\\/Kim-Smith.jpg\",\"datePublished\":\"2012-10-01T17:00:18+00:00\",\"dateModified\":\"2022-11-08T20:17:21+00:00\",\"breadcrumb\":{\"@id\":\"https:\\\/\\\/cofionline.org\\\/power-pac-takes-action-to-end-the-cycle-of-violence\\\/#breadcrumb\"},\"inLanguage\":\"es\",\"potentialAction\":[{\"@type\":\"ReadAction\",\"target\":[\"https:\\\/\\\/cofionline.org\\\/power-pac-takes-action-to-end-the-cycle-of-violence\\\/\"]}]},{\"@type\":\"ImageObject\",\"inLanguage\":\"es\",\"@id\":\"https:\\\/\\\/cofionline.org\\\/power-pac-takes-action-to-end-the-cycle-of-violence\\\/#primaryimage\",\"url\":\"https:\\\/\\\/cofionline.org\\\/wp-content\\\/uploads\\\/2022\\\/11\\\/Kim-Smith.jpg\",\"contentUrl\":\"https:\\\/\\\/cofionline.org\\\/wp-content\\\/uploads\\\/2022\\\/11\\\/Kim-Smith.jpg\",\"width\":960,\"height\":827},{\"@type\":\"BreadcrumbList\",\"@id\":\"https:\\\/\\\/cofionline.org\\\/power-pac-takes-action-to-end-the-cycle-of-violence\\\/#breadcrumb\",\"itemListElement\":[{\"@type\":\"ListItem\",\"position\":1,\"name\":\"Home\",\"item\":\"https:\\\/\\\/cofionline.org\\\/\"},{\"@type\":\"ListItem\",\"position\":2,\"name\":\"POWER-PAC Takes Action to End the Cycle of Violence\"}]},{\"@type\":\"WebSite\",\"@id\":\"https:\\\/\\\/cofionline.org\\\/#website\",\"url\":\"https:\\\/\\\/cofionline.org\\\/\",\"name\":\"COFI | Community Organizing and Family Issues\",\"description\":\"Community Organizing and Family Issues\",\"publisher\":{\"@id\":\"https:\\\/\\\/cofionline.org\\\/#organization\"},\"potentialAction\":[{\"@type\":\"SearchAction\",\"target\":{\"@type\":\"EntryPoint\",\"urlTemplate\":\"https:\\\/\\\/cofionline.org\\\/?s={search_term_string}\"},\"query-input\":{\"@type\":\"PropertyValueSpecification\",\"valueRequired\":true,\"valueName\":\"search_term_string\"}}],\"inLanguage\":\"es\"},{\"@type\":\"Organization\",\"@id\":\"https:\\\/\\\/cofionline.org\\\/#organization\",\"name\":\"COFI | Community Organizing and Family Issues\",\"url\":\"https:\\\/\\\/cofionline.org\\\/\",\"logo\":{\"@type\":\"ImageObject\",\"inLanguage\":\"es\",\"@id\":\"https:\\\/\\\/cofionline.org\\\/#\\\/schema\\\/logo\\\/image\\\/\",\"url\":\"https:\\\/\\\/cofionline.org\\\/wp-content\\\/uploads\\\/2022\\\/12\\\/logo-cofi.png\",\"contentUrl\":\"https:\\\/\\\/cofionline.org\\\/wp-content\\\/uploads\\\/2022\\\/12\\\/logo-cofi.png\",\"width\":518,\"height\":180,\"caption\":\"COFI | Community Organizing and Family Issues\"},\"image\":{\"@id\":\"https:\\\/\\\/cofionline.org\\\/#\\\/schema\\\/logo\\\/image\\\/\"}},{\"@type\":\"Person\",\"@id\":\"https:\\\/\\\/cofionline.org\\\/#\\\/schema\\\/person\\\/6e51f2bb4073bd8b0f13434ee335ee42\",\"name\":\"COFI Admin\",\"image\":{\"@type\":\"ImageObject\",\"inLanguage\":\"es\",\"@id\":\"https:\\\/\\\/secure.gravatar.com\\\/avatar\\\/0c7c0f3697878baa5446d2486e6191f02790816cefd45f5e5fdf334162fd47d4?s=96&d=mm&r=g\",\"url\":\"https:\\\/\\\/secure.gravatar.com\\\/avatar\\\/0c7c0f3697878baa5446d2486e6191f02790816cefd45f5e5fdf334162fd47d4?s=96&d=mm&r=g\",\"contentUrl\":\"https:\\\/\\\/secure.gravatar.com\\\/avatar\\\/0c7c0f3697878baa5446d2486e6191f02790816cefd45f5e5fdf334162fd47d4?s=96&d=mm&r=g\",\"caption\":\"COFI Admin\"}}]}<\/script>\n<!-- \/ Yoast SEO plugin. -->","yoast_head_json":{"title":"POWER-PAC toma medidas para poner fin al ciclo de violencia | COFI","robots":{"index":"index","follow":"follow","max-snippet":"max-snippet:-1","max-image-preview":"max-image-preview:large","max-video-preview":"max-video-preview:-1"},"canonical":"https:\/\/cofionline.org\/es\/power-pac-takes-action-to-end-the-cycle-of-violence\/","og_locale":"es_MX","og_type":"article","og_title":"POWER-PAC Takes Action to End the Cycle of Violence | COFI","og_description":"POWER-PAC leader speaks out for early learning programs at press conference (above) and POWER-PAC parents and CPS Chief Safety and Security Officer promote restorative justice in the schools (below). On October 26th, POWER-PAC joined Chicago Police Superintendent Garry McCarthy, Fight Crime\/Invest in Kids, and the Southside Early Learning Network for a press conference to promote&#8230; View Article","og_url":"https:\/\/cofionline.org\/es\/power-pac-takes-action-to-end-the-cycle-of-violence\/","og_site_name":"COFI","article_published_time":"2012-10-01T17:00:18+00:00","article_modified_time":"2022-11-08T20:17:21+00:00","og_image":[{"width":960,"height":827,"url":"https:\/\/cofionline.org\/wp-content\/uploads\/2022\/11\/Kim-Smith.jpg","type":"image\/jpeg"}],"author":"COFI Admin","twitter_card":"summary_large_image","twitter_misc":{"Escrito por":"COFI Admin","Tiempo de lectura":"2 minutos"},"schema":{"@context":"https:\/\/schema.org","@graph":[{"@type":"Article","@id":"https:\/\/cofionline.org\/power-pac-takes-action-to-end-the-cycle-of-violence\/#article","isPartOf":{"@id":"https:\/\/cofionline.org\/power-pac-takes-action-to-end-the-cycle-of-violence\/"},"author":{"name":"COFI Admin","@id":"https:\/\/cofionline.org\/#\/schema\/person\/6e51f2bb4073bd8b0f13434ee335ee42"},"headline":"POWER-PAC Takes Action to End the Cycle of Violence","datePublished":"2012-10-01T17:00:18+00:00","dateModified":"2022-11-08T20:17:21+00:00","mainEntityOfPage":{"@id":"https:\/\/cofionline.org\/power-pac-takes-action-to-end-the-cycle-of-violence\/"},"wordCount":221,"publisher":{"@id":"https:\/\/cofionline.org\/#organization"},"image":{"@id":"https:\/\/cofionline.org\/power-pac-takes-action-to-end-the-cycle-of-violence\/#primaryimage"},"thumbnailUrl":"https:\/\/cofionline.org\/wp-content\/uploads\/2022\/11\/Kim-Smith.jpg","articleSection":["Elementary Justice"],"inLanguage":"es"},{"@type":"WebPage","@id":"https:\/\/cofionline.org\/power-pac-takes-action-to-end-the-cycle-of-violence\/","url":"https:\/\/cofionline.org\/power-pac-takes-action-to-end-the-cycle-of-violence\/","name":"POWER-PAC toma medidas para poner fin al ciclo de violencia | COFI","isPartOf":{"@id":"https:\/\/cofionline.org\/#website"},"primaryImageOfPage":{"@id":"https:\/\/cofionline.org\/power-pac-takes-action-to-end-the-cycle-of-violence\/#primaryimage"},"image":{"@id":"https:\/\/cofionline.org\/power-pac-takes-action-to-end-the-cycle-of-violence\/#primaryimage"},"thumbnailUrl":"https:\/\/cofionline.org\/wp-content\/uploads\/2022\/11\/Kim-Smith.jpg","datePublished":"2012-10-01T17:00:18+00:00","dateModified":"2022-11-08T20:17:21+00:00","breadcrumb":{"@id":"https:\/\/cofionline.org\/power-pac-takes-action-to-end-the-cycle-of-violence\/#breadcrumb"},"inLanguage":"es","potentialAction":[{"@type":"ReadAction","target":["https:\/\/cofionline.org\/power-pac-takes-action-to-end-the-cycle-of-violence\/"]}]},{"@type":"ImageObject","inLanguage":"es","@id":"https:\/\/cofionline.org\/power-pac-takes-action-to-end-the-cycle-of-violence\/#primaryimage","url":"https:\/\/cofionline.org\/wp-content\/uploads\/2022\/11\/Kim-Smith.jpg","contentUrl":"https:\/\/cofionline.org\/wp-content\/uploads\/2022\/11\/Kim-Smith.jpg","width":960,"height":827},{"@type":"BreadcrumbList","@id":"https:\/\/cofionline.org\/power-pac-takes-action-to-end-the-cycle-of-violence\/#breadcrumb","itemListElement":[{"@type":"ListItem","position":1,"name":"Home","item":"https:\/\/cofionline.org\/"},{"@type":"ListItem","position":2,"name":"POWER-PAC Takes Action to End the Cycle of Violence"}]},{"@type":"WebSite","@id":"https:\/\/cofionline.org\/#website","url":"https:\/\/cofionline.org\/","name":"COFI | Organizaci\u00f3n comunitaria y asuntos familiares","description":"Organizaci\u00f3n comunitaria y asuntos familiares","publisher":{"@id":"https:\/\/cofionline.org\/#organization"},"potentialAction":[{"@type":"SearchAction","target":{"@type":"EntryPoint","urlTemplate":"https:\/\/cofionline.org\/?s={search_term_string}"},"query-input":{"@type":"PropertyValueSpecification","valueRequired":true,"valueName":"search_term_string"}}],"inLanguage":"es"},{"@type":"Organization","@id":"https:\/\/cofionline.org\/#organization","name":"COFI | Organizaci\u00f3n comunitaria y asuntos familiares","url":"https:\/\/cofionline.org\/","logo":{"@type":"ImageObject","inLanguage":"es","@id":"https:\/\/cofionline.org\/#\/schema\/logo\/image\/","url":"https:\/\/cofionline.org\/wp-content\/uploads\/2022\/12\/logo-cofi.png","contentUrl":"https:\/\/cofionline.org\/wp-content\/uploads\/2022\/12\/logo-cofi.png","width":518,"height":180,"caption":"COFI | Community Organizing and Family Issues"},"image":{"@id":"https:\/\/cofionline.org\/#\/schema\/logo\/image\/"}},{"@type":"Person","@id":"https:\/\/cofionline.org\/#\/schema\/person\/6e51f2bb4073bd8b0f13434ee335ee42","name":"Administrador de COFI","image":{"@type":"ImageObject","inLanguage":"es","@id":"https:\/\/secure.gravatar.com\/avatar\/0c7c0f3697878baa5446d2486e6191f02790816cefd45f5e5fdf334162fd47d4?s=96&d=mm&r=g","url":"https:\/\/secure.gravatar.com\/avatar\/0c7c0f3697878baa5446d2486e6191f02790816cefd45f5e5fdf334162fd47d4?s=96&d=mm&r=g","contentUrl":"https:\/\/secure.gravatar.com\/avatar\/0c7c0f3697878baa5446d2486e6191f02790816cefd45f5e5fdf334162fd47d4?s=96&d=mm&r=g","caption":"COFI Admin"}}]}},"_links":{"self":[{"href":"https:\/\/cofionline.org\/es\/wp-json\/wp\/v2\/posts\/1772","targetHints":{"allow":["GET"]}}],"collection":[{"href":"https:\/\/cofionline.org\/es\/wp-json\/wp\/v2\/posts"}],"about":[{"href":"https:\/\/cofionline.org\/es\/wp-json\/wp\/v2\/types\/post"}],"author":[{"embeddable":true,"href":"https:\/\/cofionline.org\/es\/wp-json\/wp\/v2\/users\/13"}],"replies":[{"embeddable":true,"href":"https:\/\/cofionline.org\/es\/wp-json\/wp\/v2\/comments?post=1772"}],"version-history":[{"count":0,"href":"https:\/\/cofionline.org\/es\/wp-json\/wp\/v2\/posts\/1772\/revisions"}],"wp:featuredmedia":[{"embeddable":true,"href":"https:\/\/cofionline.org\/es\/wp-json\/wp\/v2\/media\/1431"}],"wp:attachment":[{"href":"https:\/\/cofionline.org\/es\/wp-json\/wp\/v2\/media?parent=1772"}],"wp:term":[{"taxonomy":"category","embeddable":true,"href":"https:\/\/cofionline.org\/es\/wp-json\/wp\/v2\/categories?post=1772"},{"taxonomy":"post_tag","embeddable":true,"href":"https:\/\/cofionline.org\/es\/wp-json\/wp\/v2\/tags?post=1772"}],"curies":[{"name":"wp","href":"https:\/\/api.w.org\/{rel}","templated":true}]}}