{"id":1760,"date":"2013-07-31T12:00:14","date_gmt":"2013-07-31T17:00:14","guid":{"rendered":"https:\/\/devcofi.wpenginepowered.com\/power-pac-leaders-co-facilitate-racial-wealth-gap-discussions\/"},"modified":"2022-11-03T10:50:37","modified_gmt":"2022-11-03T15:50:37","slug":"power-pac-leaders-co-facilitate-racial-wealth-gap-discussions","status":"publish","type":"post","link":"https:\/\/cofionline.org\/es\/power-pac-leaders-co-facilitate-racial-wealth-gap-discussions\/","title":{"rendered":"L\u00edderes de POWER-PAC co-facilitan debates sobre brecha de riqueza racial"},"content":{"rendered":"<p>Los l\u00edderes de POWER-PAC co-facilitaron discusiones sobre el <a href=\"http:\/\/www.illinoisassetbuilding.org\/content\/racial-wealth-gap-roundtables-estl-champaign\">Brecha de riqueza racial en Champaign y East St. Louis en eventos organizados por Illinois Asset Building Group (IABG)<\/a>. Como parte de las discusiones, los l\u00edderes compartieron informaci\u00f3n con los asistentes sobre las pol\u00edticas que contribuyen a la brecha de riqueza racial y luego discutieron las pol\u00edticas que podr\u00edan ayudar a cerrarla.<\/p>\n<p><a href=\"https:\/\/cofionline.org\/COFI\/wp-content\/uploads\/2015\/06\/Racial-Wealth-Gap-Roundtables-East-St.-Louis-and-Champaign.pdf\">Mesas redondas sobre la brecha de riqueza racial: East St. Louis y Champaign<\/a><\/p>","protected":false},"excerpt":{"rendered":"<p>Los l\u00edderes de POWER-PAC cofacilitaron debates sobre la brecha de riqueza racial en Champaign y East St. Louis en eventos organizados por Illinois Asset Building Group (IABG). Como parte de las discusiones, los l\u00edderes compartieron informaci\u00f3n con los asistentes sobre pol\u00edticas que contribuyen a la brecha de riqueza racial y luego discutieron pol\u00edticas que podr\u00edan ayudar a cerrarla\u2026. <a class=\"view-article\" href=\"https:\/\/cofionline.org\/es\/COFI\/power-pac-leaders-co-facilitate-racial-wealth-gap-discussions\/\">Ver art\u00edculo<\/a><\/p>","protected":false},"author":13,"featured_media":1396,"comment_status":"closed","ping_status":"closed","sticky":false,"template":"","format":"standard","meta":{"_acf_changed":false,"_et_pb_use_builder":"","_et_pb_old_content":"","_et_gb_content_width":"","footnotes":""},"categories":[22],"tags":[],"class_list":["post-1760","post","type-post","status-publish","format-standard","has-post-thumbnail","hentry","category-in-the-media"],"acf":[],"yoast_head":"<!-- This site is optimized with the Yoast SEO plugin v27.4 - https:\/\/yoast.com\/product\/yoast-seo-wordpress\/ -->\n<title>POWER-PAC Leaders Co-Facilitate Racial Wealth Gap Discussions | COFI<\/title>\n<meta name=\"robots\" content=\"index, follow, max-snippet:-1, max-image-preview:large, max-video-preview:-1\" \/>\n<link rel=\"canonical\" href=\"https:\/\/cofionline.org\/es\/power-pac-leaders-co-facilitate-racial-wealth-gap-discussions\/\" \/>\n<meta property=\"og:locale\" content=\"es_MX\" \/>\n<meta property=\"og:type\" content=\"article\" \/>\n<meta property=\"og:title\" content=\"POWER-PAC Leaders Co-Facilitate Racial Wealth Gap Discussions | COFI\" \/>\n<meta property=\"og:description\" content=\"POWER-PAC leaders co-facilitated discussions about the Racial Wealth Gap in Champaign and East St. Louis at events hosted by the Illinois Asset Building Group (IABG). As part of the discussions, the leaders shared information with attendees about policies that contribute to the racial wealth gap and then discussed policies that could help to close it&#8230;. View Article\" \/>\n<meta property=\"og:url\" content=\"https:\/\/cofionline.org\/es\/power-pac-leaders-co-facilitate-racial-wealth-gap-discussions\/\" \/>\n<meta property=\"og:site_name\" content=\"COFI\" \/>\n<meta property=\"article:published_time\" content=\"2013-07-31T17:00:14+00:00\" \/>\n<meta property=\"article:modified_time\" content=\"2022-11-03T15:50:37+00:00\" \/>\n<meta property=\"og:image\" content=\"https:\/\/cofionline.org\/wp-content\/uploads\/2022\/11\/Rose-and-Rosalva-at-Racial-Wealth-Gap-cropped.jpg\" \/>\n\t<meta property=\"og:image:width\" content=\"380\" \/>\n\t<meta property=\"og:image:height\" content=\"231\" \/>\n\t<meta property=\"og:image:type\" content=\"image\/jpeg\" \/>\n<meta name=\"author\" content=\"COFI Admin\" \/>\n<meta name=\"twitter:card\" content=\"summary_large_image\" \/>\n<meta name=\"twitter:label1\" content=\"Escrito por\" \/>\n\t<meta name=\"twitter:data1\" content=\"COFI Admin\" \/>\n<script type=\"application\/ld+json\" class=\"yoast-schema-graph\">{\"@context\":\"https:\\\/\\\/schema.org\",\"@graph\":[{\"@type\":\"Article\",\"@id\":\"https:\\\/\\\/cofionline.org\\\/power-pac-leaders-co-facilitate-racial-wealth-gap-discussions\\\/#article\",\"isPartOf\":{\"@id\":\"https:\\\/\\\/cofionline.org\\\/power-pac-leaders-co-facilitate-racial-wealth-gap-discussions\\\/\"},\"author\":{\"name\":\"COFI Admin\",\"@id\":\"https:\\\/\\\/cofionline.org\\\/#\\\/schema\\\/person\\\/6e51f2bb4073bd8b0f13434ee335ee42\"},\"headline\":\"POWER-PAC Leaders Co-Facilitate Racial Wealth Gap Discussions\",\"datePublished\":\"2013-07-31T17:00:14+00:00\",\"dateModified\":\"2022-11-03T15:50:37+00:00\",\"mainEntityOfPage\":{\"@id\":\"https:\\\/\\\/cofionline.org\\\/power-pac-leaders-co-facilitate-racial-wealth-gap-discussions\\\/\"},\"wordCount\":71,\"publisher\":{\"@id\":\"https:\\\/\\\/cofionline.org\\\/#organization\"},\"image\":{\"@id\":\"https:\\\/\\\/cofionline.org\\\/power-pac-leaders-co-facilitate-racial-wealth-gap-discussions\\\/#primaryimage\"},\"thumbnailUrl\":\"https:\\\/\\\/cofionline.org\\\/wp-content\\\/uploads\\\/2022\\\/11\\\/Rose-and-Rosalva-at-Racial-Wealth-Gap-cropped.jpg\",\"articleSection\":[\"In the Media\"],\"inLanguage\":\"es\"},{\"@type\":\"WebPage\",\"@id\":\"https:\\\/\\\/cofionline.org\\\/power-pac-leaders-co-facilitate-racial-wealth-gap-discussions\\\/\",\"url\":\"https:\\\/\\\/cofionline.org\\\/power-pac-leaders-co-facilitate-racial-wealth-gap-discussions\\\/\",\"name\":\"POWER-PAC Leaders Co-Facilitate Racial Wealth Gap Discussions | COFI\",\"isPartOf\":{\"@id\":\"https:\\\/\\\/cofionline.org\\\/#website\"},\"primaryImageOfPage\":{\"@id\":\"https:\\\/\\\/cofionline.org\\\/power-pac-leaders-co-facilitate-racial-wealth-gap-discussions\\\/#primaryimage\"},\"image\":{\"@id\":\"https:\\\/\\\/cofionline.org\\\/power-pac-leaders-co-facilitate-racial-wealth-gap-discussions\\\/#primaryimage\"},\"thumbnailUrl\":\"https:\\\/\\\/cofionline.org\\\/wp-content\\\/uploads\\\/2022\\\/11\\\/Rose-and-Rosalva-at-Racial-Wealth-Gap-cropped.jpg\",\"datePublished\":\"2013-07-31T17:00:14+00:00\",\"dateModified\":\"2022-11-03T15:50:37+00:00\",\"breadcrumb\":{\"@id\":\"https:\\\/\\\/cofionline.org\\\/power-pac-leaders-co-facilitate-racial-wealth-gap-discussions\\\/#breadcrumb\"},\"inLanguage\":\"es\",\"potentialAction\":[{\"@type\":\"ReadAction\",\"target\":[\"https:\\\/\\\/cofionline.org\\\/power-pac-leaders-co-facilitate-racial-wealth-gap-discussions\\\/\"]}]},{\"@type\":\"ImageObject\",\"inLanguage\":\"es\",\"@id\":\"https:\\\/\\\/cofionline.org\\\/power-pac-leaders-co-facilitate-racial-wealth-gap-discussions\\\/#primaryimage\",\"url\":\"https:\\\/\\\/cofionline.org\\\/wp-content\\\/uploads\\\/2022\\\/11\\\/Rose-and-Rosalva-at-Racial-Wealth-Gap-cropped.jpg\",\"contentUrl\":\"https:\\\/\\\/cofionline.org\\\/wp-content\\\/uploads\\\/2022\\\/11\\\/Rose-and-Rosalva-at-Racial-Wealth-Gap-cropped.jpg\",\"width\":380,\"height\":231},{\"@type\":\"BreadcrumbList\",\"@id\":\"https:\\\/\\\/cofionline.org\\\/power-pac-leaders-co-facilitate-racial-wealth-gap-discussions\\\/#breadcrumb\",\"itemListElement\":[{\"@type\":\"ListItem\",\"position\":1,\"name\":\"Home\",\"item\":\"https:\\\/\\\/cofionline.org\\\/\"},{\"@type\":\"ListItem\",\"position\":2,\"name\":\"POWER-PAC Leaders Co-Facilitate Racial Wealth Gap Discussions\"}]},{\"@type\":\"WebSite\",\"@id\":\"https:\\\/\\\/cofionline.org\\\/#website\",\"url\":\"https:\\\/\\\/cofionline.org\\\/\",\"name\":\"COFI | Community Organizing and Family Issues\",\"description\":\"Community Organizing and Family Issues\",\"publisher\":{\"@id\":\"https:\\\/\\\/cofionline.org\\\/#organization\"},\"potentialAction\":[{\"@type\":\"SearchAction\",\"target\":{\"@type\":\"EntryPoint\",\"urlTemplate\":\"https:\\\/\\\/cofionline.org\\\/?s={search_term_string}\"},\"query-input\":{\"@type\":\"PropertyValueSpecification\",\"valueRequired\":true,\"valueName\":\"search_term_string\"}}],\"inLanguage\":\"es\"},{\"@type\":\"Organization\",\"@id\":\"https:\\\/\\\/cofionline.org\\\/#organization\",\"name\":\"COFI | Community Organizing and Family Issues\",\"url\":\"https:\\\/\\\/cofionline.org\\\/\",\"logo\":{\"@type\":\"ImageObject\",\"inLanguage\":\"es\",\"@id\":\"https:\\\/\\\/cofionline.org\\\/#\\\/schema\\\/logo\\\/image\\\/\",\"url\":\"https:\\\/\\\/cofionline.org\\\/wp-content\\\/uploads\\\/2022\\\/12\\\/logo-cofi.png\",\"contentUrl\":\"https:\\\/\\\/cofionline.org\\\/wp-content\\\/uploads\\\/2022\\\/12\\\/logo-cofi.png\",\"width\":518,\"height\":180,\"caption\":\"COFI | Community Organizing and Family Issues\"},\"image\":{\"@id\":\"https:\\\/\\\/cofionline.org\\\/#\\\/schema\\\/logo\\\/image\\\/\"}},{\"@type\":\"Person\",\"@id\":\"https:\\\/\\\/cofionline.org\\\/#\\\/schema\\\/person\\\/6e51f2bb4073bd8b0f13434ee335ee42\",\"name\":\"COFI Admin\",\"image\":{\"@type\":\"ImageObject\",\"inLanguage\":\"es\",\"@id\":\"https:\\\/\\\/secure.gravatar.com\\\/avatar\\\/0c7c0f3697878baa5446d2486e6191f02790816cefd45f5e5fdf334162fd47d4?s=96&d=mm&r=g\",\"url\":\"https:\\\/\\\/secure.gravatar.com\\\/avatar\\\/0c7c0f3697878baa5446d2486e6191f02790816cefd45f5e5fdf334162fd47d4?s=96&d=mm&r=g\",\"contentUrl\":\"https:\\\/\\\/secure.gravatar.com\\\/avatar\\\/0c7c0f3697878baa5446d2486e6191f02790816cefd45f5e5fdf334162fd47d4?s=96&d=mm&r=g\",\"caption\":\"COFI Admin\"}}]}<\/script>\n<!-- \/ Yoast SEO plugin. -->","yoast_head_json":{"title":"Los l\u00edderes del POWER-PAC cofacilitan debates sobre la brecha racial en la riqueza | COFI","robots":{"index":"index","follow":"follow","max-snippet":"max-snippet:-1","max-image-preview":"max-image-preview:large","max-video-preview":"max-video-preview:-1"},"canonical":"https:\/\/cofionline.org\/es\/power-pac-leaders-co-facilitate-racial-wealth-gap-discussions\/","og_locale":"es_MX","og_type":"article","og_title":"POWER-PAC Leaders Co-Facilitate Racial Wealth Gap Discussions | COFI","og_description":"POWER-PAC leaders co-facilitated discussions about the Racial Wealth Gap in Champaign and East St. Louis at events hosted by the Illinois Asset Building Group (IABG). As part of the discussions, the leaders shared information with attendees about policies that contribute to the racial wealth gap and then discussed policies that could help to close it&#8230;. View Article","og_url":"https:\/\/cofionline.org\/es\/power-pac-leaders-co-facilitate-racial-wealth-gap-discussions\/","og_site_name":"COFI","article_published_time":"2013-07-31T17:00:14+00:00","article_modified_time":"2022-11-03T15:50:37+00:00","og_image":[{"width":380,"height":231,"url":"https:\/\/cofionline.org\/wp-content\/uploads\/2022\/11\/Rose-and-Rosalva-at-Racial-Wealth-Gap-cropped.jpg","type":"image\/jpeg"}],"author":"COFI Admin","twitter_card":"summary_large_image","twitter_misc":{"Escrito por":"COFI Admin"},"schema":{"@context":"https:\/\/schema.org","@graph":[{"@type":"Article","@id":"https:\/\/cofionline.org\/power-pac-leaders-co-facilitate-racial-wealth-gap-discussions\/#article","isPartOf":{"@id":"https:\/\/cofionline.org\/power-pac-leaders-co-facilitate-racial-wealth-gap-discussions\/"},"author":{"name":"COFI Admin","@id":"https:\/\/cofionline.org\/#\/schema\/person\/6e51f2bb4073bd8b0f13434ee335ee42"},"headline":"POWER-PAC Leaders Co-Facilitate Racial Wealth Gap Discussions","datePublished":"2013-07-31T17:00:14+00:00","dateModified":"2022-11-03T15:50:37+00:00","mainEntityOfPage":{"@id":"https:\/\/cofionline.org\/power-pac-leaders-co-facilitate-racial-wealth-gap-discussions\/"},"wordCount":71,"publisher":{"@id":"https:\/\/cofionline.org\/#organization"},"image":{"@id":"https:\/\/cofionline.org\/power-pac-leaders-co-facilitate-racial-wealth-gap-discussions\/#primaryimage"},"thumbnailUrl":"https:\/\/cofionline.org\/wp-content\/uploads\/2022\/11\/Rose-and-Rosalva-at-Racial-Wealth-Gap-cropped.jpg","articleSection":["In the Media"],"inLanguage":"es"},{"@type":"WebPage","@id":"https:\/\/cofionline.org\/power-pac-leaders-co-facilitate-racial-wealth-gap-discussions\/","url":"https:\/\/cofionline.org\/power-pac-leaders-co-facilitate-racial-wealth-gap-discussions\/","name":"Los l\u00edderes del POWER-PAC cofacilitan debates sobre la brecha racial en la riqueza | COFI","isPartOf":{"@id":"https:\/\/cofionline.org\/#website"},"primaryImageOfPage":{"@id":"https:\/\/cofionline.org\/power-pac-leaders-co-facilitate-racial-wealth-gap-discussions\/#primaryimage"},"image":{"@id":"https:\/\/cofionline.org\/power-pac-leaders-co-facilitate-racial-wealth-gap-discussions\/#primaryimage"},"thumbnailUrl":"https:\/\/cofionline.org\/wp-content\/uploads\/2022\/11\/Rose-and-Rosalva-at-Racial-Wealth-Gap-cropped.jpg","datePublished":"2013-07-31T17:00:14+00:00","dateModified":"2022-11-03T15:50:37+00:00","breadcrumb":{"@id":"https:\/\/cofionline.org\/power-pac-leaders-co-facilitate-racial-wealth-gap-discussions\/#breadcrumb"},"inLanguage":"es","potentialAction":[{"@type":"ReadAction","target":["https:\/\/cofionline.org\/power-pac-leaders-co-facilitate-racial-wealth-gap-discussions\/"]}]},{"@type":"ImageObject","inLanguage":"es","@id":"https:\/\/cofionline.org\/power-pac-leaders-co-facilitate-racial-wealth-gap-discussions\/#primaryimage","url":"https:\/\/cofionline.org\/wp-content\/uploads\/2022\/11\/Rose-and-Rosalva-at-Racial-Wealth-Gap-cropped.jpg","contentUrl":"https:\/\/cofionline.org\/wp-content\/uploads\/2022\/11\/Rose-and-Rosalva-at-Racial-Wealth-Gap-cropped.jpg","width":380,"height":231},{"@type":"BreadcrumbList","@id":"https:\/\/cofionline.org\/power-pac-leaders-co-facilitate-racial-wealth-gap-discussions\/#breadcrumb","itemListElement":[{"@type":"ListItem","position":1,"name":"Home","item":"https:\/\/cofionline.org\/"},{"@type":"ListItem","position":2,"name":"POWER-PAC Leaders Co-Facilitate Racial Wealth Gap Discussions"}]},{"@type":"WebSite","@id":"https:\/\/cofionline.org\/#website","url":"https:\/\/cofionline.org\/","name":"COFI | Organizaci\u00f3n comunitaria y asuntos familiares","description":"Organizaci\u00f3n comunitaria y asuntos familiares","publisher":{"@id":"https:\/\/cofionline.org\/#organization"},"potentialAction":[{"@type":"SearchAction","target":{"@type":"EntryPoint","urlTemplate":"https:\/\/cofionline.org\/?s={search_term_string}"},"query-input":{"@type":"PropertyValueSpecification","valueRequired":true,"valueName":"search_term_string"}}],"inLanguage":"es"},{"@type":"Organization","@id":"https:\/\/cofionline.org\/#organization","name":"COFI | Organizaci\u00f3n comunitaria y asuntos familiares","url":"https:\/\/cofionline.org\/","logo":{"@type":"ImageObject","inLanguage":"es","@id":"https:\/\/cofionline.org\/#\/schema\/logo\/image\/","url":"https:\/\/cofionline.org\/wp-content\/uploads\/2022\/12\/logo-cofi.png","contentUrl":"https:\/\/cofionline.org\/wp-content\/uploads\/2022\/12\/logo-cofi.png","width":518,"height":180,"caption":"COFI | Community Organizing and Family Issues"},"image":{"@id":"https:\/\/cofionline.org\/#\/schema\/logo\/image\/"}},{"@type":"Person","@id":"https:\/\/cofionline.org\/#\/schema\/person\/6e51f2bb4073bd8b0f13434ee335ee42","name":"Administrador de COFI","image":{"@type":"ImageObject","inLanguage":"es","@id":"https:\/\/secure.gravatar.com\/avatar\/0c7c0f3697878baa5446d2486e6191f02790816cefd45f5e5fdf334162fd47d4?s=96&d=mm&r=g","url":"https:\/\/secure.gravatar.com\/avatar\/0c7c0f3697878baa5446d2486e6191f02790816cefd45f5e5fdf334162fd47d4?s=96&d=mm&r=g","contentUrl":"https:\/\/secure.gravatar.com\/avatar\/0c7c0f3697878baa5446d2486e6191f02790816cefd45f5e5fdf334162fd47d4?s=96&d=mm&r=g","caption":"COFI Admin"}}]}},"_links":{"self":[{"href":"https:\/\/cofionline.org\/es\/wp-json\/wp\/v2\/posts\/1760","targetHints":{"allow":["GET"]}}],"collection":[{"href":"https:\/\/cofionline.org\/es\/wp-json\/wp\/v2\/posts"}],"about":[{"href":"https:\/\/cofionline.org\/es\/wp-json\/wp\/v2\/types\/post"}],"author":[{"embeddable":true,"href":"https:\/\/cofionline.org\/es\/wp-json\/wp\/v2\/users\/13"}],"replies":[{"embeddable":true,"href":"https:\/\/cofionline.org\/es\/wp-json\/wp\/v2\/comments?post=1760"}],"version-history":[{"count":0,"href":"https:\/\/cofionline.org\/es\/wp-json\/wp\/v2\/posts\/1760\/revisions"}],"wp:featuredmedia":[{"embeddable":true,"href":"https:\/\/cofionline.org\/es\/wp-json\/wp\/v2\/media\/1396"}],"wp:attachment":[{"href":"https:\/\/cofionline.org\/es\/wp-json\/wp\/v2\/media?parent=1760"}],"wp:term":[{"taxonomy":"category","embeddable":true,"href":"https:\/\/cofionline.org\/es\/wp-json\/wp\/v2\/categories?post=1760"},{"taxonomy":"post_tag","embeddable":true,"href":"https:\/\/cofionline.org\/es\/wp-json\/wp\/v2\/tags?post=1760"}],"curies":[{"name":"wp","href":"https:\/\/api.w.org\/{rel}","templated":true}]}}