{"id":1755,"date":"2013-11-07T12:00:23","date_gmt":"2013-11-07T18:00:23","guid":{"rendered":"https:\/\/devcofi.wpenginepowered.com\/cofi-and-power-pac-ambassador-gloria-harris-receives-community-activism-award\/"},"modified":"2022-11-03T10:50:36","modified_gmt":"2022-11-03T15:50:36","slug":"cofi-and-power-pac-ambassador-gloria-harris-receives-community-activism-award","status":"publish","type":"post","link":"https:\/\/cofionline.org\/es\/cofi-and-power-pac-ambassador-gloria-harris-receives-community-activism-award\/","title":{"rendered":"La embajadora de COFI y POWER-PAC, Gloria Harris, recibe el premio de activismo comunitario"},"content":{"rendered":"<p>La embajadora de COFI y POWER-PAC, Gloria Harris, gan\u00f3 el <a href=\"http:\/\/www.austinweeklynews.com\/News\/Articles\/11-7-2013\/Life_long-advocate-Gloria-Harris-earns-Austin-Coming-Together-Early-Childhood-Symposium-Honor\/\">Simposio sobre la primera infancia Austin Coming Together<\/a> premio por su continua dedicaci\u00f3n a los temas de educaci\u00f3n. Harris, quien ha sido un defensor de la educaci\u00f3n durante m\u00e1s de 30 a\u00f1os, es un miembro de toda la vida de la comunidad de Austin. El premio se otorg\u00f3 debido a la creencia de la Sra. Harris en el poder de la educaci\u00f3n para brindarles a las personas la oportunidad de mejorarse a s\u00ed mismos ya sus familias y busca continuar sus esfuerzos para promover la educaci\u00f3n dentro de su comunidad y m\u00e1s all\u00e1.<\/p>\n<p><a href=\"https:\/\/cofionline.org\/COFI\/wp-content\/uploads\/2013\/11\/Life-long-advocate-Gloria-Harris-earns-Austin-Coming-Together-Early-Childhood-Symposium-Honor-AustinWeeklyNews.pdf\">Gloria Harris, defensora de toda la vida, gana el premio Austin Coming Together Early Childhood Symposium Honor \u2013 Austin Weekly News<\/a><\/p>","protected":false},"excerpt":{"rendered":"<p>La embajadora de COFI y POWER-PAC, Gloria Harris, obtuvo el premio del Simposio Austin Coming Together sobre la Primera Infancia por su continua dedicaci\u00f3n a cuestiones relacionadas con la educaci\u00f3n. Harris, quien ha sido defensora de la educaci\u00f3n durante m\u00e1s de 30 a\u00f1os, es miembro de toda la vida de la comunidad de Austin. El premio se otorg\u00f3 debido a la creencia de la Sra. Harris en el poder... <a class=\"view-article\" href=\"https:\/\/cofionline.org\/es\/COFI\/cofi-and-power-pac-ambassador-gloria-harris-receives-community-activism-award\/\">Ver art\u00edculo<\/a><\/p>","protected":false},"author":13,"featured_media":1379,"comment_status":"closed","ping_status":"closed","sticky":false,"template":"","format":"standard","meta":{"_acf_changed":false,"_et_pb_use_builder":"","_et_pb_old_content":"","_et_gb_content_width":"","footnotes":""},"categories":[22],"tags":[],"class_list":["post-1755","post","type-post","status-publish","format-standard","has-post-thumbnail","hentry","category-in-the-media"],"acf":[],"yoast_head":"<!-- This site is optimized with the Yoast SEO plugin v27.4 - https:\/\/yoast.com\/product\/yoast-seo-wordpress\/ -->\n<title>COFI and POWER-PAC Ambassador Gloria Harris Receives Community Activism Award | COFI<\/title>\n<meta name=\"robots\" content=\"index, follow, max-snippet:-1, max-image-preview:large, max-video-preview:-1\" \/>\n<link rel=\"canonical\" href=\"https:\/\/cofionline.org\/es\/cofi-and-power-pac-ambassador-gloria-harris-receives-community-activism-award\/\" \/>\n<meta property=\"og:locale\" content=\"es_MX\" \/>\n<meta property=\"og:type\" content=\"article\" \/>\n<meta property=\"og:title\" content=\"COFI and POWER-PAC Ambassador Gloria Harris Receives Community Activism Award | COFI\" \/>\n<meta property=\"og:description\" content=\"COFI and POWER-PAC ambassador Gloria Harris earned the Austin Coming Together Early Childhood Symposium award for her continued dedication to issues on education. Harris, who has been an educational advocate for more than 30 years, is a life-long member of the Austin community. The award was given due to Ms. Harris\u2019 belief in the power&#8230; View Article\" \/>\n<meta property=\"og:url\" content=\"https:\/\/cofionline.org\/es\/cofi-and-power-pac-ambassador-gloria-harris-receives-community-activism-award\/\" \/>\n<meta property=\"og:site_name\" content=\"COFI\" \/>\n<meta property=\"article:published_time\" content=\"2013-11-07T18:00:23+00:00\" \/>\n<meta property=\"article:modified_time\" content=\"2022-11-03T15:50:36+00:00\" \/>\n<meta property=\"og:image\" content=\"https:\/\/cofionline.org\/wp-content\/uploads\/2022\/11\/Ms.-Harris-Austin-Weekly.jpg\" \/>\n\t<meta property=\"og:image:width\" content=\"350\" \/>\n\t<meta property=\"og:image:height\" content=\"250\" \/>\n\t<meta property=\"og:image:type\" content=\"image\/jpeg\" \/>\n<meta name=\"author\" content=\"COFI Admin\" \/>\n<meta name=\"twitter:card\" content=\"summary_large_image\" \/>\n<meta name=\"twitter:label1\" content=\"Escrito por\" \/>\n\t<meta name=\"twitter:data1\" content=\"COFI Admin\" \/>\n<script type=\"application\/ld+json\" class=\"yoast-schema-graph\">{\"@context\":\"https:\\\/\\\/schema.org\",\"@graph\":[{\"@type\":\"Article\",\"@id\":\"https:\\\/\\\/cofionline.org\\\/cofi-and-power-pac-ambassador-gloria-harris-receives-community-activism-award\\\/#article\",\"isPartOf\":{\"@id\":\"https:\\\/\\\/cofionline.org\\\/cofi-and-power-pac-ambassador-gloria-harris-receives-community-activism-award\\\/\"},\"author\":{\"name\":\"COFI Admin\",\"@id\":\"https:\\\/\\\/cofionline.org\\\/#\\\/schema\\\/person\\\/6e51f2bb4073bd8b0f13434ee335ee42\"},\"headline\":\"COFI and POWER-PAC Ambassador Gloria Harris Receives Community Activism Award\",\"datePublished\":\"2013-11-07T18:00:23+00:00\",\"dateModified\":\"2022-11-03T15:50:36+00:00\",\"mainEntityOfPage\":{\"@id\":\"https:\\\/\\\/cofionline.org\\\/cofi-and-power-pac-ambassador-gloria-harris-receives-community-activism-award\\\/\"},\"wordCount\":106,\"publisher\":{\"@id\":\"https:\\\/\\\/cofionline.org\\\/#organization\"},\"image\":{\"@id\":\"https:\\\/\\\/cofionline.org\\\/cofi-and-power-pac-ambassador-gloria-harris-receives-community-activism-award\\\/#primaryimage\"},\"thumbnailUrl\":\"https:\\\/\\\/cofionline.org\\\/wp-content\\\/uploads\\\/2022\\\/11\\\/Ms.-Harris-Austin-Weekly.jpg\",\"articleSection\":[\"In the Media\"],\"inLanguage\":\"es\"},{\"@type\":\"WebPage\",\"@id\":\"https:\\\/\\\/cofionline.org\\\/cofi-and-power-pac-ambassador-gloria-harris-receives-community-activism-award\\\/\",\"url\":\"https:\\\/\\\/cofionline.org\\\/cofi-and-power-pac-ambassador-gloria-harris-receives-community-activism-award\\\/\",\"name\":\"COFI and POWER-PAC Ambassador Gloria Harris Receives Community Activism Award | COFI\",\"isPartOf\":{\"@id\":\"https:\\\/\\\/cofionline.org\\\/#website\"},\"primaryImageOfPage\":{\"@id\":\"https:\\\/\\\/cofionline.org\\\/cofi-and-power-pac-ambassador-gloria-harris-receives-community-activism-award\\\/#primaryimage\"},\"image\":{\"@id\":\"https:\\\/\\\/cofionline.org\\\/cofi-and-power-pac-ambassador-gloria-harris-receives-community-activism-award\\\/#primaryimage\"},\"thumbnailUrl\":\"https:\\\/\\\/cofionline.org\\\/wp-content\\\/uploads\\\/2022\\\/11\\\/Ms.-Harris-Austin-Weekly.jpg\",\"datePublished\":\"2013-11-07T18:00:23+00:00\",\"dateModified\":\"2022-11-03T15:50:36+00:00\",\"breadcrumb\":{\"@id\":\"https:\\\/\\\/cofionline.org\\\/cofi-and-power-pac-ambassador-gloria-harris-receives-community-activism-award\\\/#breadcrumb\"},\"inLanguage\":\"es\",\"potentialAction\":[{\"@type\":\"ReadAction\",\"target\":[\"https:\\\/\\\/cofionline.org\\\/cofi-and-power-pac-ambassador-gloria-harris-receives-community-activism-award\\\/\"]}]},{\"@type\":\"ImageObject\",\"inLanguage\":\"es\",\"@id\":\"https:\\\/\\\/cofionline.org\\\/cofi-and-power-pac-ambassador-gloria-harris-receives-community-activism-award\\\/#primaryimage\",\"url\":\"https:\\\/\\\/cofionline.org\\\/wp-content\\\/uploads\\\/2022\\\/11\\\/Ms.-Harris-Austin-Weekly.jpg\",\"contentUrl\":\"https:\\\/\\\/cofionline.org\\\/wp-content\\\/uploads\\\/2022\\\/11\\\/Ms.-Harris-Austin-Weekly.jpg\",\"width\":350,\"height\":250},{\"@type\":\"BreadcrumbList\",\"@id\":\"https:\\\/\\\/cofionline.org\\\/cofi-and-power-pac-ambassador-gloria-harris-receives-community-activism-award\\\/#breadcrumb\",\"itemListElement\":[{\"@type\":\"ListItem\",\"position\":1,\"name\":\"Home\",\"item\":\"https:\\\/\\\/cofionline.org\\\/\"},{\"@type\":\"ListItem\",\"position\":2,\"name\":\"COFI and POWER-PAC Ambassador Gloria Harris Receives Community Activism Award\"}]},{\"@type\":\"WebSite\",\"@id\":\"https:\\\/\\\/cofionline.org\\\/#website\",\"url\":\"https:\\\/\\\/cofionline.org\\\/\",\"name\":\"COFI | Community Organizing and Family Issues\",\"description\":\"Community Organizing and Family Issues\",\"publisher\":{\"@id\":\"https:\\\/\\\/cofionline.org\\\/#organization\"},\"potentialAction\":[{\"@type\":\"SearchAction\",\"target\":{\"@type\":\"EntryPoint\",\"urlTemplate\":\"https:\\\/\\\/cofionline.org\\\/?s={search_term_string}\"},\"query-input\":{\"@type\":\"PropertyValueSpecification\",\"valueRequired\":true,\"valueName\":\"search_term_string\"}}],\"inLanguage\":\"es\"},{\"@type\":\"Organization\",\"@id\":\"https:\\\/\\\/cofionline.org\\\/#organization\",\"name\":\"COFI | Community Organizing and Family Issues\",\"url\":\"https:\\\/\\\/cofionline.org\\\/\",\"logo\":{\"@type\":\"ImageObject\",\"inLanguage\":\"es\",\"@id\":\"https:\\\/\\\/cofionline.org\\\/#\\\/schema\\\/logo\\\/image\\\/\",\"url\":\"https:\\\/\\\/cofionline.org\\\/wp-content\\\/uploads\\\/2022\\\/12\\\/logo-cofi.png\",\"contentUrl\":\"https:\\\/\\\/cofionline.org\\\/wp-content\\\/uploads\\\/2022\\\/12\\\/logo-cofi.png\",\"width\":518,\"height\":180,\"caption\":\"COFI | Community Organizing and Family Issues\"},\"image\":{\"@id\":\"https:\\\/\\\/cofionline.org\\\/#\\\/schema\\\/logo\\\/image\\\/\"}},{\"@type\":\"Person\",\"@id\":\"https:\\\/\\\/cofionline.org\\\/#\\\/schema\\\/person\\\/6e51f2bb4073bd8b0f13434ee335ee42\",\"name\":\"COFI Admin\",\"image\":{\"@type\":\"ImageObject\",\"inLanguage\":\"es\",\"@id\":\"https:\\\/\\\/secure.gravatar.com\\\/avatar\\\/0c7c0f3697878baa5446d2486e6191f02790816cefd45f5e5fdf334162fd47d4?s=96&d=mm&r=g\",\"url\":\"https:\\\/\\\/secure.gravatar.com\\\/avatar\\\/0c7c0f3697878baa5446d2486e6191f02790816cefd45f5e5fdf334162fd47d4?s=96&d=mm&r=g\",\"contentUrl\":\"https:\\\/\\\/secure.gravatar.com\\\/avatar\\\/0c7c0f3697878baa5446d2486e6191f02790816cefd45f5e5fdf334162fd47d4?s=96&d=mm&r=g\",\"caption\":\"COFI Admin\"}}]}<\/script>\n<!-- \/ Yoast SEO plugin. -->","yoast_head_json":{"title":"La embajadora de COFI y POWER-PAC, Gloria Harris, recibe el premio de activismo comunitario | COFI","robots":{"index":"index","follow":"follow","max-snippet":"max-snippet:-1","max-image-preview":"max-image-preview:large","max-video-preview":"max-video-preview:-1"},"canonical":"https:\/\/cofionline.org\/es\/cofi-and-power-pac-ambassador-gloria-harris-receives-community-activism-award\/","og_locale":"es_MX","og_type":"article","og_title":"COFI and POWER-PAC Ambassador Gloria Harris Receives Community Activism Award | COFI","og_description":"COFI and POWER-PAC ambassador Gloria Harris earned the Austin Coming Together Early Childhood Symposium award for her continued dedication to issues on education. Harris, who has been an educational advocate for more than 30 years, is a life-long member of the Austin community. The award was given due to Ms. Harris\u2019 belief in the power&#8230; View Article","og_url":"https:\/\/cofionline.org\/es\/cofi-and-power-pac-ambassador-gloria-harris-receives-community-activism-award\/","og_site_name":"COFI","article_published_time":"2013-11-07T18:00:23+00:00","article_modified_time":"2022-11-03T15:50:36+00:00","og_image":[{"width":350,"height":250,"url":"https:\/\/cofionline.org\/wp-content\/uploads\/2022\/11\/Ms.-Harris-Austin-Weekly.jpg","type":"image\/jpeg"}],"author":"COFI Admin","twitter_card":"summary_large_image","twitter_misc":{"Escrito por":"COFI Admin"},"schema":{"@context":"https:\/\/schema.org","@graph":[{"@type":"Article","@id":"https:\/\/cofionline.org\/cofi-and-power-pac-ambassador-gloria-harris-receives-community-activism-award\/#article","isPartOf":{"@id":"https:\/\/cofionline.org\/cofi-and-power-pac-ambassador-gloria-harris-receives-community-activism-award\/"},"author":{"name":"COFI Admin","@id":"https:\/\/cofionline.org\/#\/schema\/person\/6e51f2bb4073bd8b0f13434ee335ee42"},"headline":"COFI and POWER-PAC Ambassador Gloria Harris Receives Community Activism Award","datePublished":"2013-11-07T18:00:23+00:00","dateModified":"2022-11-03T15:50:36+00:00","mainEntityOfPage":{"@id":"https:\/\/cofionline.org\/cofi-and-power-pac-ambassador-gloria-harris-receives-community-activism-award\/"},"wordCount":106,"publisher":{"@id":"https:\/\/cofionline.org\/#organization"},"image":{"@id":"https:\/\/cofionline.org\/cofi-and-power-pac-ambassador-gloria-harris-receives-community-activism-award\/#primaryimage"},"thumbnailUrl":"https:\/\/cofionline.org\/wp-content\/uploads\/2022\/11\/Ms.-Harris-Austin-Weekly.jpg","articleSection":["In the Media"],"inLanguage":"es"},{"@type":"WebPage","@id":"https:\/\/cofionline.org\/cofi-and-power-pac-ambassador-gloria-harris-receives-community-activism-award\/","url":"https:\/\/cofionline.org\/cofi-and-power-pac-ambassador-gloria-harris-receives-community-activism-award\/","name":"La embajadora de COFI y POWER-PAC, Gloria Harris, recibe el premio de activismo comunitario | COFI","isPartOf":{"@id":"https:\/\/cofionline.org\/#website"},"primaryImageOfPage":{"@id":"https:\/\/cofionline.org\/cofi-and-power-pac-ambassador-gloria-harris-receives-community-activism-award\/#primaryimage"},"image":{"@id":"https:\/\/cofionline.org\/cofi-and-power-pac-ambassador-gloria-harris-receives-community-activism-award\/#primaryimage"},"thumbnailUrl":"https:\/\/cofionline.org\/wp-content\/uploads\/2022\/11\/Ms.-Harris-Austin-Weekly.jpg","datePublished":"2013-11-07T18:00:23+00:00","dateModified":"2022-11-03T15:50:36+00:00","breadcrumb":{"@id":"https:\/\/cofionline.org\/cofi-and-power-pac-ambassador-gloria-harris-receives-community-activism-award\/#breadcrumb"},"inLanguage":"es","potentialAction":[{"@type":"ReadAction","target":["https:\/\/cofionline.org\/cofi-and-power-pac-ambassador-gloria-harris-receives-community-activism-award\/"]}]},{"@type":"ImageObject","inLanguage":"es","@id":"https:\/\/cofionline.org\/cofi-and-power-pac-ambassador-gloria-harris-receives-community-activism-award\/#primaryimage","url":"https:\/\/cofionline.org\/wp-content\/uploads\/2022\/11\/Ms.-Harris-Austin-Weekly.jpg","contentUrl":"https:\/\/cofionline.org\/wp-content\/uploads\/2022\/11\/Ms.-Harris-Austin-Weekly.jpg","width":350,"height":250},{"@type":"BreadcrumbList","@id":"https:\/\/cofionline.org\/cofi-and-power-pac-ambassador-gloria-harris-receives-community-activism-award\/#breadcrumb","itemListElement":[{"@type":"ListItem","position":1,"name":"Home","item":"https:\/\/cofionline.org\/"},{"@type":"ListItem","position":2,"name":"COFI and POWER-PAC Ambassador Gloria Harris Receives Community Activism Award"}]},{"@type":"WebSite","@id":"https:\/\/cofionline.org\/#website","url":"https:\/\/cofionline.org\/","name":"COFI | Organizaci\u00f3n comunitaria y asuntos familiares","description":"Organizaci\u00f3n comunitaria y asuntos familiares","publisher":{"@id":"https:\/\/cofionline.org\/#organization"},"potentialAction":[{"@type":"SearchAction","target":{"@type":"EntryPoint","urlTemplate":"https:\/\/cofionline.org\/?s={search_term_string}"},"query-input":{"@type":"PropertyValueSpecification","valueRequired":true,"valueName":"search_term_string"}}],"inLanguage":"es"},{"@type":"Organization","@id":"https:\/\/cofionline.org\/#organization","name":"COFI | Organizaci\u00f3n comunitaria y asuntos familiares","url":"https:\/\/cofionline.org\/","logo":{"@type":"ImageObject","inLanguage":"es","@id":"https:\/\/cofionline.org\/#\/schema\/logo\/image\/","url":"https:\/\/cofionline.org\/wp-content\/uploads\/2022\/12\/logo-cofi.png","contentUrl":"https:\/\/cofionline.org\/wp-content\/uploads\/2022\/12\/logo-cofi.png","width":518,"height":180,"caption":"COFI | Community Organizing and Family Issues"},"image":{"@id":"https:\/\/cofionline.org\/#\/schema\/logo\/image\/"}},{"@type":"Person","@id":"https:\/\/cofionline.org\/#\/schema\/person\/6e51f2bb4073bd8b0f13434ee335ee42","name":"Administrador de COFI","image":{"@type":"ImageObject","inLanguage":"es","@id":"https:\/\/secure.gravatar.com\/avatar\/0c7c0f3697878baa5446d2486e6191f02790816cefd45f5e5fdf334162fd47d4?s=96&d=mm&r=g","url":"https:\/\/secure.gravatar.com\/avatar\/0c7c0f3697878baa5446d2486e6191f02790816cefd45f5e5fdf334162fd47d4?s=96&d=mm&r=g","contentUrl":"https:\/\/secure.gravatar.com\/avatar\/0c7c0f3697878baa5446d2486e6191f02790816cefd45f5e5fdf334162fd47d4?s=96&d=mm&r=g","caption":"COFI Admin"}}]}},"_links":{"self":[{"href":"https:\/\/cofionline.org\/es\/wp-json\/wp\/v2\/posts\/1755","targetHints":{"allow":["GET"]}}],"collection":[{"href":"https:\/\/cofionline.org\/es\/wp-json\/wp\/v2\/posts"}],"about":[{"href":"https:\/\/cofionline.org\/es\/wp-json\/wp\/v2\/types\/post"}],"author":[{"embeddable":true,"href":"https:\/\/cofionline.org\/es\/wp-json\/wp\/v2\/users\/13"}],"replies":[{"embeddable":true,"href":"https:\/\/cofionline.org\/es\/wp-json\/wp\/v2\/comments?post=1755"}],"version-history":[{"count":0,"href":"https:\/\/cofionline.org\/es\/wp-json\/wp\/v2\/posts\/1755\/revisions"}],"wp:featuredmedia":[{"embeddable":true,"href":"https:\/\/cofionline.org\/es\/wp-json\/wp\/v2\/media\/1379"}],"wp:attachment":[{"href":"https:\/\/cofionline.org\/es\/wp-json\/wp\/v2\/media?parent=1755"}],"wp:term":[{"taxonomy":"category","embeddable":true,"href":"https:\/\/cofionline.org\/es\/wp-json\/wp\/v2\/categories?post=1755"},{"taxonomy":"post_tag","embeddable":true,"href":"https:\/\/cofionline.org\/es\/wp-json\/wp\/v2\/tags?post=1755"}],"curies":[{"name":"wp","href":"https:\/\/api.w.org\/{rel}","templated":true}]}}