{"id":1637,"date":"2019-02-28T09:59:07","date_gmt":"2019-02-28T15:59:07","guid":{"rendered":"https:\/\/devcofi.wpenginepowered.com\/power-pac-illinois-leaders-share-the-learning-at-social-media-training\/"},"modified":"2022-11-03T10:50:05","modified_gmt":"2022-11-03T15:50:05","slug":"power-pac-illinois-leaders-share-the-learning-at-social-media-training","status":"publish","type":"post","link":"https:\/\/cofionline.org\/es\/power-pac-illinois-leaders-share-the-learning-at-social-media-training\/","title":{"rendered":"Los l\u00edderes de POWER-PAC Illinois comparten el aprendizaje en la capacitaci\u00f3n en redes sociales"},"content":{"rendered":"<p>El Comit\u00e9 de Comunicaciones de POWER-PAC Illinois inici\u00f3 su programaci\u00f3n de 2019 con una capacitaci\u00f3n sobre narraci\u00f3n de historias en las redes sociales para padres l\u00edderes en las oficinas de COFI a principios de este mes.<\/p>\n<p>Una subvenci\u00f3n de una colaboraci\u00f3n de Woods Fund, McCormick Foundation y Forefront envi\u00f3 a dos madres l\u00edderes de POWER-PAC Illinois, Tara Williams y Leti Toribio, y a la coordinadora de comunicaciones de COFI, Elena Colas, a participar en tres sesiones de &quot;Social Media Boot Camp&quot; con Public Narrative, una organizaci\u00f3n sin fines de lucro de Chicago que brinda capacitaci\u00f3n en comunicaciones a periodistas y otras organizaciones. La capacitaci\u00f3n incluy\u00f3 estrategia de redes sociales, narraci\u00f3n personal y campa\u00f1as de promoci\u00f3n en Facebook, Twitter e Instagram.<\/p>\n<p>Los l\u00edderes, con el apoyo de Elena Colas, trajeron sus aprendizajes al comit\u00e9 de comunicaciones de POWER-PAC, un grupo biling\u00fce y bicultural de madres y abuelas que establecen est\u00e1ndares de comunicaci\u00f3n dentro de POWER-PAC. Williams dirigi\u00f3 al grupo a trav\u00e9s de varios ejercicios, incluidos &quot;Contar mi historia&quot; y &quot;Tres cubos de contenido&quot;. Los l\u00edderes escribieron y compartieron c\u00f3mo llegaron a su propio activismo, por qu\u00e9 siguen involucrados y qu\u00e9 significa para ellos. El grupo compar\u00f3 los tres tipos principales de contenido (personal, promocional y l\u00edder de opini\u00f3n) y los aplic\u00f3 a las campa\u00f1as centrales de POWER-PAC Illinois.<\/p>\n<p>La presentaci\u00f3n condujo a una conversaci\u00f3n clave sobre el acceso y la capacidad en lo que respecta a las redes sociales, y los l\u00edderes describieron los pasos que se deben tomar para brindar capacitaci\u00f3n adicional a quienes deseen obtener m\u00e1s informaci\u00f3n sobre c\u00f3mo usar las diferentes plataformas. Los miembros del grupo tambi\u00e9n expresaron la importancia de comunicarse de manera que llegue a todas las familias, independientemente del acceso a la tecnolog\u00eda, a trav\u00e9s del bolet\u00edn informativo POWER-PAC Illinois y continuar construyendo relaciones significativas uno a uno en la comunidad.<\/p>","protected":false},"excerpt":{"rendered":"<p>El Comit\u00e9 de Comunicaciones de POWER-PAC Illinois inici\u00f3 su programaci\u00f3n de 2019 con una capacitaci\u00f3n sobre narraci\u00f3n de historias en redes sociales para padres l\u00edderes en las oficinas de COFI a principios de este mes. Una subvenci\u00f3n de una colaboraci\u00f3n del Fondo Woods, la Fundaci\u00f3n McCormick y Forefront envi\u00f3 a dos madres l\u00edderes de POWER-PAC Illinois, Tara Williams y Leti Toribio, y a la Coordinadora de Comunicaciones de COFI, Elena... <a class=\"view-article\" href=\"https:\/\/cofionline.org\/es\/COFI\/power-pac-illinois-leaders-share-the-learning-at-social-media-training\/\">Ver art\u00edculo<\/a><\/p>","protected":false},"author":13,"featured_media":977,"comment_status":"closed","ping_status":"closed","sticky":false,"template":"","format":"standard","meta":{"_acf_changed":false,"_et_pb_use_builder":"","_et_pb_old_content":"","_et_gb_content_width":"","footnotes":""},"categories":[27],"tags":[],"class_list":["post-1637","post","type-post","status-publish","format-standard","has-post-thumbnail","hentry","category-power-pac-il"],"acf":[],"yoast_head":"<!-- This site is optimized with the Yoast SEO plugin v27.5 - https:\/\/yoast.com\/product\/yoast-seo-wordpress\/ -->\n<title>POWER-PAC Illinois Leaders Share the Learning at Social Media Training | COFI<\/title>\n<meta name=\"robots\" content=\"index, follow, max-snippet:-1, max-image-preview:large, max-video-preview:-1\" \/>\n<link rel=\"canonical\" href=\"https:\/\/cofionline.org\/es\/power-pac-illinois-leaders-share-the-learning-at-social-media-training\/\" \/>\n<meta property=\"og:locale\" content=\"es_MX\" \/>\n<meta property=\"og:type\" content=\"article\" \/>\n<meta property=\"og:title\" content=\"POWER-PAC Illinois Leaders Share the Learning at Social Media Training | COFI\" \/>\n<meta property=\"og:description\" content=\"The POWER-PAC Illinois\u2019 Communications Committee kicked off their 2019 programming with a social media storytelling training for parent leaders at the COFI offices earlier this month. A grant from a collaboration of the Woods Fund, McCormick Foundation and Forefront sent two POWER-PAC Illinois mother leaders, Tara Williams and Leti Toribio, and COFI Communications Coordinator, Elena&#8230; View Article\" \/>\n<meta property=\"og:url\" content=\"https:\/\/cofionline.org\/es\/power-pac-illinois-leaders-share-the-learning-at-social-media-training\/\" \/>\n<meta property=\"og:site_name\" content=\"COFI\" \/>\n<meta property=\"article:published_time\" content=\"2019-02-28T15:59:07+00:00\" \/>\n<meta property=\"article:modified_time\" content=\"2022-11-03T15:50:05+00:00\" \/>\n<meta property=\"og:image\" content=\"https:\/\/cofionline.org\/wp-content\/uploads\/2022\/11\/Updated__POWER-PAC-Social-Media-Training-2019.jpg\" \/>\n\t<meta property=\"og:image:width\" content=\"960\" \/>\n\t<meta property=\"og:image:height\" content=\"540\" \/>\n\t<meta property=\"og:image:type\" content=\"image\/jpeg\" \/>\n<meta name=\"author\" content=\"COFI Admin\" \/>\n<meta name=\"twitter:card\" content=\"summary_large_image\" \/>\n<meta name=\"twitter:label1\" content=\"Escrito por\" \/>\n\t<meta name=\"twitter:data1\" content=\"COFI Admin\" \/>\n\t<meta name=\"twitter:label2\" content=\"Tiempo de lectura\" \/>\n\t<meta name=\"twitter:data2\" content=\"1 minuto\" \/>\n<script type=\"application\/ld+json\" class=\"yoast-schema-graph\">{\"@context\":\"https:\\\/\\\/schema.org\",\"@graph\":[{\"@type\":\"Article\",\"@id\":\"https:\\\/\\\/cofionline.org\\\/power-pac-illinois-leaders-share-the-learning-at-social-media-training\\\/#article\",\"isPartOf\":{\"@id\":\"https:\\\/\\\/cofionline.org\\\/power-pac-illinois-leaders-share-the-learning-at-social-media-training\\\/\"},\"author\":{\"name\":\"COFI Admin\",\"@id\":\"https:\\\/\\\/cofionline.org\\\/#\\\/schema\\\/person\\\/6e51f2bb4073bd8b0f13434ee335ee42\"},\"headline\":\"POWER-PAC Illinois Leaders Share the Learning at Social Media Training\",\"datePublished\":\"2019-02-28T15:59:07+00:00\",\"dateModified\":\"2022-11-03T15:50:05+00:00\",\"mainEntityOfPage\":{\"@id\":\"https:\\\/\\\/cofionline.org\\\/power-pac-illinois-leaders-share-the-learning-at-social-media-training\\\/\"},\"wordCount\":273,\"publisher\":{\"@id\":\"https:\\\/\\\/cofionline.org\\\/#organization\"},\"image\":{\"@id\":\"https:\\\/\\\/cofionline.org\\\/power-pac-illinois-leaders-share-the-learning-at-social-media-training\\\/#primaryimage\"},\"thumbnailUrl\":\"https:\\\/\\\/cofionline.org\\\/wp-content\\\/uploads\\\/2022\\\/11\\\/Updated__POWER-PAC-Social-Media-Training-2019.jpg\",\"articleSection\":[\"POWER-PAC IL\"],\"inLanguage\":\"es\"},{\"@type\":\"WebPage\",\"@id\":\"https:\\\/\\\/cofionline.org\\\/power-pac-illinois-leaders-share-the-learning-at-social-media-training\\\/\",\"url\":\"https:\\\/\\\/cofionline.org\\\/power-pac-illinois-leaders-share-the-learning-at-social-media-training\\\/\",\"name\":\"POWER-PAC Illinois Leaders Share the Learning at Social Media Training | COFI\",\"isPartOf\":{\"@id\":\"https:\\\/\\\/cofionline.org\\\/#website\"},\"primaryImageOfPage\":{\"@id\":\"https:\\\/\\\/cofionline.org\\\/power-pac-illinois-leaders-share-the-learning-at-social-media-training\\\/#primaryimage\"},\"image\":{\"@id\":\"https:\\\/\\\/cofionline.org\\\/power-pac-illinois-leaders-share-the-learning-at-social-media-training\\\/#primaryimage\"},\"thumbnailUrl\":\"https:\\\/\\\/cofionline.org\\\/wp-content\\\/uploads\\\/2022\\\/11\\\/Updated__POWER-PAC-Social-Media-Training-2019.jpg\",\"datePublished\":\"2019-02-28T15:59:07+00:00\",\"dateModified\":\"2022-11-03T15:50:05+00:00\",\"breadcrumb\":{\"@id\":\"https:\\\/\\\/cofionline.org\\\/power-pac-illinois-leaders-share-the-learning-at-social-media-training\\\/#breadcrumb\"},\"inLanguage\":\"es\",\"potentialAction\":[{\"@type\":\"ReadAction\",\"target\":[\"https:\\\/\\\/cofionline.org\\\/power-pac-illinois-leaders-share-the-learning-at-social-media-training\\\/\"]}]},{\"@type\":\"ImageObject\",\"inLanguage\":\"es\",\"@id\":\"https:\\\/\\\/cofionline.org\\\/power-pac-illinois-leaders-share-the-learning-at-social-media-training\\\/#primaryimage\",\"url\":\"https:\\\/\\\/cofionline.org\\\/wp-content\\\/uploads\\\/2022\\\/11\\\/Updated__POWER-PAC-Social-Media-Training-2019.jpg\",\"contentUrl\":\"https:\\\/\\\/cofionline.org\\\/wp-content\\\/uploads\\\/2022\\\/11\\\/Updated__POWER-PAC-Social-Media-Training-2019.jpg\",\"width\":960,\"height\":540},{\"@type\":\"BreadcrumbList\",\"@id\":\"https:\\\/\\\/cofionline.org\\\/power-pac-illinois-leaders-share-the-learning-at-social-media-training\\\/#breadcrumb\",\"itemListElement\":[{\"@type\":\"ListItem\",\"position\":1,\"name\":\"Home\",\"item\":\"https:\\\/\\\/cofionline.org\\\/\"},{\"@type\":\"ListItem\",\"position\":2,\"name\":\"POWER-PAC Illinois Leaders Share the Learning at Social Media Training\"}]},{\"@type\":\"WebSite\",\"@id\":\"https:\\\/\\\/cofionline.org\\\/#website\",\"url\":\"https:\\\/\\\/cofionline.org\\\/\",\"name\":\"COFI | Community Organizing and Family Issues\",\"description\":\"Community Organizing and Family Issues\",\"publisher\":{\"@id\":\"https:\\\/\\\/cofionline.org\\\/#organization\"},\"potentialAction\":[{\"@type\":\"SearchAction\",\"target\":{\"@type\":\"EntryPoint\",\"urlTemplate\":\"https:\\\/\\\/cofionline.org\\\/?s={search_term_string}\"},\"query-input\":{\"@type\":\"PropertyValueSpecification\",\"valueRequired\":true,\"valueName\":\"search_term_string\"}}],\"inLanguage\":\"es\"},{\"@type\":\"Organization\",\"@id\":\"https:\\\/\\\/cofionline.org\\\/#organization\",\"name\":\"COFI | Community Organizing and Family Issues\",\"url\":\"https:\\\/\\\/cofionline.org\\\/\",\"logo\":{\"@type\":\"ImageObject\",\"inLanguage\":\"es\",\"@id\":\"https:\\\/\\\/cofionline.org\\\/#\\\/schema\\\/logo\\\/image\\\/\",\"url\":\"https:\\\/\\\/cofionline.org\\\/wp-content\\\/uploads\\\/2022\\\/12\\\/logo-cofi.png\",\"contentUrl\":\"https:\\\/\\\/cofionline.org\\\/wp-content\\\/uploads\\\/2022\\\/12\\\/logo-cofi.png\",\"width\":518,\"height\":180,\"caption\":\"COFI | Community Organizing and Family Issues\"},\"image\":{\"@id\":\"https:\\\/\\\/cofionline.org\\\/#\\\/schema\\\/logo\\\/image\\\/\"}},{\"@type\":\"Person\",\"@id\":\"https:\\\/\\\/cofionline.org\\\/#\\\/schema\\\/person\\\/6e51f2bb4073bd8b0f13434ee335ee42\",\"name\":\"COFI Admin\",\"image\":{\"@type\":\"ImageObject\",\"inLanguage\":\"es\",\"@id\":\"https:\\\/\\\/secure.gravatar.com\\\/avatar\\\/0c7c0f3697878baa5446d2486e6191f02790816cefd45f5e5fdf334162fd47d4?s=96&d=mm&r=g\",\"url\":\"https:\\\/\\\/secure.gravatar.com\\\/avatar\\\/0c7c0f3697878baa5446d2486e6191f02790816cefd45f5e5fdf334162fd47d4?s=96&d=mm&r=g\",\"contentUrl\":\"https:\\\/\\\/secure.gravatar.com\\\/avatar\\\/0c7c0f3697878baa5446d2486e6191f02790816cefd45f5e5fdf334162fd47d4?s=96&d=mm&r=g\",\"caption\":\"COFI Admin\"}}]}<\/script>\n<!-- \/ Yoast SEO plugin. -->","yoast_head_json":{"title":"Los l\u00edderes de POWER-PAC Illinois comparten el aprendizaje en la capacitaci\u00f3n en redes sociales | COFI","robots":{"index":"index","follow":"follow","max-snippet":"max-snippet:-1","max-image-preview":"max-image-preview:large","max-video-preview":"max-video-preview:-1"},"canonical":"https:\/\/cofionline.org\/es\/power-pac-illinois-leaders-share-the-learning-at-social-media-training\/","og_locale":"es_MX","og_type":"article","og_title":"POWER-PAC Illinois Leaders Share the Learning at Social Media Training | COFI","og_description":"The POWER-PAC Illinois\u2019 Communications Committee kicked off their 2019 programming with a social media storytelling training for parent leaders at the COFI offices earlier this month. A grant from a collaboration of the Woods Fund, McCormick Foundation and Forefront sent two POWER-PAC Illinois mother leaders, Tara Williams and Leti Toribio, and COFI Communications Coordinator, Elena&#8230; View Article","og_url":"https:\/\/cofionline.org\/es\/power-pac-illinois-leaders-share-the-learning-at-social-media-training\/","og_site_name":"COFI","article_published_time":"2019-02-28T15:59:07+00:00","article_modified_time":"2022-11-03T15:50:05+00:00","og_image":[{"width":960,"height":540,"url":"https:\/\/cofionline.org\/wp-content\/uploads\/2022\/11\/Updated__POWER-PAC-Social-Media-Training-2019.jpg","type":"image\/jpeg"}],"author":"COFI Admin","twitter_card":"summary_large_image","twitter_misc":{"Escrito por":"COFI Admin","Tiempo de lectura":"1 minuto"},"schema":{"@context":"https:\/\/schema.org","@graph":[{"@type":"Article","@id":"https:\/\/cofionline.org\/power-pac-illinois-leaders-share-the-learning-at-social-media-training\/#article","isPartOf":{"@id":"https:\/\/cofionline.org\/power-pac-illinois-leaders-share-the-learning-at-social-media-training\/"},"author":{"name":"COFI Admin","@id":"https:\/\/cofionline.org\/#\/schema\/person\/6e51f2bb4073bd8b0f13434ee335ee42"},"headline":"POWER-PAC Illinois Leaders Share the Learning at Social Media Training","datePublished":"2019-02-28T15:59:07+00:00","dateModified":"2022-11-03T15:50:05+00:00","mainEntityOfPage":{"@id":"https:\/\/cofionline.org\/power-pac-illinois-leaders-share-the-learning-at-social-media-training\/"},"wordCount":273,"publisher":{"@id":"https:\/\/cofionline.org\/#organization"},"image":{"@id":"https:\/\/cofionline.org\/power-pac-illinois-leaders-share-the-learning-at-social-media-training\/#primaryimage"},"thumbnailUrl":"https:\/\/cofionline.org\/wp-content\/uploads\/2022\/11\/Updated__POWER-PAC-Social-Media-Training-2019.jpg","articleSection":["POWER-PAC IL"],"inLanguage":"es"},{"@type":"WebPage","@id":"https:\/\/cofionline.org\/power-pac-illinois-leaders-share-the-learning-at-social-media-training\/","url":"https:\/\/cofionline.org\/power-pac-illinois-leaders-share-the-learning-at-social-media-training\/","name":"Los l\u00edderes de POWER-PAC Illinois comparten el aprendizaje en la capacitaci\u00f3n en redes sociales | COFI","isPartOf":{"@id":"https:\/\/cofionline.org\/#website"},"primaryImageOfPage":{"@id":"https:\/\/cofionline.org\/power-pac-illinois-leaders-share-the-learning-at-social-media-training\/#primaryimage"},"image":{"@id":"https:\/\/cofionline.org\/power-pac-illinois-leaders-share-the-learning-at-social-media-training\/#primaryimage"},"thumbnailUrl":"https:\/\/cofionline.org\/wp-content\/uploads\/2022\/11\/Updated__POWER-PAC-Social-Media-Training-2019.jpg","datePublished":"2019-02-28T15:59:07+00:00","dateModified":"2022-11-03T15:50:05+00:00","breadcrumb":{"@id":"https:\/\/cofionline.org\/power-pac-illinois-leaders-share-the-learning-at-social-media-training\/#breadcrumb"},"inLanguage":"es","potentialAction":[{"@type":"ReadAction","target":["https:\/\/cofionline.org\/power-pac-illinois-leaders-share-the-learning-at-social-media-training\/"]}]},{"@type":"ImageObject","inLanguage":"es","@id":"https:\/\/cofionline.org\/power-pac-illinois-leaders-share-the-learning-at-social-media-training\/#primaryimage","url":"https:\/\/cofionline.org\/wp-content\/uploads\/2022\/11\/Updated__POWER-PAC-Social-Media-Training-2019.jpg","contentUrl":"https:\/\/cofionline.org\/wp-content\/uploads\/2022\/11\/Updated__POWER-PAC-Social-Media-Training-2019.jpg","width":960,"height":540},{"@type":"BreadcrumbList","@id":"https:\/\/cofionline.org\/power-pac-illinois-leaders-share-the-learning-at-social-media-training\/#breadcrumb","itemListElement":[{"@type":"ListItem","position":1,"name":"Home","item":"https:\/\/cofionline.org\/"},{"@type":"ListItem","position":2,"name":"POWER-PAC Illinois Leaders Share the Learning at Social Media Training"}]},{"@type":"WebSite","@id":"https:\/\/cofionline.org\/#website","url":"https:\/\/cofionline.org\/","name":"COFI | Organizaci\u00f3n comunitaria y asuntos familiares","description":"Organizaci\u00f3n comunitaria y asuntos familiares","publisher":{"@id":"https:\/\/cofionline.org\/#organization"},"potentialAction":[{"@type":"SearchAction","target":{"@type":"EntryPoint","urlTemplate":"https:\/\/cofionline.org\/?s={search_term_string}"},"query-input":{"@type":"PropertyValueSpecification","valueRequired":true,"valueName":"search_term_string"}}],"inLanguage":"es"},{"@type":"Organization","@id":"https:\/\/cofionline.org\/#organization","name":"COFI | Organizaci\u00f3n comunitaria y asuntos familiares","url":"https:\/\/cofionline.org\/","logo":{"@type":"ImageObject","inLanguage":"es","@id":"https:\/\/cofionline.org\/#\/schema\/logo\/image\/","url":"https:\/\/cofionline.org\/wp-content\/uploads\/2022\/12\/logo-cofi.png","contentUrl":"https:\/\/cofionline.org\/wp-content\/uploads\/2022\/12\/logo-cofi.png","width":518,"height":180,"caption":"COFI | Community Organizing and Family Issues"},"image":{"@id":"https:\/\/cofionline.org\/#\/schema\/logo\/image\/"}},{"@type":"Person","@id":"https:\/\/cofionline.org\/#\/schema\/person\/6e51f2bb4073bd8b0f13434ee335ee42","name":"Administrador de COFI","image":{"@type":"ImageObject","inLanguage":"es","@id":"https:\/\/secure.gravatar.com\/avatar\/0c7c0f3697878baa5446d2486e6191f02790816cefd45f5e5fdf334162fd47d4?s=96&d=mm&r=g","url":"https:\/\/secure.gravatar.com\/avatar\/0c7c0f3697878baa5446d2486e6191f02790816cefd45f5e5fdf334162fd47d4?s=96&d=mm&r=g","contentUrl":"https:\/\/secure.gravatar.com\/avatar\/0c7c0f3697878baa5446d2486e6191f02790816cefd45f5e5fdf334162fd47d4?s=96&d=mm&r=g","caption":"COFI Admin"}}]}},"_links":{"self":[{"href":"https:\/\/cofionline.org\/es\/wp-json\/wp\/v2\/posts\/1637","targetHints":{"allow":["GET"]}}],"collection":[{"href":"https:\/\/cofionline.org\/es\/wp-json\/wp\/v2\/posts"}],"about":[{"href":"https:\/\/cofionline.org\/es\/wp-json\/wp\/v2\/types\/post"}],"author":[{"embeddable":true,"href":"https:\/\/cofionline.org\/es\/wp-json\/wp\/v2\/users\/13"}],"replies":[{"embeddable":true,"href":"https:\/\/cofionline.org\/es\/wp-json\/wp\/v2\/comments?post=1637"}],"version-history":[{"count":0,"href":"https:\/\/cofionline.org\/es\/wp-json\/wp\/v2\/posts\/1637\/revisions"}],"wp:featuredmedia":[{"embeddable":true,"href":"https:\/\/cofionline.org\/es\/wp-json\/wp\/v2\/media\/977"}],"wp:attachment":[{"href":"https:\/\/cofionline.org\/es\/wp-json\/wp\/v2\/media?parent=1637"}],"wp:term":[{"taxonomy":"category","embeddable":true,"href":"https:\/\/cofionline.org\/es\/wp-json\/wp\/v2\/categories?post=1637"},{"taxonomy":"post_tag","embeddable":true,"href":"https:\/\/cofionline.org\/es\/wp-json\/wp\/v2\/tags?post=1637"}],"curies":[{"name":"wp","href":"https:\/\/api.w.org\/{rel}","templated":true}]}}