{"id":1588,"date":"2021-07-06T11:00:57","date_gmt":"2021-07-06T16:00:57","guid":{"rendered":"https:\/\/devcofi.wpenginepowered.com\/stop-campaign-co-chair-speaks-in-support-of-child-tax-credit-expansion-in-press-event-with-il-sen-durbin\/"},"modified":"2022-11-03T10:49:52","modified_gmt":"2022-11-03T15:49:52","slug":"stop-campaign-co-chair-speaks-in-support-of-child-tax-credit-expansion-in-press-event-with-il-sen-durbin","status":"publish","type":"post","link":"https:\/\/cofionline.org\/es\/stop-campaign-co-chair-speaks-in-support-of-child-tax-credit-expansion-in-press-event-with-il-sen-durbin\/","title":{"rendered":"El copresidente de la campa\u00f1a STOP habla en apoyo de la expansi\u00f3n del cr\u00e9dito tributario por hijos en un evento de prensa con el senador de IL Durbin"},"content":{"rendered":"<p>La l\u00edder de padres de POWER-PAC IL y copresidenta de la campa\u00f1a STOP, Delia P\u00e9rez, habl\u00f3 en un evento de prensa con el senador estadounidense de Illinois, Dick Durbin, y los representantes estadounidenses de Illinois, Marie Newman y Robin Kelly, en apoyo de la expansi\u00f3n del Cr\u00e9dito Tributario por Hijos m\u00e1s all\u00e1 de diciembre de 2021. Delia apareci\u00f3 en dos medios de noticias de televisi\u00f3n, WGN 9 y ABC 7. Vea los segmentos completos a continuaci\u00f3n.<\/p>\n<p>WGN 9: <a href=\"https:\/\/wgntv.com\/news\/5-things-to-know-before-child-tax-credit-checks-arrive-this-month\/\">5 cosas que debe saber antes de que lleguen los cheques de cr\u00e9dito tributario por hijos este mes<\/a><\/p>\n<p><img decoding=\"async\" loading=\"lazy\" class=\"alignnone  wp-image-3993\" src=\"https:\/\/cofionline.org\/wp-content\/uploads\/2022\/11\/Capture2-1.png\" alt=\"Delia Perez speaks to a TV reporter about the Child Tax Credit\" width=\"442\" height=\"249\" srcset=\"https:\/\/cofionline.org\/wp-content\/uploads\/2022\/11\/Capture2-1-1.png 300w, https:\/\/cofionline.org\/wp-content\/uploads\/2022\/11\/Capture2-1-2.png 1024w, https:\/\/cofionline.org\/wp-content\/uploads\/2022\/11\/Capture2-1-3.png 768w, https:\/\/cofionline.org\/wp-content\/uploads\/2022\/11\/Capture2-1-4.png 1065w\" sizes=\"(max-width: 442px) 100vw, 442px\" data-recalc-dims=\"1\" \/><\/p>\n<p>ABC 7: <a href=\"https:\/\/abc7chicago.com\/child-tax-credit-2021-when-do-we-get-the-in-july-will-checks-be-sent-out\/10865746\/?fbclid=IwAR3jn0rHh0bK5A9AwVVLEz5z_AKZxiOJDP_A-HIRincU4YF30uDtPwqvGfA\">Cr\u00e9dito tributario por hijos para ayudar a sacar a miles de ni\u00f1os de Illinois de la pobreza<\/a><\/p>","protected":false},"excerpt":{"rendered":"<p>Delia P\u00e9rez, l\u00edder de padres de POWER-PAC IL y copresidenta de la campa\u00f1a STOP, habl\u00f3 en un evento de prensa con el senador estadounidense de Illinois Dick Durbin y los representantes estadounidenses de Illinois Marie Newman y Robin Kelly en apoyo de la expansi\u00f3n del Cr\u00e9dito tributario por hijos m\u00e1s all\u00e1 de diciembre de 2021. Delia apareci\u00f3 en dos medios de noticias de televisi\u00f3n, WGN 9 y ABC 7. Ver\u2026 <a class=\"view-article\" href=\"https:\/\/cofionline.org\/es\/COFI\/stop-campaign-co-chair-speaks-in-support-of-child-tax-credit-expansion-in-press-event-with-il-sen-durbin\/\">Ver art\u00edculo<\/a><\/p>","protected":false},"author":13,"featured_media":866,"comment_status":"closed","ping_status":"closed","sticky":false,"template":"","format":"standard","meta":{"_acf_changed":false,"_et_pb_use_builder":"","_et_pb_old_content":"","_et_gb_content_width":"","footnotes":""},"categories":[22,19],"tags":[],"class_list":["post-1588","post","type-post","status-publish","format-standard","has-post-thumbnail","hentry","category-in-the-media","category-stepping-out-of-poverty"],"acf":[],"yoast_head":"<!-- This site is optimized with the Yoast SEO plugin v27.5 - https:\/\/yoast.com\/product\/yoast-seo-wordpress\/ -->\n<title>STOP Campaign Co-Chair Speaks in Support of Child Tax Credit Expansion in Press Event with IL Sen. Durbin | COFI<\/title>\n<meta name=\"robots\" content=\"index, follow, max-snippet:-1, max-image-preview:large, max-video-preview:-1\" \/>\n<link rel=\"canonical\" href=\"https:\/\/cofionline.org\/es\/stop-campaign-co-chair-speaks-in-support-of-child-tax-credit-expansion-in-press-event-with-il-sen-durbin\/\" \/>\n<meta property=\"og:locale\" content=\"es_MX\" \/>\n<meta property=\"og:type\" content=\"article\" \/>\n<meta property=\"og:title\" content=\"STOP Campaign Co-Chair Speaks in Support of Child Tax Credit Expansion in Press Event with IL Sen. Durbin | COFI\" \/>\n<meta property=\"og:description\" content=\"POWER-PAC IL Parent Leader and STOP Campaign Co-Chair Delia Perez spoke at a press event with Illinois U.S. Senator Dick Durbin and Illinois U.S. Representatives Marie Newman and Robin Kelly in support of expanding the Child Tax Credit beyond December 2021. Delia was featured on two television news outlets, WGN 9 and ABC 7. View&#8230; View Article\" \/>\n<meta property=\"og:url\" content=\"https:\/\/cofionline.org\/es\/stop-campaign-co-chair-speaks-in-support-of-child-tax-credit-expansion-in-press-event-with-il-sen-durbin\/\" \/>\n<meta property=\"og:site_name\" content=\"COFI\" \/>\n<meta property=\"article:published_time\" content=\"2021-07-06T16:00:57+00:00\" \/>\n<meta property=\"article:modified_time\" content=\"2022-11-03T15:49:52+00:00\" \/>\n<meta property=\"og:image\" content=\"https:\/\/cofionline.org\/wp-content\/uploads\/2022\/11\/Capture1-1-1.png\" \/>\n\t<meta property=\"og:image:width\" content=\"1177\" \/>\n\t<meta property=\"og:image:height\" content=\"794\" \/>\n\t<meta property=\"og:image:type\" content=\"image\/png\" \/>\n<meta name=\"author\" content=\"COFI Admin\" \/>\n<meta name=\"twitter:card\" content=\"summary_large_image\" \/>\n<meta name=\"twitter:label1\" content=\"Escrito por\" \/>\n\t<meta name=\"twitter:data1\" content=\"COFI Admin\" \/>\n<script type=\"application\/ld+json\" class=\"yoast-schema-graph\">{\"@context\":\"https:\\\/\\\/schema.org\",\"@graph\":[{\"@type\":\"Article\",\"@id\":\"https:\\\/\\\/cofionline.org\\\/stop-campaign-co-chair-speaks-in-support-of-child-tax-credit-expansion-in-press-event-with-il-sen-durbin\\\/#article\",\"isPartOf\":{\"@id\":\"https:\\\/\\\/cofionline.org\\\/stop-campaign-co-chair-speaks-in-support-of-child-tax-credit-expansion-in-press-event-with-il-sen-durbin\\\/\"},\"author\":{\"name\":\"COFI Admin\",\"@id\":\"https:\\\/\\\/cofionline.org\\\/#\\\/schema\\\/person\\\/6e51f2bb4073bd8b0f13434ee335ee42\"},\"headline\":\"STOP Campaign Co-Chair Speaks in Support of Child Tax Credit Expansion in Press Event with IL Sen. Durbin\",\"datePublished\":\"2021-07-06T16:00:57+00:00\",\"dateModified\":\"2022-11-03T15:49:52+00:00\",\"mainEntityOfPage\":{\"@id\":\"https:\\\/\\\/cofionline.org\\\/stop-campaign-co-chair-speaks-in-support-of-child-tax-credit-expansion-in-press-event-with-il-sen-durbin\\\/\"},\"wordCount\":102,\"publisher\":{\"@id\":\"https:\\\/\\\/cofionline.org\\\/#organization\"},\"image\":{\"@id\":\"https:\\\/\\\/cofionline.org\\\/stop-campaign-co-chair-speaks-in-support-of-child-tax-credit-expansion-in-press-event-with-il-sen-durbin\\\/#primaryimage\"},\"thumbnailUrl\":\"https:\\\/\\\/cofionline.org\\\/wp-content\\\/uploads\\\/2022\\\/11\\\/Capture1-1-1.png\",\"articleSection\":[\"In the Media\",\"Stepping Out of Poverty\"],\"inLanguage\":\"es\"},{\"@type\":\"WebPage\",\"@id\":\"https:\\\/\\\/cofionline.org\\\/stop-campaign-co-chair-speaks-in-support-of-child-tax-credit-expansion-in-press-event-with-il-sen-durbin\\\/\",\"url\":\"https:\\\/\\\/cofionline.org\\\/stop-campaign-co-chair-speaks-in-support-of-child-tax-credit-expansion-in-press-event-with-il-sen-durbin\\\/\",\"name\":\"STOP Campaign Co-Chair Speaks in Support of Child Tax Credit Expansion in Press Event with IL Sen. Durbin | COFI\",\"isPartOf\":{\"@id\":\"https:\\\/\\\/cofionline.org\\\/#website\"},\"primaryImageOfPage\":{\"@id\":\"https:\\\/\\\/cofionline.org\\\/stop-campaign-co-chair-speaks-in-support-of-child-tax-credit-expansion-in-press-event-with-il-sen-durbin\\\/#primaryimage\"},\"image\":{\"@id\":\"https:\\\/\\\/cofionline.org\\\/stop-campaign-co-chair-speaks-in-support-of-child-tax-credit-expansion-in-press-event-with-il-sen-durbin\\\/#primaryimage\"},\"thumbnailUrl\":\"https:\\\/\\\/cofionline.org\\\/wp-content\\\/uploads\\\/2022\\\/11\\\/Capture1-1-1.png\",\"datePublished\":\"2021-07-06T16:00:57+00:00\",\"dateModified\":\"2022-11-03T15:49:52+00:00\",\"breadcrumb\":{\"@id\":\"https:\\\/\\\/cofionline.org\\\/stop-campaign-co-chair-speaks-in-support-of-child-tax-credit-expansion-in-press-event-with-il-sen-durbin\\\/#breadcrumb\"},\"inLanguage\":\"es\",\"potentialAction\":[{\"@type\":\"ReadAction\",\"target\":[\"https:\\\/\\\/cofionline.org\\\/stop-campaign-co-chair-speaks-in-support-of-child-tax-credit-expansion-in-press-event-with-il-sen-durbin\\\/\"]}]},{\"@type\":\"ImageObject\",\"inLanguage\":\"es\",\"@id\":\"https:\\\/\\\/cofionline.org\\\/stop-campaign-co-chair-speaks-in-support-of-child-tax-credit-expansion-in-press-event-with-il-sen-durbin\\\/#primaryimage\",\"url\":\"https:\\\/\\\/cofionline.org\\\/wp-content\\\/uploads\\\/2022\\\/11\\\/Capture1-1-1.png\",\"contentUrl\":\"https:\\\/\\\/cofionline.org\\\/wp-content\\\/uploads\\\/2022\\\/11\\\/Capture1-1-1.png\",\"width\":1177,\"height\":794},{\"@type\":\"BreadcrumbList\",\"@id\":\"https:\\\/\\\/cofionline.org\\\/stop-campaign-co-chair-speaks-in-support-of-child-tax-credit-expansion-in-press-event-with-il-sen-durbin\\\/#breadcrumb\",\"itemListElement\":[{\"@type\":\"ListItem\",\"position\":1,\"name\":\"Home\",\"item\":\"https:\\\/\\\/cofionline.org\\\/\"},{\"@type\":\"ListItem\",\"position\":2,\"name\":\"STOP Campaign Co-Chair Speaks in Support of Child Tax Credit Expansion in Press Event with IL Sen. Durbin\"}]},{\"@type\":\"WebSite\",\"@id\":\"https:\\\/\\\/cofionline.org\\\/#website\",\"url\":\"https:\\\/\\\/cofionline.org\\\/\",\"name\":\"COFI | Community Organizing and Family Issues\",\"description\":\"Community Organizing and Family Issues\",\"publisher\":{\"@id\":\"https:\\\/\\\/cofionline.org\\\/#organization\"},\"potentialAction\":[{\"@type\":\"SearchAction\",\"target\":{\"@type\":\"EntryPoint\",\"urlTemplate\":\"https:\\\/\\\/cofionline.org\\\/?s={search_term_string}\"},\"query-input\":{\"@type\":\"PropertyValueSpecification\",\"valueRequired\":true,\"valueName\":\"search_term_string\"}}],\"inLanguage\":\"es\"},{\"@type\":\"Organization\",\"@id\":\"https:\\\/\\\/cofionline.org\\\/#organization\",\"name\":\"COFI | Community Organizing and Family Issues\",\"url\":\"https:\\\/\\\/cofionline.org\\\/\",\"logo\":{\"@type\":\"ImageObject\",\"inLanguage\":\"es\",\"@id\":\"https:\\\/\\\/cofionline.org\\\/#\\\/schema\\\/logo\\\/image\\\/\",\"url\":\"https:\\\/\\\/cofionline.org\\\/wp-content\\\/uploads\\\/2022\\\/12\\\/logo-cofi.png\",\"contentUrl\":\"https:\\\/\\\/cofionline.org\\\/wp-content\\\/uploads\\\/2022\\\/12\\\/logo-cofi.png\",\"width\":518,\"height\":180,\"caption\":\"COFI | Community Organizing and Family Issues\"},\"image\":{\"@id\":\"https:\\\/\\\/cofionline.org\\\/#\\\/schema\\\/logo\\\/image\\\/\"}},{\"@type\":\"Person\",\"@id\":\"https:\\\/\\\/cofionline.org\\\/#\\\/schema\\\/person\\\/6e51f2bb4073bd8b0f13434ee335ee42\",\"name\":\"COFI Admin\",\"image\":{\"@type\":\"ImageObject\",\"inLanguage\":\"es\",\"@id\":\"https:\\\/\\\/secure.gravatar.com\\\/avatar\\\/0c7c0f3697878baa5446d2486e6191f02790816cefd45f5e5fdf334162fd47d4?s=96&d=mm&r=g\",\"url\":\"https:\\\/\\\/secure.gravatar.com\\\/avatar\\\/0c7c0f3697878baa5446d2486e6191f02790816cefd45f5e5fdf334162fd47d4?s=96&d=mm&r=g\",\"contentUrl\":\"https:\\\/\\\/secure.gravatar.com\\\/avatar\\\/0c7c0f3697878baa5446d2486e6191f02790816cefd45f5e5fdf334162fd47d4?s=96&d=mm&r=g\",\"caption\":\"COFI Admin\"}}]}<\/script>\n<!-- \/ Yoast SEO plugin. -->","yoast_head_json":{"title":"El copresidente de la campa\u00f1a STOP habla en apoyo de la expansi\u00f3n del cr\u00e9dito tributario por hijos en un evento de prensa con el senador de IL Durbin | COFI","robots":{"index":"index","follow":"follow","max-snippet":"max-snippet:-1","max-image-preview":"max-image-preview:large","max-video-preview":"max-video-preview:-1"},"canonical":"https:\/\/cofionline.org\/es\/stop-campaign-co-chair-speaks-in-support-of-child-tax-credit-expansion-in-press-event-with-il-sen-durbin\/","og_locale":"es_MX","og_type":"article","og_title":"STOP Campaign Co-Chair Speaks in Support of Child Tax Credit Expansion in Press Event with IL Sen. Durbin | COFI","og_description":"POWER-PAC IL Parent Leader and STOP Campaign Co-Chair Delia Perez spoke at a press event with Illinois U.S. Senator Dick Durbin and Illinois U.S. Representatives Marie Newman and Robin Kelly in support of expanding the Child Tax Credit beyond December 2021. Delia was featured on two television news outlets, WGN 9 and ABC 7. View&#8230; View Article","og_url":"https:\/\/cofionline.org\/es\/stop-campaign-co-chair-speaks-in-support-of-child-tax-credit-expansion-in-press-event-with-il-sen-durbin\/","og_site_name":"COFI","article_published_time":"2021-07-06T16:00:57+00:00","article_modified_time":"2022-11-03T15:49:52+00:00","og_image":[{"width":1177,"height":794,"url":"https:\/\/cofionline.org\/wp-content\/uploads\/2022\/11\/Capture1-1-1.png","type":"image\/png"}],"author":"COFI Admin","twitter_card":"summary_large_image","twitter_misc":{"Escrito por":"COFI Admin"},"schema":{"@context":"https:\/\/schema.org","@graph":[{"@type":"Article","@id":"https:\/\/cofionline.org\/stop-campaign-co-chair-speaks-in-support-of-child-tax-credit-expansion-in-press-event-with-il-sen-durbin\/#article","isPartOf":{"@id":"https:\/\/cofionline.org\/stop-campaign-co-chair-speaks-in-support-of-child-tax-credit-expansion-in-press-event-with-il-sen-durbin\/"},"author":{"name":"COFI Admin","@id":"https:\/\/cofionline.org\/#\/schema\/person\/6e51f2bb4073bd8b0f13434ee335ee42"},"headline":"STOP Campaign Co-Chair Speaks in Support of Child Tax Credit Expansion in Press Event with IL Sen. Durbin","datePublished":"2021-07-06T16:00:57+00:00","dateModified":"2022-11-03T15:49:52+00:00","mainEntityOfPage":{"@id":"https:\/\/cofionline.org\/stop-campaign-co-chair-speaks-in-support-of-child-tax-credit-expansion-in-press-event-with-il-sen-durbin\/"},"wordCount":102,"publisher":{"@id":"https:\/\/cofionline.org\/#organization"},"image":{"@id":"https:\/\/cofionline.org\/stop-campaign-co-chair-speaks-in-support-of-child-tax-credit-expansion-in-press-event-with-il-sen-durbin\/#primaryimage"},"thumbnailUrl":"https:\/\/cofionline.org\/wp-content\/uploads\/2022\/11\/Capture1-1-1.png","articleSection":["In the Media","Stepping Out of Poverty"],"inLanguage":"es"},{"@type":"WebPage","@id":"https:\/\/cofionline.org\/stop-campaign-co-chair-speaks-in-support-of-child-tax-credit-expansion-in-press-event-with-il-sen-durbin\/","url":"https:\/\/cofionline.org\/stop-campaign-co-chair-speaks-in-support-of-child-tax-credit-expansion-in-press-event-with-il-sen-durbin\/","name":"El copresidente de la campa\u00f1a STOP habla en apoyo de la expansi\u00f3n del cr\u00e9dito tributario por hijos en un evento de prensa con el senador de IL Durbin | COFI","isPartOf":{"@id":"https:\/\/cofionline.org\/#website"},"primaryImageOfPage":{"@id":"https:\/\/cofionline.org\/stop-campaign-co-chair-speaks-in-support-of-child-tax-credit-expansion-in-press-event-with-il-sen-durbin\/#primaryimage"},"image":{"@id":"https:\/\/cofionline.org\/stop-campaign-co-chair-speaks-in-support-of-child-tax-credit-expansion-in-press-event-with-il-sen-durbin\/#primaryimage"},"thumbnailUrl":"https:\/\/cofionline.org\/wp-content\/uploads\/2022\/11\/Capture1-1-1.png","datePublished":"2021-07-06T16:00:57+00:00","dateModified":"2022-11-03T15:49:52+00:00","breadcrumb":{"@id":"https:\/\/cofionline.org\/stop-campaign-co-chair-speaks-in-support-of-child-tax-credit-expansion-in-press-event-with-il-sen-durbin\/#breadcrumb"},"inLanguage":"es","potentialAction":[{"@type":"ReadAction","target":["https:\/\/cofionline.org\/stop-campaign-co-chair-speaks-in-support-of-child-tax-credit-expansion-in-press-event-with-il-sen-durbin\/"]}]},{"@type":"ImageObject","inLanguage":"es","@id":"https:\/\/cofionline.org\/stop-campaign-co-chair-speaks-in-support-of-child-tax-credit-expansion-in-press-event-with-il-sen-durbin\/#primaryimage","url":"https:\/\/cofionline.org\/wp-content\/uploads\/2022\/11\/Capture1-1-1.png","contentUrl":"https:\/\/cofionline.org\/wp-content\/uploads\/2022\/11\/Capture1-1-1.png","width":1177,"height":794},{"@type":"BreadcrumbList","@id":"https:\/\/cofionline.org\/stop-campaign-co-chair-speaks-in-support-of-child-tax-credit-expansion-in-press-event-with-il-sen-durbin\/#breadcrumb","itemListElement":[{"@type":"ListItem","position":1,"name":"Home","item":"https:\/\/cofionline.org\/"},{"@type":"ListItem","position":2,"name":"STOP Campaign Co-Chair Speaks in Support of Child Tax Credit Expansion in Press Event with IL Sen. Durbin"}]},{"@type":"WebSite","@id":"https:\/\/cofionline.org\/#website","url":"https:\/\/cofionline.org\/","name":"COFI | Organizaci\u00f3n comunitaria y asuntos familiares","description":"Organizaci\u00f3n comunitaria y asuntos familiares","publisher":{"@id":"https:\/\/cofionline.org\/#organization"},"potentialAction":[{"@type":"SearchAction","target":{"@type":"EntryPoint","urlTemplate":"https:\/\/cofionline.org\/?s={search_term_string}"},"query-input":{"@type":"PropertyValueSpecification","valueRequired":true,"valueName":"search_term_string"}}],"inLanguage":"es"},{"@type":"Organization","@id":"https:\/\/cofionline.org\/#organization","name":"COFI | Organizaci\u00f3n comunitaria y asuntos familiares","url":"https:\/\/cofionline.org\/","logo":{"@type":"ImageObject","inLanguage":"es","@id":"https:\/\/cofionline.org\/#\/schema\/logo\/image\/","url":"https:\/\/cofionline.org\/wp-content\/uploads\/2022\/12\/logo-cofi.png","contentUrl":"https:\/\/cofionline.org\/wp-content\/uploads\/2022\/12\/logo-cofi.png","width":518,"height":180,"caption":"COFI | Community Organizing and Family Issues"},"image":{"@id":"https:\/\/cofionline.org\/#\/schema\/logo\/image\/"}},{"@type":"Person","@id":"https:\/\/cofionline.org\/#\/schema\/person\/6e51f2bb4073bd8b0f13434ee335ee42","name":"Administrador de COFI","image":{"@type":"ImageObject","inLanguage":"es","@id":"https:\/\/secure.gravatar.com\/avatar\/0c7c0f3697878baa5446d2486e6191f02790816cefd45f5e5fdf334162fd47d4?s=96&d=mm&r=g","url":"https:\/\/secure.gravatar.com\/avatar\/0c7c0f3697878baa5446d2486e6191f02790816cefd45f5e5fdf334162fd47d4?s=96&d=mm&r=g","contentUrl":"https:\/\/secure.gravatar.com\/avatar\/0c7c0f3697878baa5446d2486e6191f02790816cefd45f5e5fdf334162fd47d4?s=96&d=mm&r=g","caption":"COFI Admin"}}]}},"_links":{"self":[{"href":"https:\/\/cofionline.org\/es\/wp-json\/wp\/v2\/posts\/1588","targetHints":{"allow":["GET"]}}],"collection":[{"href":"https:\/\/cofionline.org\/es\/wp-json\/wp\/v2\/posts"}],"about":[{"href":"https:\/\/cofionline.org\/es\/wp-json\/wp\/v2\/types\/post"}],"author":[{"embeddable":true,"href":"https:\/\/cofionline.org\/es\/wp-json\/wp\/v2\/users\/13"}],"replies":[{"embeddable":true,"href":"https:\/\/cofionline.org\/es\/wp-json\/wp\/v2\/comments?post=1588"}],"version-history":[{"count":0,"href":"https:\/\/cofionline.org\/es\/wp-json\/wp\/v2\/posts\/1588\/revisions"}],"wp:featuredmedia":[{"embeddable":true,"href":"https:\/\/cofionline.org\/es\/wp-json\/wp\/v2\/media\/866"}],"wp:attachment":[{"href":"https:\/\/cofionline.org\/es\/wp-json\/wp\/v2\/media?parent=1588"}],"wp:term":[{"taxonomy":"category","embeddable":true,"href":"https:\/\/cofionline.org\/es\/wp-json\/wp\/v2\/categories?post=1588"},{"taxonomy":"post_tag","embeddable":true,"href":"https:\/\/cofionline.org\/es\/wp-json\/wp\/v2\/tags?post=1588"}],"curies":[{"name":"wp","href":"https:\/\/api.w.org\/{rel}","templated":true}]}}