{"id":1572,"date":"2021-09-29T10:42:17","date_gmt":"2021-09-29T15:42:17","guid":{"rendered":"https:\/\/devcofi.wpenginepowered.com\/parent-speaks-to-chalkbeat-about-sitting-out-cps-summer-school-due-to-safety-concerns\/"},"modified":"2022-11-03T10:49:48","modified_gmt":"2022-11-03T15:49:48","slug":"parent-speaks-to-chalkbeat-about-sitting-out-cps-summer-school-due-to-safety-concerns","status":"publish","type":"post","link":"https:\/\/cofionline.org\/es\/parent-speaks-to-chalkbeat-about-sitting-out-cps-summer-school-due-to-safety-concerns\/","title":{"rendered":"Un padre habla con Chalkbeat sobre quedarse fuera de la escuela de verano de CPS debido a problemas de seguridad"},"content":{"rendered":"<p id=\"L7cSpx\">\u201cEl estudiante de sexto grado de Susana Salgado era un estudiante que el distrito esperaba reclutar. En cambio, se qued\u00f3 fuera del programa de verano.<\/p>\n<p id=\"9Oto77\">El ni\u00f1o tuvo problemas con el aprendizaje virtual el \u00faltimo a\u00f1o escolar y se retras\u00f3 acad\u00e9micamente en medio de problemas t\u00e9cnicos y otros obst\u00e1culos. La primavera pasada, Salgado descubri\u00f3 que hab\u00eda sido se\u00f1alado como un buen candidato para la escuela de verano.<\/p>\n<p id=\"uKybDK\">Dado que el distrito opt\u00f3 por promover autom\u00e1ticamente a todos los estudiantes de primaria al siguiente grado, Summer Bridge no era un requisito, explicaron los funcionarios, pero ser\u00eda una oportunidad para ponerse al d\u00eda antes del nuevo a\u00f1o escolar.<\/p>\n<p id=\"aw2U5g\">Luego, Salgado descubri\u00f3 que el programa no se ofrecer\u00eda en James Otis World Language Academy, la escuela del West Side a la que asiste su hijo. Ella dice que la escuela no pudo decirle qu\u00e9 campus albergar\u00eda ese programa. Tampoco estaba claro si recibir\u00eda una computadora para hacer el trabajo de la escuela de verano. Y la familia se encargar\u00eda de proporcionar el transporte. (Otis organiz\u00f3 programas de a\u00f1o escolar extendido en persona y virtuales para estudiantes con discapacidades<strong> <\/strong>y un programa para estudiantes de ingl\u00e9s).<\/p>\n<p id=\"hoAfsC\">Salgado dice que la seguridad de COVID era una preocupaci\u00f3n importante para su familia, que hab\u00eda decidido seguir con el aprendizaje remoto cuando los campus reabrieron para recibir instrucci\u00f3n en persona la primavera pasada. \u00bfQu\u00e9 medidas de seguridad tomar\u00eda el distrito durante la escuela de verano? \u00bfY podr\u00eda confiar en una escuela desconocida para implementarlos?<\/p>\n<p id=\"5XzM4j\">&quot;Decidimos que no asistir\u00edamos, incluso si nuestro hijo repite sus clases&quot;, dijo en espa\u00f1ol. &#039;S\u00e9 de muchos padres que me dijeron lo mismo. Fue una situaci\u00f3n dif\u00edcil. Pero la seguridad es lo m\u00e1s importante para nuestra familia.&#039;<\/p>\n<div class=\"m-ad m-ad__dynamic_ad_unit m-ad__desktop_article_medrec_dynamic m-ad__sponsorship-message dfp_ad-wrapper--is-filled\" data-concert-ads-name=\"desktop_article_medrec_dynamic\"><\/div>\n<p id=\"A92JFi\">Los distritos de todo el pa\u00eds se propusieron expandir y repensar la escuela de verano la primavera pasada para comenzar a volver a involucrar a estudiantes como el hijo de Salgado, muchos de ellos aprovechando d\u00f3lares federales del Plan de Rescate Estadounidense del presidente Biden\u201d.<\/p>\n<p>Leer art\u00edculo completo <a href=\"https:\/\/chicago.chalkbeat.org\/2021\/9\/28\/22690530\/summer-school-in-chicago-revamped-missing-data-learning-recovery\">aqu\u00ed<\/a>.<\/p>","protected":false},"excerpt":{"rendered":"<p>\u201cEl alumno de sexto grado de Susana Salgado era un estudiante que el distrito esperaba reclutar. En cambio, se perdi\u00f3 el programa de verano. El ni\u00f1o tuvo problemas con el aprendizaje virtual el a\u00f1o pasado, quedando atr\u00e1s acad\u00e9micamente en medio de problemas t\u00e9cnicos y otros obst\u00e1culos. La primavera pasada, Salgado descubri\u00f3 que lo consideraban un buen candidato para la escuela de verano. Con el\u2026 <a class=\"view-article\" href=\"https:\/\/cofionline.org\/es\/COFI\/parent-speaks-to-chalkbeat-about-sitting-out-cps-summer-school-due-to-safety-concerns\/\">Ver art\u00edculo<\/a><\/p>","protected":false},"author":13,"featured_media":774,"comment_status":"closed","ping_status":"closed","sticky":false,"template":"","format":"standard","meta":{"_acf_changed":false,"_et_pb_use_builder":"","_et_pb_old_content":"","_et_gb_content_width":"","footnotes":""},"categories":[22],"tags":[],"class_list":["post-1572","post","type-post","status-publish","format-standard","has-post-thumbnail","hentry","category-in-the-media"],"acf":[],"yoast_head":"<!-- This site is optimized with the Yoast SEO plugin v27.5 - https:\/\/yoast.com\/product\/yoast-seo-wordpress\/ -->\n<title>Parent Speaks to Chalkbeat About Sitting Out CPS Summer School Due to Safety Concerns | COFI<\/title>\n<meta name=\"robots\" content=\"index, follow, max-snippet:-1, max-image-preview:large, max-video-preview:-1\" \/>\n<link rel=\"canonical\" href=\"https:\/\/cofionline.org\/es\/parent-speaks-to-chalkbeat-about-sitting-out-cps-summer-school-due-to-safety-concerns\/\" \/>\n<meta property=\"og:locale\" content=\"es_MX\" \/>\n<meta property=\"og:type\" content=\"article\" \/>\n<meta property=\"og:title\" content=\"Parent Speaks to Chalkbeat About Sitting Out CPS Summer School Due to Safety Concerns | COFI\" \/>\n<meta property=\"og:description\" content=\"&#8220;Susana Salgado\u2019s sixth grader was one student the district had hoped to recruit. Instead, he sat out the summer program. The boy struggled with virtual learning last school year, falling behind academically amid technical issues and other hurdles. Last spring, Salgado found out he was flagged as a good candidate for summer school. With the&#8230; View Article\" \/>\n<meta property=\"og:url\" content=\"https:\/\/cofionline.org\/es\/parent-speaks-to-chalkbeat-about-sitting-out-cps-summer-school-due-to-safety-concerns\/\" \/>\n<meta property=\"og:site_name\" content=\"COFI\" \/>\n<meta property=\"article:published_time\" content=\"2021-09-29T15:42:17+00:00\" \/>\n<meta property=\"article:modified_time\" content=\"2022-11-03T15:49:48+00:00\" \/>\n<meta property=\"og:image\" content=\"https:\/\/cofionline.org\/wp-content\/uploads\/2022\/11\/chalkbeat1-1200x921.png\" \/>\n\t<meta property=\"og:image:width\" content=\"1200\" \/>\n\t<meta property=\"og:image:height\" content=\"921\" \/>\n\t<meta property=\"og:image:type\" content=\"image\/png\" \/>\n<meta name=\"author\" content=\"COFI Admin\" \/>\n<meta name=\"twitter:card\" content=\"summary_large_image\" \/>\n<meta name=\"twitter:label1\" content=\"Escrito por\" \/>\n\t<meta name=\"twitter:data1\" content=\"COFI Admin\" \/>\n\t<meta name=\"twitter:label2\" content=\"Tiempo de lectura\" \/>\n\t<meta name=\"twitter:data2\" content=\"2 minutos\" \/>\n<script type=\"application\/ld+json\" class=\"yoast-schema-graph\">{\"@context\":\"https:\\\/\\\/schema.org\",\"@graph\":[{\"@type\":\"Article\",\"@id\":\"https:\\\/\\\/cofionline.org\\\/parent-speaks-to-chalkbeat-about-sitting-out-cps-summer-school-due-to-safety-concerns\\\/#article\",\"isPartOf\":{\"@id\":\"https:\\\/\\\/cofionline.org\\\/parent-speaks-to-chalkbeat-about-sitting-out-cps-summer-school-due-to-safety-concerns\\\/\"},\"author\":{\"name\":\"COFI Admin\",\"@id\":\"https:\\\/\\\/cofionline.org\\\/#\\\/schema\\\/person\\\/6e51f2bb4073bd8b0f13434ee335ee42\"},\"headline\":\"Parent Speaks to Chalkbeat About Sitting Out CPS Summer School Due to Safety Concerns\",\"datePublished\":\"2021-09-29T15:42:17+00:00\",\"dateModified\":\"2022-11-03T15:49:48+00:00\",\"mainEntityOfPage\":{\"@id\":\"https:\\\/\\\/cofionline.org\\\/parent-speaks-to-chalkbeat-about-sitting-out-cps-summer-school-due-to-safety-concerns\\\/\"},\"wordCount\":321,\"publisher\":{\"@id\":\"https:\\\/\\\/cofionline.org\\\/#organization\"},\"image\":{\"@id\":\"https:\\\/\\\/cofionline.org\\\/parent-speaks-to-chalkbeat-about-sitting-out-cps-summer-school-due-to-safety-concerns\\\/#primaryimage\"},\"thumbnailUrl\":\"https:\\\/\\\/cofionline.org\\\/wp-content\\\/uploads\\\/2022\\\/11\\\/chalkbeat1.png\",\"articleSection\":[\"In the Media\"],\"inLanguage\":\"es\"},{\"@type\":\"WebPage\",\"@id\":\"https:\\\/\\\/cofionline.org\\\/parent-speaks-to-chalkbeat-about-sitting-out-cps-summer-school-due-to-safety-concerns\\\/\",\"url\":\"https:\\\/\\\/cofionline.org\\\/parent-speaks-to-chalkbeat-about-sitting-out-cps-summer-school-due-to-safety-concerns\\\/\",\"name\":\"Parent Speaks to Chalkbeat About Sitting Out CPS Summer School Due to Safety Concerns | COFI\",\"isPartOf\":{\"@id\":\"https:\\\/\\\/cofionline.org\\\/#website\"},\"primaryImageOfPage\":{\"@id\":\"https:\\\/\\\/cofionline.org\\\/parent-speaks-to-chalkbeat-about-sitting-out-cps-summer-school-due-to-safety-concerns\\\/#primaryimage\"},\"image\":{\"@id\":\"https:\\\/\\\/cofionline.org\\\/parent-speaks-to-chalkbeat-about-sitting-out-cps-summer-school-due-to-safety-concerns\\\/#primaryimage\"},\"thumbnailUrl\":\"https:\\\/\\\/cofionline.org\\\/wp-content\\\/uploads\\\/2022\\\/11\\\/chalkbeat1.png\",\"datePublished\":\"2021-09-29T15:42:17+00:00\",\"dateModified\":\"2022-11-03T15:49:48+00:00\",\"breadcrumb\":{\"@id\":\"https:\\\/\\\/cofionline.org\\\/parent-speaks-to-chalkbeat-about-sitting-out-cps-summer-school-due-to-safety-concerns\\\/#breadcrumb\"},\"inLanguage\":\"es\",\"potentialAction\":[{\"@type\":\"ReadAction\",\"target\":[\"https:\\\/\\\/cofionline.org\\\/parent-speaks-to-chalkbeat-about-sitting-out-cps-summer-school-due-to-safety-concerns\\\/\"]}]},{\"@type\":\"ImageObject\",\"inLanguage\":\"es\",\"@id\":\"https:\\\/\\\/cofionline.org\\\/parent-speaks-to-chalkbeat-about-sitting-out-cps-summer-school-due-to-safety-concerns\\\/#primaryimage\",\"url\":\"https:\\\/\\\/cofionline.org\\\/wp-content\\\/uploads\\\/2022\\\/11\\\/chalkbeat1.png\",\"contentUrl\":\"https:\\\/\\\/cofionline.org\\\/wp-content\\\/uploads\\\/2022\\\/11\\\/chalkbeat1.png\",\"width\":1885,\"height\":1446},{\"@type\":\"BreadcrumbList\",\"@id\":\"https:\\\/\\\/cofionline.org\\\/parent-speaks-to-chalkbeat-about-sitting-out-cps-summer-school-due-to-safety-concerns\\\/#breadcrumb\",\"itemListElement\":[{\"@type\":\"ListItem\",\"position\":1,\"name\":\"Home\",\"item\":\"https:\\\/\\\/cofionline.org\\\/\"},{\"@type\":\"ListItem\",\"position\":2,\"name\":\"Parent Speaks to Chalkbeat About Sitting Out CPS Summer School Due to Safety Concerns\"}]},{\"@type\":\"WebSite\",\"@id\":\"https:\\\/\\\/cofionline.org\\\/#website\",\"url\":\"https:\\\/\\\/cofionline.org\\\/\",\"name\":\"COFI | Community Organizing and Family Issues\",\"description\":\"Community Organizing and Family Issues\",\"publisher\":{\"@id\":\"https:\\\/\\\/cofionline.org\\\/#organization\"},\"potentialAction\":[{\"@type\":\"SearchAction\",\"target\":{\"@type\":\"EntryPoint\",\"urlTemplate\":\"https:\\\/\\\/cofionline.org\\\/?s={search_term_string}\"},\"query-input\":{\"@type\":\"PropertyValueSpecification\",\"valueRequired\":true,\"valueName\":\"search_term_string\"}}],\"inLanguage\":\"es\"},{\"@type\":\"Organization\",\"@id\":\"https:\\\/\\\/cofionline.org\\\/#organization\",\"name\":\"COFI | Community Organizing and Family Issues\",\"url\":\"https:\\\/\\\/cofionline.org\\\/\",\"logo\":{\"@type\":\"ImageObject\",\"inLanguage\":\"es\",\"@id\":\"https:\\\/\\\/cofionline.org\\\/#\\\/schema\\\/logo\\\/image\\\/\",\"url\":\"https:\\\/\\\/cofionline.org\\\/wp-content\\\/uploads\\\/2022\\\/12\\\/logo-cofi.png\",\"contentUrl\":\"https:\\\/\\\/cofionline.org\\\/wp-content\\\/uploads\\\/2022\\\/12\\\/logo-cofi.png\",\"width\":518,\"height\":180,\"caption\":\"COFI | Community Organizing and Family Issues\"},\"image\":{\"@id\":\"https:\\\/\\\/cofionline.org\\\/#\\\/schema\\\/logo\\\/image\\\/\"}},{\"@type\":\"Person\",\"@id\":\"https:\\\/\\\/cofionline.org\\\/#\\\/schema\\\/person\\\/6e51f2bb4073bd8b0f13434ee335ee42\",\"name\":\"COFI Admin\",\"image\":{\"@type\":\"ImageObject\",\"inLanguage\":\"es\",\"@id\":\"https:\\\/\\\/secure.gravatar.com\\\/avatar\\\/0c7c0f3697878baa5446d2486e6191f02790816cefd45f5e5fdf334162fd47d4?s=96&d=mm&r=g\",\"url\":\"https:\\\/\\\/secure.gravatar.com\\\/avatar\\\/0c7c0f3697878baa5446d2486e6191f02790816cefd45f5e5fdf334162fd47d4?s=96&d=mm&r=g\",\"contentUrl\":\"https:\\\/\\\/secure.gravatar.com\\\/avatar\\\/0c7c0f3697878baa5446d2486e6191f02790816cefd45f5e5fdf334162fd47d4?s=96&d=mm&r=g\",\"caption\":\"COFI Admin\"}}]}<\/script>\n<!-- \/ Yoast SEO plugin. -->","yoast_head_json":{"title":"padre habla con Chalkbeat sobre quedarse fuera de la escuela de verano de CPS debido a preocupaciones de seguridad | COFI","robots":{"index":"index","follow":"follow","max-snippet":"max-snippet:-1","max-image-preview":"max-image-preview:large","max-video-preview":"max-video-preview:-1"},"canonical":"https:\/\/cofionline.org\/es\/parent-speaks-to-chalkbeat-about-sitting-out-cps-summer-school-due-to-safety-concerns\/","og_locale":"es_MX","og_type":"article","og_title":"Parent Speaks to Chalkbeat About Sitting Out CPS Summer School Due to Safety Concerns | COFI","og_description":"&#8220;Susana Salgado\u2019s sixth grader was one student the district had hoped to recruit. Instead, he sat out the summer program. The boy struggled with virtual learning last school year, falling behind academically amid technical issues and other hurdles. Last spring, Salgado found out he was flagged as a good candidate for summer school. With the&#8230; View Article","og_url":"https:\/\/cofionline.org\/es\/parent-speaks-to-chalkbeat-about-sitting-out-cps-summer-school-due-to-safety-concerns\/","og_site_name":"COFI","article_published_time":"2021-09-29T15:42:17+00:00","article_modified_time":"2022-11-03T15:49:48+00:00","og_image":[{"width":1200,"height":921,"url":"https:\/\/cofionline.org\/wp-content\/uploads\/2022\/11\/chalkbeat1-1200x921.png","type":"image\/png"}],"author":"COFI Admin","twitter_card":"summary_large_image","twitter_misc":{"Escrito por":"COFI Admin","Tiempo de lectura":"2 minutos"},"schema":{"@context":"https:\/\/schema.org","@graph":[{"@type":"Article","@id":"https:\/\/cofionline.org\/parent-speaks-to-chalkbeat-about-sitting-out-cps-summer-school-due-to-safety-concerns\/#article","isPartOf":{"@id":"https:\/\/cofionline.org\/parent-speaks-to-chalkbeat-about-sitting-out-cps-summer-school-due-to-safety-concerns\/"},"author":{"name":"COFI Admin","@id":"https:\/\/cofionline.org\/#\/schema\/person\/6e51f2bb4073bd8b0f13434ee335ee42"},"headline":"Parent Speaks to Chalkbeat About Sitting Out CPS Summer School Due to Safety Concerns","datePublished":"2021-09-29T15:42:17+00:00","dateModified":"2022-11-03T15:49:48+00:00","mainEntityOfPage":{"@id":"https:\/\/cofionline.org\/parent-speaks-to-chalkbeat-about-sitting-out-cps-summer-school-due-to-safety-concerns\/"},"wordCount":321,"publisher":{"@id":"https:\/\/cofionline.org\/#organization"},"image":{"@id":"https:\/\/cofionline.org\/parent-speaks-to-chalkbeat-about-sitting-out-cps-summer-school-due-to-safety-concerns\/#primaryimage"},"thumbnailUrl":"https:\/\/cofionline.org\/wp-content\/uploads\/2022\/11\/chalkbeat1.png","articleSection":["In the Media"],"inLanguage":"es"},{"@type":"WebPage","@id":"https:\/\/cofionline.org\/parent-speaks-to-chalkbeat-about-sitting-out-cps-summer-school-due-to-safety-concerns\/","url":"https:\/\/cofionline.org\/parent-speaks-to-chalkbeat-about-sitting-out-cps-summer-school-due-to-safety-concerns\/","name":"padre habla con Chalkbeat sobre quedarse fuera de la escuela de verano de CPS debido a preocupaciones de seguridad | COFI","isPartOf":{"@id":"https:\/\/cofionline.org\/#website"},"primaryImageOfPage":{"@id":"https:\/\/cofionline.org\/parent-speaks-to-chalkbeat-about-sitting-out-cps-summer-school-due-to-safety-concerns\/#primaryimage"},"image":{"@id":"https:\/\/cofionline.org\/parent-speaks-to-chalkbeat-about-sitting-out-cps-summer-school-due-to-safety-concerns\/#primaryimage"},"thumbnailUrl":"https:\/\/cofionline.org\/wp-content\/uploads\/2022\/11\/chalkbeat1.png","datePublished":"2021-09-29T15:42:17+00:00","dateModified":"2022-11-03T15:49:48+00:00","breadcrumb":{"@id":"https:\/\/cofionline.org\/parent-speaks-to-chalkbeat-about-sitting-out-cps-summer-school-due-to-safety-concerns\/#breadcrumb"},"inLanguage":"es","potentialAction":[{"@type":"ReadAction","target":["https:\/\/cofionline.org\/parent-speaks-to-chalkbeat-about-sitting-out-cps-summer-school-due-to-safety-concerns\/"]}]},{"@type":"ImageObject","inLanguage":"es","@id":"https:\/\/cofionline.org\/parent-speaks-to-chalkbeat-about-sitting-out-cps-summer-school-due-to-safety-concerns\/#primaryimage","url":"https:\/\/cofionline.org\/wp-content\/uploads\/2022\/11\/chalkbeat1.png","contentUrl":"https:\/\/cofionline.org\/wp-content\/uploads\/2022\/11\/chalkbeat1.png","width":1885,"height":1446},{"@type":"BreadcrumbList","@id":"https:\/\/cofionline.org\/parent-speaks-to-chalkbeat-about-sitting-out-cps-summer-school-due-to-safety-concerns\/#breadcrumb","itemListElement":[{"@type":"ListItem","position":1,"name":"Home","item":"https:\/\/cofionline.org\/"},{"@type":"ListItem","position":2,"name":"Parent Speaks to Chalkbeat About Sitting Out CPS Summer School Due to Safety Concerns"}]},{"@type":"WebSite","@id":"https:\/\/cofionline.org\/#website","url":"https:\/\/cofionline.org\/","name":"COFI | Organizaci\u00f3n comunitaria y asuntos familiares","description":"Organizaci\u00f3n comunitaria y asuntos familiares","publisher":{"@id":"https:\/\/cofionline.org\/#organization"},"potentialAction":[{"@type":"SearchAction","target":{"@type":"EntryPoint","urlTemplate":"https:\/\/cofionline.org\/?s={search_term_string}"},"query-input":{"@type":"PropertyValueSpecification","valueRequired":true,"valueName":"search_term_string"}}],"inLanguage":"es"},{"@type":"Organization","@id":"https:\/\/cofionline.org\/#organization","name":"COFI | Organizaci\u00f3n comunitaria y asuntos familiares","url":"https:\/\/cofionline.org\/","logo":{"@type":"ImageObject","inLanguage":"es","@id":"https:\/\/cofionline.org\/#\/schema\/logo\/image\/","url":"https:\/\/cofionline.org\/wp-content\/uploads\/2022\/12\/logo-cofi.png","contentUrl":"https:\/\/cofionline.org\/wp-content\/uploads\/2022\/12\/logo-cofi.png","width":518,"height":180,"caption":"COFI | Community Organizing and Family Issues"},"image":{"@id":"https:\/\/cofionline.org\/#\/schema\/logo\/image\/"}},{"@type":"Person","@id":"https:\/\/cofionline.org\/#\/schema\/person\/6e51f2bb4073bd8b0f13434ee335ee42","name":"Administrador de COFI","image":{"@type":"ImageObject","inLanguage":"es","@id":"https:\/\/secure.gravatar.com\/avatar\/0c7c0f3697878baa5446d2486e6191f02790816cefd45f5e5fdf334162fd47d4?s=96&d=mm&r=g","url":"https:\/\/secure.gravatar.com\/avatar\/0c7c0f3697878baa5446d2486e6191f02790816cefd45f5e5fdf334162fd47d4?s=96&d=mm&r=g","contentUrl":"https:\/\/secure.gravatar.com\/avatar\/0c7c0f3697878baa5446d2486e6191f02790816cefd45f5e5fdf334162fd47d4?s=96&d=mm&r=g","caption":"COFI Admin"}}]}},"_links":{"self":[{"href":"https:\/\/cofionline.org\/es\/wp-json\/wp\/v2\/posts\/1572","targetHints":{"allow":["GET"]}}],"collection":[{"href":"https:\/\/cofionline.org\/es\/wp-json\/wp\/v2\/posts"}],"about":[{"href":"https:\/\/cofionline.org\/es\/wp-json\/wp\/v2\/types\/post"}],"author":[{"embeddable":true,"href":"https:\/\/cofionline.org\/es\/wp-json\/wp\/v2\/users\/13"}],"replies":[{"embeddable":true,"href":"https:\/\/cofionline.org\/es\/wp-json\/wp\/v2\/comments?post=1572"}],"version-history":[{"count":0,"href":"https:\/\/cofionline.org\/es\/wp-json\/wp\/v2\/posts\/1572\/revisions"}],"wp:featuredmedia":[{"embeddable":true,"href":"https:\/\/cofionline.org\/es\/wp-json\/wp\/v2\/media\/774"}],"wp:attachment":[{"href":"https:\/\/cofionline.org\/es\/wp-json\/wp\/v2\/media?parent=1572"}],"wp:term":[{"taxonomy":"category","embeddable":true,"href":"https:\/\/cofionline.org\/es\/wp-json\/wp\/v2\/categories?post=1572"},{"taxonomy":"post_tag","embeddable":true,"href":"https:\/\/cofionline.org\/es\/wp-json\/wp\/v2\/tags?post=1572"}],"curies":[{"name":"wp","href":"https:\/\/api.w.org\/{rel}","templated":true}]}}