{"id":1557,"date":"2022-02-14T11:54:15","date_gmt":"2022-02-14T17:54:15","guid":{"rendered":"https:\/\/devcofi.wpenginepowered.com\/stepping-out-of-poverty-campaign-leader-spoke-on-radio-in-support-of-child-tax-credit\/"},"modified":"2022-11-03T10:49:44","modified_gmt":"2022-11-03T15:49:44","slug":"stepping-out-of-poverty-campaign-leader-spoke-on-radio-in-support-of-child-tax-credit","status":"publish","type":"post","link":"https:\/\/cofionline.org\/es\/stepping-out-of-poverty-campaign-leader-spoke-on-radio-in-support-of-child-tax-credit\/","title":{"rendered":"El l\u00edder de la campa\u00f1a Salir de la pobreza habla en la radio en apoyo del cr\u00e9dito fiscal por hijos"},"content":{"rendered":"<p>\u201cEs posible que est\u00e9 en el proceso de presentar sus impuestos ahora, y si es padre, uno de los cambios en su declaraci\u00f3n de este a\u00f1o se relaciona con el Cr\u00e9dito Tributario por Hijos. En 2021, ese cr\u00e9dito se ampli\u00f3. Las familias recibieron pagos directos en efectivo mensualmente, $300 por ni\u00f1o menor de seis a\u00f1os y $250 por ni\u00f1o menor de 17 durante aproximadamente seis meses, pero esos pagos se detuvieron en enero porque el Congreso permiti\u00f3 que expirara el cr\u00e9dito fiscal ampliado por hijo. Si bien los padres a\u00fan pueden obtener el resto de ese cr\u00e9dito cuando presentan sus impuestos, muchas familias de ingresos medios y bajos sienten una presi\u00f3n financiera sin el flujo de efectivo adicional que llega mensualmente.<\/p>\n<p>Investigadores y defensores de la educaci\u00f3n en la primera infancia en Illinois se unieron a The 21st para hablar sobre lo que significaba el cr\u00e9dito para las familias.<\/p>\n<p><strong>HU\u00c9SPEDES: <\/strong><\/p>\n<p><strong>Cassie Davis <\/strong><\/p>\n<p>Gerente de Datos e Investigaci\u00f3n | Voces para los ni\u00f1os de Illinois, Informe de recuento de ni\u00f1os de Illinois<\/p>\n<p><strong>Ireta Gasner<\/strong><\/p>\n<p>Vicepresidente, Pol\u00edtica de Illinois, Comience temprano<\/p>\n<p><strong>dylan bellisle<\/strong><\/p>\n<p>Proyecto de Renovaci\u00f3n de la Clase Media, Universidad de Illinois Urbana-Champaign<\/p>\n<p><strong>Lettie Hicks<\/strong><\/p>\n<p>Padre l\u00edder y activista con Organizaci\u00f3n Comunitaria y Asuntos Familiares\/POWER-PAC IL | Miembro, Campa\u00f1a Saliendo de la Pobreza\u201d<\/p>\n<p>Escucha la historia <a href=\"https:\/\/will.illinois.edu\/21stshow\/story\/what-the-child-tax-credit-meant-for-illinois-families\">aqu\u00ed<\/a>.<\/p>","protected":false},"excerpt":{"rendered":"<p>\u201cEs posible que est\u00e9 en el proceso de presentar sus impuestos ahora y, si es padre, uno de los cambios en su declaraci\u00f3n de este a\u00f1o se relaciona con el Cr\u00e9dito Tributario por Hijos. En 2021, ese cr\u00e9dito se ampli\u00f3. Las familias recib\u00edan pagos directos en efectivo mensualmente, $300 por ni\u00f1o menor de seis a\u00f1os y $250 por... <a class=\"view-article\" href=\"https:\/\/cofionline.org\/es\/COFI\/stepping-out-of-poverty-campaign-leader-spoke-on-radio-in-support-of-child-tax-credit\/\">Ver art\u00edculo<\/a><\/p>","protected":false},"author":13,"featured_media":663,"comment_status":"closed","ping_status":"closed","sticky":false,"template":"","format":"standard","meta":{"_acf_changed":false,"_et_pb_use_builder":"","_et_pb_old_content":"","_et_gb_content_width":"","footnotes":""},"categories":[22,19],"tags":[],"class_list":["post-1557","post","type-post","status-publish","format-standard","has-post-thumbnail","hentry","category-in-the-media","category-stepping-out-of-poverty"],"acf":[],"yoast_head":"<!-- This site is optimized with the Yoast SEO plugin v27.5 - https:\/\/yoast.com\/product\/yoast-seo-wordpress\/ -->\n<title>Stepping Out of Poverty Campaign Leader Speaks on Radio in Support of Child Tax Credit | COFI<\/title>\n<meta name=\"robots\" content=\"index, follow, max-snippet:-1, max-image-preview:large, max-video-preview:-1\" \/>\n<link rel=\"canonical\" href=\"https:\/\/cofionline.org\/es\/stepping-out-of-poverty-campaign-leader-spoke-on-radio-in-support-of-child-tax-credit\/\" \/>\n<meta property=\"og:locale\" content=\"es_MX\" \/>\n<meta property=\"og:type\" content=\"article\" \/>\n<meta property=\"og:title\" content=\"Stepping Out of Poverty Campaign Leader Speaks on Radio in Support of Child Tax Credit | COFI\" \/>\n<meta property=\"og:description\" content=\"&#8220;You may be in the process of filing your taxes now, and if you\u2019re a parent, one of the changes to your return this year relates to the Child Tax Credit. In 2021, that credit was expanded. Families were receiving direct cash payments monthly, $300 per child under the age of six and $250 per&#8230; View Article\" \/>\n<meta property=\"og:url\" content=\"https:\/\/cofionline.org\/es\/stepping-out-of-poverty-campaign-leader-spoke-on-radio-in-support-of-child-tax-credit\/\" \/>\n<meta property=\"og:site_name\" content=\"COFI\" \/>\n<meta property=\"article:published_time\" content=\"2022-02-14T17:54:15+00:00\" \/>\n<meta property=\"article:modified_time\" content=\"2022-11-03T15:49:44+00:00\" \/>\n<meta property=\"og:image\" content=\"https:\/\/cofionline.org\/wp-content\/uploads\/2022\/11\/AP22024710769592.jpg\" \/>\n\t<meta property=\"og:image:width\" content=\"1024\" \/>\n\t<meta property=\"og:image:height\" content=\"576\" \/>\n\t<meta property=\"og:image:type\" content=\"image\/jpeg\" \/>\n<meta name=\"author\" content=\"COFI Admin\" \/>\n<meta name=\"twitter:card\" content=\"summary_large_image\" \/>\n<meta name=\"twitter:label1\" content=\"Escrito por\" \/>\n\t<meta name=\"twitter:data1\" content=\"COFI Admin\" \/>\n\t<meta name=\"twitter:label2\" content=\"Tiempo de lectura\" \/>\n\t<meta name=\"twitter:data2\" content=\"1 minuto\" \/>\n<script type=\"application\/ld+json\" class=\"yoast-schema-graph\">{\"@context\":\"https:\\\/\\\/schema.org\",\"@graph\":[{\"@type\":\"Article\",\"@id\":\"https:\\\/\\\/cofionline.org\\\/stepping-out-of-poverty-campaign-leader-spoke-on-radio-in-support-of-child-tax-credit\\\/#article\",\"isPartOf\":{\"@id\":\"https:\\\/\\\/cofionline.org\\\/stepping-out-of-poverty-campaign-leader-spoke-on-radio-in-support-of-child-tax-credit\\\/\"},\"author\":{\"name\":\"COFI Admin\",\"@id\":\"https:\\\/\\\/cofionline.org\\\/#\\\/schema\\\/person\\\/6e51f2bb4073bd8b0f13434ee335ee42\"},\"headline\":\"Stepping Out of Poverty Campaign Leader Speaks on Radio in Support of Child Tax Credit\",\"datePublished\":\"2022-02-14T17:54:15+00:00\",\"dateModified\":\"2022-11-03T15:49:44+00:00\",\"mainEntityOfPage\":{\"@id\":\"https:\\\/\\\/cofionline.org\\\/stepping-out-of-poverty-campaign-leader-spoke-on-radio-in-support-of-child-tax-credit\\\/\"},\"wordCount\":203,\"publisher\":{\"@id\":\"https:\\\/\\\/cofionline.org\\\/#organization\"},\"image\":{\"@id\":\"https:\\\/\\\/cofionline.org\\\/stepping-out-of-poverty-campaign-leader-spoke-on-radio-in-support-of-child-tax-credit\\\/#primaryimage\"},\"thumbnailUrl\":\"https:\\\/\\\/cofionline.org\\\/wp-content\\\/uploads\\\/2022\\\/11\\\/AP22024710769592.jpg\",\"articleSection\":[\"In the Media\",\"Stepping Out of Poverty\"],\"inLanguage\":\"es\"},{\"@type\":\"WebPage\",\"@id\":\"https:\\\/\\\/cofionline.org\\\/stepping-out-of-poverty-campaign-leader-spoke-on-radio-in-support-of-child-tax-credit\\\/\",\"url\":\"https:\\\/\\\/cofionline.org\\\/stepping-out-of-poverty-campaign-leader-spoke-on-radio-in-support-of-child-tax-credit\\\/\",\"name\":\"Stepping Out of Poverty Campaign Leader Speaks on Radio in Support of Child Tax Credit | COFI\",\"isPartOf\":{\"@id\":\"https:\\\/\\\/cofionline.org\\\/#website\"},\"primaryImageOfPage\":{\"@id\":\"https:\\\/\\\/cofionline.org\\\/stepping-out-of-poverty-campaign-leader-spoke-on-radio-in-support-of-child-tax-credit\\\/#primaryimage\"},\"image\":{\"@id\":\"https:\\\/\\\/cofionline.org\\\/stepping-out-of-poverty-campaign-leader-spoke-on-radio-in-support-of-child-tax-credit\\\/#primaryimage\"},\"thumbnailUrl\":\"https:\\\/\\\/cofionline.org\\\/wp-content\\\/uploads\\\/2022\\\/11\\\/AP22024710769592.jpg\",\"datePublished\":\"2022-02-14T17:54:15+00:00\",\"dateModified\":\"2022-11-03T15:49:44+00:00\",\"breadcrumb\":{\"@id\":\"https:\\\/\\\/cofionline.org\\\/stepping-out-of-poverty-campaign-leader-spoke-on-radio-in-support-of-child-tax-credit\\\/#breadcrumb\"},\"inLanguage\":\"es\",\"potentialAction\":[{\"@type\":\"ReadAction\",\"target\":[\"https:\\\/\\\/cofionline.org\\\/stepping-out-of-poverty-campaign-leader-spoke-on-radio-in-support-of-child-tax-credit\\\/\"]}]},{\"@type\":\"ImageObject\",\"inLanguage\":\"es\",\"@id\":\"https:\\\/\\\/cofionline.org\\\/stepping-out-of-poverty-campaign-leader-spoke-on-radio-in-support-of-child-tax-credit\\\/#primaryimage\",\"url\":\"https:\\\/\\\/cofionline.org\\\/wp-content\\\/uploads\\\/2022\\\/11\\\/AP22024710769592.jpg\",\"contentUrl\":\"https:\\\/\\\/cofionline.org\\\/wp-content\\\/uploads\\\/2022\\\/11\\\/AP22024710769592.jpg\",\"width\":1024,\"height\":576,\"caption\":\"A screenshot of the government's Child Tax Credit website encouraging parents and caretakers to claim the credit\"},{\"@type\":\"BreadcrumbList\",\"@id\":\"https:\\\/\\\/cofionline.org\\\/stepping-out-of-poverty-campaign-leader-spoke-on-radio-in-support-of-child-tax-credit\\\/#breadcrumb\",\"itemListElement\":[{\"@type\":\"ListItem\",\"position\":1,\"name\":\"Home\",\"item\":\"https:\\\/\\\/cofionline.org\\\/\"},{\"@type\":\"ListItem\",\"position\":2,\"name\":\"Stepping Out of Poverty Campaign Leader Speaks on Radio in Support of Child Tax Credit\"}]},{\"@type\":\"WebSite\",\"@id\":\"https:\\\/\\\/cofionline.org\\\/#website\",\"url\":\"https:\\\/\\\/cofionline.org\\\/\",\"name\":\"COFI | Community Organizing and Family Issues\",\"description\":\"Community Organizing and Family Issues\",\"publisher\":{\"@id\":\"https:\\\/\\\/cofionline.org\\\/#organization\"},\"potentialAction\":[{\"@type\":\"SearchAction\",\"target\":{\"@type\":\"EntryPoint\",\"urlTemplate\":\"https:\\\/\\\/cofionline.org\\\/?s={search_term_string}\"},\"query-input\":{\"@type\":\"PropertyValueSpecification\",\"valueRequired\":true,\"valueName\":\"search_term_string\"}}],\"inLanguage\":\"es\"},{\"@type\":\"Organization\",\"@id\":\"https:\\\/\\\/cofionline.org\\\/#organization\",\"name\":\"COFI | Community Organizing and Family Issues\",\"url\":\"https:\\\/\\\/cofionline.org\\\/\",\"logo\":{\"@type\":\"ImageObject\",\"inLanguage\":\"es\",\"@id\":\"https:\\\/\\\/cofionline.org\\\/#\\\/schema\\\/logo\\\/image\\\/\",\"url\":\"https:\\\/\\\/cofionline.org\\\/wp-content\\\/uploads\\\/2022\\\/12\\\/logo-cofi.png\",\"contentUrl\":\"https:\\\/\\\/cofionline.org\\\/wp-content\\\/uploads\\\/2022\\\/12\\\/logo-cofi.png\",\"width\":518,\"height\":180,\"caption\":\"COFI | Community Organizing and Family Issues\"},\"image\":{\"@id\":\"https:\\\/\\\/cofionline.org\\\/#\\\/schema\\\/logo\\\/image\\\/\"}},{\"@type\":\"Person\",\"@id\":\"https:\\\/\\\/cofionline.org\\\/#\\\/schema\\\/person\\\/6e51f2bb4073bd8b0f13434ee335ee42\",\"name\":\"COFI Admin\",\"image\":{\"@type\":\"ImageObject\",\"inLanguage\":\"es\",\"@id\":\"https:\\\/\\\/secure.gravatar.com\\\/avatar\\\/0c7c0f3697878baa5446d2486e6191f02790816cefd45f5e5fdf334162fd47d4?s=96&d=mm&r=g\",\"url\":\"https:\\\/\\\/secure.gravatar.com\\\/avatar\\\/0c7c0f3697878baa5446d2486e6191f02790816cefd45f5e5fdf334162fd47d4?s=96&d=mm&r=g\",\"contentUrl\":\"https:\\\/\\\/secure.gravatar.com\\\/avatar\\\/0c7c0f3697878baa5446d2486e6191f02790816cefd45f5e5fdf334162fd47d4?s=96&d=mm&r=g\",\"caption\":\"COFI Admin\"}}]}<\/script>\n<!-- \/ Yoast SEO plugin. -->","yoast_head_json":{"title":"l\u00edder de la campa\u00f1a Saliendo de la Pobreza habla en la radio en apoyo del cr\u00e9dito fiscal por hijos | COFI","robots":{"index":"index","follow":"follow","max-snippet":"max-snippet:-1","max-image-preview":"max-image-preview:large","max-video-preview":"max-video-preview:-1"},"canonical":"https:\/\/cofionline.org\/es\/stepping-out-of-poverty-campaign-leader-spoke-on-radio-in-support-of-child-tax-credit\/","og_locale":"es_MX","og_type":"article","og_title":"Stepping Out of Poverty Campaign Leader Speaks on Radio in Support of Child Tax Credit | COFI","og_description":"&#8220;You may be in the process of filing your taxes now, and if you\u2019re a parent, one of the changes to your return this year relates to the Child Tax Credit. In 2021, that credit was expanded. Families were receiving direct cash payments monthly, $300 per child under the age of six and $250 per&#8230; View Article","og_url":"https:\/\/cofionline.org\/es\/stepping-out-of-poverty-campaign-leader-spoke-on-radio-in-support-of-child-tax-credit\/","og_site_name":"COFI","article_published_time":"2022-02-14T17:54:15+00:00","article_modified_time":"2022-11-03T15:49:44+00:00","og_image":[{"width":1024,"height":576,"url":"https:\/\/cofionline.org\/wp-content\/uploads\/2022\/11\/AP22024710769592.jpg","type":"image\/jpeg"}],"author":"COFI Admin","twitter_card":"summary_large_image","twitter_misc":{"Escrito por":"COFI Admin","Tiempo de lectura":"1 minuto"},"schema":{"@context":"https:\/\/schema.org","@graph":[{"@type":"Article","@id":"https:\/\/cofionline.org\/stepping-out-of-poverty-campaign-leader-spoke-on-radio-in-support-of-child-tax-credit\/#article","isPartOf":{"@id":"https:\/\/cofionline.org\/stepping-out-of-poverty-campaign-leader-spoke-on-radio-in-support-of-child-tax-credit\/"},"author":{"name":"COFI Admin","@id":"https:\/\/cofionline.org\/#\/schema\/person\/6e51f2bb4073bd8b0f13434ee335ee42"},"headline":"Stepping Out of Poverty Campaign Leader Speaks on Radio in Support of Child Tax Credit","datePublished":"2022-02-14T17:54:15+00:00","dateModified":"2022-11-03T15:49:44+00:00","mainEntityOfPage":{"@id":"https:\/\/cofionline.org\/stepping-out-of-poverty-campaign-leader-spoke-on-radio-in-support-of-child-tax-credit\/"},"wordCount":203,"publisher":{"@id":"https:\/\/cofionline.org\/#organization"},"image":{"@id":"https:\/\/cofionline.org\/stepping-out-of-poverty-campaign-leader-spoke-on-radio-in-support-of-child-tax-credit\/#primaryimage"},"thumbnailUrl":"https:\/\/cofionline.org\/wp-content\/uploads\/2022\/11\/AP22024710769592.jpg","articleSection":["In the Media","Stepping Out of Poverty"],"inLanguage":"es"},{"@type":"WebPage","@id":"https:\/\/cofionline.org\/stepping-out-of-poverty-campaign-leader-spoke-on-radio-in-support-of-child-tax-credit\/","url":"https:\/\/cofionline.org\/stepping-out-of-poverty-campaign-leader-spoke-on-radio-in-support-of-child-tax-credit\/","name":"l\u00edder de la campa\u00f1a Saliendo de la Pobreza habla en la radio en apoyo del cr\u00e9dito fiscal por hijos | COFI","isPartOf":{"@id":"https:\/\/cofionline.org\/#website"},"primaryImageOfPage":{"@id":"https:\/\/cofionline.org\/stepping-out-of-poverty-campaign-leader-spoke-on-radio-in-support-of-child-tax-credit\/#primaryimage"},"image":{"@id":"https:\/\/cofionline.org\/stepping-out-of-poverty-campaign-leader-spoke-on-radio-in-support-of-child-tax-credit\/#primaryimage"},"thumbnailUrl":"https:\/\/cofionline.org\/wp-content\/uploads\/2022\/11\/AP22024710769592.jpg","datePublished":"2022-02-14T17:54:15+00:00","dateModified":"2022-11-03T15:49:44+00:00","breadcrumb":{"@id":"https:\/\/cofionline.org\/stepping-out-of-poverty-campaign-leader-spoke-on-radio-in-support-of-child-tax-credit\/#breadcrumb"},"inLanguage":"es","potentialAction":[{"@type":"ReadAction","target":["https:\/\/cofionline.org\/stepping-out-of-poverty-campaign-leader-spoke-on-radio-in-support-of-child-tax-credit\/"]}]},{"@type":"ImageObject","inLanguage":"es","@id":"https:\/\/cofionline.org\/stepping-out-of-poverty-campaign-leader-spoke-on-radio-in-support-of-child-tax-credit\/#primaryimage","url":"https:\/\/cofionline.org\/wp-content\/uploads\/2022\/11\/AP22024710769592.jpg","contentUrl":"https:\/\/cofionline.org\/wp-content\/uploads\/2022\/11\/AP22024710769592.jpg","width":1024,"height":576,"caption":"A screenshot of the government's Child Tax Credit website encouraging parents and caretakers to claim the credit"},{"@type":"BreadcrumbList","@id":"https:\/\/cofionline.org\/stepping-out-of-poverty-campaign-leader-spoke-on-radio-in-support-of-child-tax-credit\/#breadcrumb","itemListElement":[{"@type":"ListItem","position":1,"name":"Home","item":"https:\/\/cofionline.org\/"},{"@type":"ListItem","position":2,"name":"Stepping Out of Poverty Campaign Leader Speaks on Radio in Support of Child Tax Credit"}]},{"@type":"WebSite","@id":"https:\/\/cofionline.org\/#website","url":"https:\/\/cofionline.org\/","name":"COFI | Organizaci\u00f3n comunitaria y asuntos familiares","description":"Organizaci\u00f3n comunitaria y asuntos familiares","publisher":{"@id":"https:\/\/cofionline.org\/#organization"},"potentialAction":[{"@type":"SearchAction","target":{"@type":"EntryPoint","urlTemplate":"https:\/\/cofionline.org\/?s={search_term_string}"},"query-input":{"@type":"PropertyValueSpecification","valueRequired":true,"valueName":"search_term_string"}}],"inLanguage":"es"},{"@type":"Organization","@id":"https:\/\/cofionline.org\/#organization","name":"COFI | Organizaci\u00f3n comunitaria y asuntos familiares","url":"https:\/\/cofionline.org\/","logo":{"@type":"ImageObject","inLanguage":"es","@id":"https:\/\/cofionline.org\/#\/schema\/logo\/image\/","url":"https:\/\/cofionline.org\/wp-content\/uploads\/2022\/12\/logo-cofi.png","contentUrl":"https:\/\/cofionline.org\/wp-content\/uploads\/2022\/12\/logo-cofi.png","width":518,"height":180,"caption":"COFI | Community Organizing and Family Issues"},"image":{"@id":"https:\/\/cofionline.org\/#\/schema\/logo\/image\/"}},{"@type":"Person","@id":"https:\/\/cofionline.org\/#\/schema\/person\/6e51f2bb4073bd8b0f13434ee335ee42","name":"Administrador de COFI","image":{"@type":"ImageObject","inLanguage":"es","@id":"https:\/\/secure.gravatar.com\/avatar\/0c7c0f3697878baa5446d2486e6191f02790816cefd45f5e5fdf334162fd47d4?s=96&d=mm&r=g","url":"https:\/\/secure.gravatar.com\/avatar\/0c7c0f3697878baa5446d2486e6191f02790816cefd45f5e5fdf334162fd47d4?s=96&d=mm&r=g","contentUrl":"https:\/\/secure.gravatar.com\/avatar\/0c7c0f3697878baa5446d2486e6191f02790816cefd45f5e5fdf334162fd47d4?s=96&d=mm&r=g","caption":"COFI Admin"}}]}},"_links":{"self":[{"href":"https:\/\/cofionline.org\/es\/wp-json\/wp\/v2\/posts\/1557","targetHints":{"allow":["GET"]}}],"collection":[{"href":"https:\/\/cofionline.org\/es\/wp-json\/wp\/v2\/posts"}],"about":[{"href":"https:\/\/cofionline.org\/es\/wp-json\/wp\/v2\/types\/post"}],"author":[{"embeddable":true,"href":"https:\/\/cofionline.org\/es\/wp-json\/wp\/v2\/users\/13"}],"replies":[{"embeddable":true,"href":"https:\/\/cofionline.org\/es\/wp-json\/wp\/v2\/comments?post=1557"}],"version-history":[{"count":0,"href":"https:\/\/cofionline.org\/es\/wp-json\/wp\/v2\/posts\/1557\/revisions"}],"wp:featuredmedia":[{"embeddable":true,"href":"https:\/\/cofionline.org\/es\/wp-json\/wp\/v2\/media\/663"}],"wp:attachment":[{"href":"https:\/\/cofionline.org\/es\/wp-json\/wp\/v2\/media?parent=1557"}],"wp:term":[{"taxonomy":"category","embeddable":true,"href":"https:\/\/cofionline.org\/es\/wp-json\/wp\/v2\/categories?post=1557"},{"taxonomy":"post_tag","embeddable":true,"href":"https:\/\/cofionline.org\/es\/wp-json\/wp\/v2\/tags?post=1557"}],"curies":[{"name":"wp","href":"https:\/\/api.w.org\/{rel}","templated":true}]}}