{"id":1548,"date":"2022-04-26T15:11:30","date_gmt":"2022-04-26T20:11:30","guid":{"rendered":"https:\/\/devcofi.wpenginepowered.com\/power-pac-il-co-president-emeritus-speaks-about-funding-of-child-savings-accounts-in-northwestern-newspaper\/"},"modified":"2022-11-03T10:49:42","modified_gmt":"2022-11-03T15:49:42","slug":"power-pac-il-co-president-emeritus-speaks-about-funding-of-child-savings-accounts-in-northwestern-newspaper","status":"publish","type":"post","link":"https:\/\/cofionline.org\/es\/power-pac-il-co-president-emeritus-speaks-about-funding-of-child-savings-accounts-in-northwestern-newspaper\/","title":{"rendered":"El copresidente em\u00e9rito de POWER-PAC IL habla sobre la financiaci\u00f3n de las cuentas de ahorro para ni\u00f1os en el peri\u00f3dico Northwestern"},"content":{"rendered":"<p>\u201cRosazlia Grillier, copresidenta em\u00e9rita del centro de recursos y defensa familiar Community Organizing and Family Issues y madre, dijo que durante el trabajo de defensa de su organizaci\u00f3n para los fondos de ahorro para ni\u00f1os, el grupo se dio cuenta de que hab\u00eda muchas barreras para abrir cuentas de ahorro para la universidad.<\/p>\n<p>Los &#039;529 siempre han existido, pero no eran accesibles para las comunidades de color o las personas en comunidades con problemas financieros, y no sab\u00edamos c\u00f3mo navegar por ellos o incluso qu\u00e9 eran&quot;, dijo Grillier. &quot;As\u00ed que empezamos a tratar de hacerlo accesible a la gente&quot;.<\/p>\n<p>La legislaci\u00f3n que respalda este programa incluye una secci\u00f3n que permitir\u00e1 a la Oficina del Tesorero rastrear qui\u00e9n se aprovecha del programa para ver qu\u00e9 barreras de equidad a\u00fan pueden existir, seg\u00fan Grillier.<\/p>\n<p>Despu\u00e9s de a\u00f1os de trabajo de defensa, Grillier dijo que fue agridulce ver que se aprobara la legislaci\u00f3n porque de los $8 millones solicitados originalmente, el grupo recibi\u00f3 $2.5 millones. Pero dijo que este es un paso importante para garantizar que todos puedan ahorrar para la universidad.<\/p>\n<p>&#039;Esta es realmente una declaraci\u00f3n que empodera a nuestros hijos&#039;, dijo Grillier, &#039;$50 no pagar\u00e1 una educaci\u00f3n universitaria, pero puede decirle: &#039;Creo en ti, d\u00e9jame ayudarte a comenzar&#039;&quot;.<\/p>\n<p>Lea la historia completa <a href=\"https:\/\/dailynorthwestern.com\/2022\/04\/26\/city\/illinois-funds-child-savings-accounts-makes-college-saving-more-accessible\/\">aqu\u00ed<\/a>.<\/p>","protected":false},"excerpt":{"rendered":"<p>\u201cRosazlia Grillier, copresidenta em\u00e9rita del centro de recursos y defensa familiar Community Organizing and Family Issues y madre, dijo que durante el trabajo de defensa de los fondos de ahorro para ni\u00f1os de su organizaci\u00f3n, el grupo se dio cuenta de que hab\u00eda muchas barreras para iniciar cuentas de ahorro para la universidad. Los &#039;529 siempre han existido, pero no eran accesibles para comunidades de color o personas... <a class=\"view-article\" href=\"https:\/\/cofionline.org\/es\/COFI\/power-pac-il-co-president-emeritus-speaks-about-funding-of-child-savings-accounts-in-northwestern-newspaper\/\">Ver art\u00edculo<\/a><\/p>","protected":false},"author":13,"featured_media":638,"comment_status":"closed","ping_status":"closed","sticky":false,"template":"","format":"standard","meta":{"_acf_changed":false,"_et_pb_use_builder":"","_et_pb_old_content":"","_et_gb_content_width":"","footnotes":""},"categories":[22],"tags":[],"class_list":["post-1548","post","type-post","status-publish","format-standard","has-post-thumbnail","hentry","category-in-the-media"],"acf":[],"yoast_head":"<!-- This site is optimized with the Yoast SEO plugin v27.5 - https:\/\/yoast.com\/product\/yoast-seo-wordpress\/ -->\n<title>POWER-PAC IL Co-President Emeritus Speaks About Funding of Child Savings Accounts in Northwestern Newspaper | COFI<\/title>\n<meta name=\"robots\" content=\"index, follow, max-snippet:-1, max-image-preview:large, max-video-preview:-1\" \/>\n<link rel=\"canonical\" href=\"https:\/\/cofionline.org\/es\/power-pac-il-co-president-emeritus-speaks-about-funding-of-child-savings-accounts-in-northwestern-newspaper\/\" \/>\n<meta property=\"og:locale\" content=\"es_MX\" \/>\n<meta property=\"og:type\" content=\"article\" \/>\n<meta property=\"og:title\" content=\"POWER-PAC IL Co-President Emeritus Speaks About Funding of Child Savings Accounts in Northwestern Newspaper | COFI\" \/>\n<meta property=\"og:description\" content=\"&#8220;Rosazlia Grillier, co-president emeritus of family advocacy and resource center Community Organizing and Family Issues and a parent herself, said during her organization\u2019s advocacy work for children\u2019s savings funds, the group realized there were many barriers to starting college savings accounts. &#8216;529s have always existed, but they weren\u2019t accessible to communities of color or people&#8230; View Article\" \/>\n<meta property=\"og:url\" content=\"https:\/\/cofionline.org\/es\/power-pac-il-co-president-emeritus-speaks-about-funding-of-child-savings-accounts-in-northwestern-newspaper\/\" \/>\n<meta property=\"og:site_name\" content=\"COFI\" \/>\n<meta property=\"article:published_time\" content=\"2022-04-26T20:11:30+00:00\" \/>\n<meta property=\"article:modified_time\" content=\"2022-11-03T15:49:42+00:00\" \/>\n<meta property=\"og:image\" content=\"https:\/\/cofionline.org\/wp-content\/uploads\/2022\/11\/Capture3-1200x795.png\" \/>\n\t<meta property=\"og:image:width\" content=\"1200\" \/>\n\t<meta property=\"og:image:height\" content=\"795\" \/>\n\t<meta property=\"og:image:type\" content=\"image\/png\" \/>\n<meta name=\"author\" content=\"COFI Admin\" \/>\n<meta name=\"twitter:card\" content=\"summary_large_image\" \/>\n<meta name=\"twitter:label1\" content=\"Escrito por\" \/>\n\t<meta name=\"twitter:data1\" content=\"COFI Admin\" \/>\n\t<meta name=\"twitter:label2\" content=\"Tiempo de lectura\" \/>\n\t<meta name=\"twitter:data2\" content=\"1 minuto\" \/>\n<script type=\"application\/ld+json\" class=\"yoast-schema-graph\">{\"@context\":\"https:\\\/\\\/schema.org\",\"@graph\":[{\"@type\":\"Article\",\"@id\":\"https:\\\/\\\/cofionline.org\\\/power-pac-il-co-president-emeritus-speaks-about-funding-of-child-savings-accounts-in-northwestern-newspaper\\\/#article\",\"isPartOf\":{\"@id\":\"https:\\\/\\\/cofionline.org\\\/power-pac-il-co-president-emeritus-speaks-about-funding-of-child-savings-accounts-in-northwestern-newspaper\\\/\"},\"author\":{\"name\":\"COFI Admin\",\"@id\":\"https:\\\/\\\/cofionline.org\\\/#\\\/schema\\\/person\\\/6e51f2bb4073bd8b0f13434ee335ee42\"},\"headline\":\"POWER-PAC IL Co-President Emeritus Speaks About Funding of Child Savings Accounts in Northwestern Newspaper\",\"datePublished\":\"2022-04-26T20:11:30+00:00\",\"dateModified\":\"2022-11-03T15:49:42+00:00\",\"mainEntityOfPage\":{\"@id\":\"https:\\\/\\\/cofionline.org\\\/power-pac-il-co-president-emeritus-speaks-about-funding-of-child-savings-accounts-in-northwestern-newspaper\\\/\"},\"wordCount\":226,\"publisher\":{\"@id\":\"https:\\\/\\\/cofionline.org\\\/#organization\"},\"image\":{\"@id\":\"https:\\\/\\\/cofionline.org\\\/power-pac-il-co-president-emeritus-speaks-about-funding-of-child-savings-accounts-in-northwestern-newspaper\\\/#primaryimage\"},\"thumbnailUrl\":\"https:\\\/\\\/cofionline.org\\\/wp-content\\\/uploads\\\/2022\\\/11\\\/Capture3.png\",\"articleSection\":[\"In the Media\"],\"inLanguage\":\"es\"},{\"@type\":\"WebPage\",\"@id\":\"https:\\\/\\\/cofionline.org\\\/power-pac-il-co-president-emeritus-speaks-about-funding-of-child-savings-accounts-in-northwestern-newspaper\\\/\",\"url\":\"https:\\\/\\\/cofionline.org\\\/power-pac-il-co-president-emeritus-speaks-about-funding-of-child-savings-accounts-in-northwestern-newspaper\\\/\",\"name\":\"POWER-PAC IL Co-President Emeritus Speaks About Funding of Child Savings Accounts in Northwestern Newspaper | COFI\",\"isPartOf\":{\"@id\":\"https:\\\/\\\/cofionline.org\\\/#website\"},\"primaryImageOfPage\":{\"@id\":\"https:\\\/\\\/cofionline.org\\\/power-pac-il-co-president-emeritus-speaks-about-funding-of-child-savings-accounts-in-northwestern-newspaper\\\/#primaryimage\"},\"image\":{\"@id\":\"https:\\\/\\\/cofionline.org\\\/power-pac-il-co-president-emeritus-speaks-about-funding-of-child-savings-accounts-in-northwestern-newspaper\\\/#primaryimage\"},\"thumbnailUrl\":\"https:\\\/\\\/cofionline.org\\\/wp-content\\\/uploads\\\/2022\\\/11\\\/Capture3.png\",\"datePublished\":\"2022-04-26T20:11:30+00:00\",\"dateModified\":\"2022-11-03T15:49:42+00:00\",\"breadcrumb\":{\"@id\":\"https:\\\/\\\/cofionline.org\\\/power-pac-il-co-president-emeritus-speaks-about-funding-of-child-savings-accounts-in-northwestern-newspaper\\\/#breadcrumb\"},\"inLanguage\":\"es\",\"potentialAction\":[{\"@type\":\"ReadAction\",\"target\":[\"https:\\\/\\\/cofionline.org\\\/power-pac-il-co-president-emeritus-speaks-about-funding-of-child-savings-accounts-in-northwestern-newspaper\\\/\"]}]},{\"@type\":\"ImageObject\",\"inLanguage\":\"es\",\"@id\":\"https:\\\/\\\/cofionline.org\\\/power-pac-il-co-president-emeritus-speaks-about-funding-of-child-savings-accounts-in-northwestern-newspaper\\\/#primaryimage\",\"url\":\"https:\\\/\\\/cofionline.org\\\/wp-content\\\/uploads\\\/2022\\\/11\\\/Capture3.png\",\"contentUrl\":\"https:\\\/\\\/cofionline.org\\\/wp-content\\\/uploads\\\/2022\\\/11\\\/Capture3.png\",\"width\":2140,\"height\":1418,\"caption\":\"A graphic of the outline of Illinois surrounded by pencils, money, hands, and graduation caps symbolizing a new college savings account in Illinois\"},{\"@type\":\"BreadcrumbList\",\"@id\":\"https:\\\/\\\/cofionline.org\\\/power-pac-il-co-president-emeritus-speaks-about-funding-of-child-savings-accounts-in-northwestern-newspaper\\\/#breadcrumb\",\"itemListElement\":[{\"@type\":\"ListItem\",\"position\":1,\"name\":\"Home\",\"item\":\"https:\\\/\\\/cofionline.org\\\/\"},{\"@type\":\"ListItem\",\"position\":2,\"name\":\"POWER-PAC IL Co-President Emeritus Speaks About Funding of Child Savings Accounts in Northwestern Newspaper\"}]},{\"@type\":\"WebSite\",\"@id\":\"https:\\\/\\\/cofionline.org\\\/#website\",\"url\":\"https:\\\/\\\/cofionline.org\\\/\",\"name\":\"COFI | Community Organizing and Family Issues\",\"description\":\"Community Organizing and Family Issues\",\"publisher\":{\"@id\":\"https:\\\/\\\/cofionline.org\\\/#organization\"},\"potentialAction\":[{\"@type\":\"SearchAction\",\"target\":{\"@type\":\"EntryPoint\",\"urlTemplate\":\"https:\\\/\\\/cofionline.org\\\/?s={search_term_string}\"},\"query-input\":{\"@type\":\"PropertyValueSpecification\",\"valueRequired\":true,\"valueName\":\"search_term_string\"}}],\"inLanguage\":\"es\"},{\"@type\":\"Organization\",\"@id\":\"https:\\\/\\\/cofionline.org\\\/#organization\",\"name\":\"COFI | Community Organizing and Family Issues\",\"url\":\"https:\\\/\\\/cofionline.org\\\/\",\"logo\":{\"@type\":\"ImageObject\",\"inLanguage\":\"es\",\"@id\":\"https:\\\/\\\/cofionline.org\\\/#\\\/schema\\\/logo\\\/image\\\/\",\"url\":\"https:\\\/\\\/cofionline.org\\\/wp-content\\\/uploads\\\/2022\\\/12\\\/logo-cofi.png\",\"contentUrl\":\"https:\\\/\\\/cofionline.org\\\/wp-content\\\/uploads\\\/2022\\\/12\\\/logo-cofi.png\",\"width\":518,\"height\":180,\"caption\":\"COFI | Community Organizing and Family Issues\"},\"image\":{\"@id\":\"https:\\\/\\\/cofionline.org\\\/#\\\/schema\\\/logo\\\/image\\\/\"}},{\"@type\":\"Person\",\"@id\":\"https:\\\/\\\/cofionline.org\\\/#\\\/schema\\\/person\\\/6e51f2bb4073bd8b0f13434ee335ee42\",\"name\":\"COFI Admin\",\"image\":{\"@type\":\"ImageObject\",\"inLanguage\":\"es\",\"@id\":\"https:\\\/\\\/secure.gravatar.com\\\/avatar\\\/0c7c0f3697878baa5446d2486e6191f02790816cefd45f5e5fdf334162fd47d4?s=96&d=mm&r=g\",\"url\":\"https:\\\/\\\/secure.gravatar.com\\\/avatar\\\/0c7c0f3697878baa5446d2486e6191f02790816cefd45f5e5fdf334162fd47d4?s=96&d=mm&r=g\",\"contentUrl\":\"https:\\\/\\\/secure.gravatar.com\\\/avatar\\\/0c7c0f3697878baa5446d2486e6191f02790816cefd45f5e5fdf334162fd47d4?s=96&d=mm&r=g\",\"caption\":\"COFI Admin\"}}]}<\/script>\n<!-- \/ Yoast SEO plugin. -->","yoast_head_json":{"title":"El copresidente em\u00e9rito de POWER-PAC IL habla sobre la financiaci\u00f3n de las cuentas de ahorro para ni\u00f1os en el peri\u00f3dico Northwestern | COFI","robots":{"index":"index","follow":"follow","max-snippet":"max-snippet:-1","max-image-preview":"max-image-preview:large","max-video-preview":"max-video-preview:-1"},"canonical":"https:\/\/cofionline.org\/es\/power-pac-il-co-president-emeritus-speaks-about-funding-of-child-savings-accounts-in-northwestern-newspaper\/","og_locale":"es_MX","og_type":"article","og_title":"POWER-PAC IL Co-President Emeritus Speaks About Funding of Child Savings Accounts in Northwestern Newspaper | COFI","og_description":"&#8220;Rosazlia Grillier, co-president emeritus of family advocacy and resource center Community Organizing and Family Issues and a parent herself, said during her organization\u2019s advocacy work for children\u2019s savings funds, the group realized there were many barriers to starting college savings accounts. &#8216;529s have always existed, but they weren\u2019t accessible to communities of color or people&#8230; View Article","og_url":"https:\/\/cofionline.org\/es\/power-pac-il-co-president-emeritus-speaks-about-funding-of-child-savings-accounts-in-northwestern-newspaper\/","og_site_name":"COFI","article_published_time":"2022-04-26T20:11:30+00:00","article_modified_time":"2022-11-03T15:49:42+00:00","og_image":[{"width":1200,"height":795,"url":"https:\/\/cofionline.org\/wp-content\/uploads\/2022\/11\/Capture3-1200x795.png","type":"image\/png"}],"author":"COFI Admin","twitter_card":"summary_large_image","twitter_misc":{"Escrito por":"COFI Admin","Tiempo de lectura":"1 minuto"},"schema":{"@context":"https:\/\/schema.org","@graph":[{"@type":"Article","@id":"https:\/\/cofionline.org\/power-pac-il-co-president-emeritus-speaks-about-funding-of-child-savings-accounts-in-northwestern-newspaper\/#article","isPartOf":{"@id":"https:\/\/cofionline.org\/power-pac-il-co-president-emeritus-speaks-about-funding-of-child-savings-accounts-in-northwestern-newspaper\/"},"author":{"name":"COFI Admin","@id":"https:\/\/cofionline.org\/#\/schema\/person\/6e51f2bb4073bd8b0f13434ee335ee42"},"headline":"POWER-PAC IL Co-President Emeritus Speaks About Funding of Child Savings Accounts in Northwestern Newspaper","datePublished":"2022-04-26T20:11:30+00:00","dateModified":"2022-11-03T15:49:42+00:00","mainEntityOfPage":{"@id":"https:\/\/cofionline.org\/power-pac-il-co-president-emeritus-speaks-about-funding-of-child-savings-accounts-in-northwestern-newspaper\/"},"wordCount":226,"publisher":{"@id":"https:\/\/cofionline.org\/#organization"},"image":{"@id":"https:\/\/cofionline.org\/power-pac-il-co-president-emeritus-speaks-about-funding-of-child-savings-accounts-in-northwestern-newspaper\/#primaryimage"},"thumbnailUrl":"https:\/\/cofionline.org\/wp-content\/uploads\/2022\/11\/Capture3.png","articleSection":["In the Media"],"inLanguage":"es"},{"@type":"WebPage","@id":"https:\/\/cofionline.org\/power-pac-il-co-president-emeritus-speaks-about-funding-of-child-savings-accounts-in-northwestern-newspaper\/","url":"https:\/\/cofionline.org\/power-pac-il-co-president-emeritus-speaks-about-funding-of-child-savings-accounts-in-northwestern-newspaper\/","name":"El copresidente em\u00e9rito de POWER-PAC IL habla sobre la financiaci\u00f3n de las cuentas de ahorro para ni\u00f1os en el peri\u00f3dico Northwestern | COFI","isPartOf":{"@id":"https:\/\/cofionline.org\/#website"},"primaryImageOfPage":{"@id":"https:\/\/cofionline.org\/power-pac-il-co-president-emeritus-speaks-about-funding-of-child-savings-accounts-in-northwestern-newspaper\/#primaryimage"},"image":{"@id":"https:\/\/cofionline.org\/power-pac-il-co-president-emeritus-speaks-about-funding-of-child-savings-accounts-in-northwestern-newspaper\/#primaryimage"},"thumbnailUrl":"https:\/\/cofionline.org\/wp-content\/uploads\/2022\/11\/Capture3.png","datePublished":"2022-04-26T20:11:30+00:00","dateModified":"2022-11-03T15:49:42+00:00","breadcrumb":{"@id":"https:\/\/cofionline.org\/power-pac-il-co-president-emeritus-speaks-about-funding-of-child-savings-accounts-in-northwestern-newspaper\/#breadcrumb"},"inLanguage":"es","potentialAction":[{"@type":"ReadAction","target":["https:\/\/cofionline.org\/power-pac-il-co-president-emeritus-speaks-about-funding-of-child-savings-accounts-in-northwestern-newspaper\/"]}]},{"@type":"ImageObject","inLanguage":"es","@id":"https:\/\/cofionline.org\/power-pac-il-co-president-emeritus-speaks-about-funding-of-child-savings-accounts-in-northwestern-newspaper\/#primaryimage","url":"https:\/\/cofionline.org\/wp-content\/uploads\/2022\/11\/Capture3.png","contentUrl":"https:\/\/cofionline.org\/wp-content\/uploads\/2022\/11\/Capture3.png","width":2140,"height":1418,"caption":"A graphic of the outline of Illinois surrounded by pencils, money, hands, and graduation caps symbolizing a new college savings account in Illinois"},{"@type":"BreadcrumbList","@id":"https:\/\/cofionline.org\/power-pac-il-co-president-emeritus-speaks-about-funding-of-child-savings-accounts-in-northwestern-newspaper\/#breadcrumb","itemListElement":[{"@type":"ListItem","position":1,"name":"Home","item":"https:\/\/cofionline.org\/"},{"@type":"ListItem","position":2,"name":"POWER-PAC IL Co-President Emeritus Speaks About Funding of Child Savings Accounts in Northwestern Newspaper"}]},{"@type":"WebSite","@id":"https:\/\/cofionline.org\/#website","url":"https:\/\/cofionline.org\/","name":"COFI | Organizaci\u00f3n comunitaria y asuntos familiares","description":"Organizaci\u00f3n comunitaria y asuntos familiares","publisher":{"@id":"https:\/\/cofionline.org\/#organization"},"potentialAction":[{"@type":"SearchAction","target":{"@type":"EntryPoint","urlTemplate":"https:\/\/cofionline.org\/?s={search_term_string}"},"query-input":{"@type":"PropertyValueSpecification","valueRequired":true,"valueName":"search_term_string"}}],"inLanguage":"es"},{"@type":"Organization","@id":"https:\/\/cofionline.org\/#organization","name":"COFI | Organizaci\u00f3n comunitaria y asuntos familiares","url":"https:\/\/cofionline.org\/","logo":{"@type":"ImageObject","inLanguage":"es","@id":"https:\/\/cofionline.org\/#\/schema\/logo\/image\/","url":"https:\/\/cofionline.org\/wp-content\/uploads\/2022\/12\/logo-cofi.png","contentUrl":"https:\/\/cofionline.org\/wp-content\/uploads\/2022\/12\/logo-cofi.png","width":518,"height":180,"caption":"COFI | Community Organizing and Family Issues"},"image":{"@id":"https:\/\/cofionline.org\/#\/schema\/logo\/image\/"}},{"@type":"Person","@id":"https:\/\/cofionline.org\/#\/schema\/person\/6e51f2bb4073bd8b0f13434ee335ee42","name":"Administrador de COFI","image":{"@type":"ImageObject","inLanguage":"es","@id":"https:\/\/secure.gravatar.com\/avatar\/0c7c0f3697878baa5446d2486e6191f02790816cefd45f5e5fdf334162fd47d4?s=96&d=mm&r=g","url":"https:\/\/secure.gravatar.com\/avatar\/0c7c0f3697878baa5446d2486e6191f02790816cefd45f5e5fdf334162fd47d4?s=96&d=mm&r=g","contentUrl":"https:\/\/secure.gravatar.com\/avatar\/0c7c0f3697878baa5446d2486e6191f02790816cefd45f5e5fdf334162fd47d4?s=96&d=mm&r=g","caption":"COFI Admin"}}]}},"_links":{"self":[{"href":"https:\/\/cofionline.org\/es\/wp-json\/wp\/v2\/posts\/1548","targetHints":{"allow":["GET"]}}],"collection":[{"href":"https:\/\/cofionline.org\/es\/wp-json\/wp\/v2\/posts"}],"about":[{"href":"https:\/\/cofionline.org\/es\/wp-json\/wp\/v2\/types\/post"}],"author":[{"embeddable":true,"href":"https:\/\/cofionline.org\/es\/wp-json\/wp\/v2\/users\/13"}],"replies":[{"embeddable":true,"href":"https:\/\/cofionline.org\/es\/wp-json\/wp\/v2\/comments?post=1548"}],"version-history":[{"count":0,"href":"https:\/\/cofionline.org\/es\/wp-json\/wp\/v2\/posts\/1548\/revisions"}],"wp:featuredmedia":[{"embeddable":true,"href":"https:\/\/cofionline.org\/es\/wp-json\/wp\/v2\/media\/638"}],"wp:attachment":[{"href":"https:\/\/cofionline.org\/es\/wp-json\/wp\/v2\/media?parent=1548"}],"wp:term":[{"taxonomy":"category","embeddable":true,"href":"https:\/\/cofionline.org\/es\/wp-json\/wp\/v2\/categories?post=1548"},{"taxonomy":"post_tag","embeddable":true,"href":"https:\/\/cofionline.org\/es\/wp-json\/wp\/v2\/tags?post=1548"}],"curies":[{"name":"wp","href":"https:\/\/api.w.org\/{rel}","templated":true}]}}